{"id":349045,"date":"2025-08-28T02:57:10","date_gmt":"2025-08-28T02:57:10","guid":{"rendered":"https:\/\/www.europesays.com\/fr\/349045\/"},"modified":"2025-08-28T02:57:10","modified_gmt":"2025-08-28T02:57:10","slug":"negociations-votes-et-dissolution-ce-quil-faut-retenir-de-linterview-de-francois-bayrou-au-20-heures-de-tf1","status":"publish","type":"post","link":"https:\/\/www.europesays.com\/fr\/349045\/","title":{"rendered":"N\u00e9gociations, votes et dissolution&#8230; ce qu\u2019il faut retenir de l\u2019interview de Fran\u00e7ois Bayrou au 20 Heures de TF1"},"content":{"rendered":"<p class=\"paragraph text_align_left lp-f-body-02\">Une nouvelle mise au point. Deux jours apr\u00e8s avoir annonc\u00e9, lors d\u2019une conf\u00e9rence de presse sur le budget, qu\u2019il allait demander <a href=\"https:\/\/www.leparisien.fr\/politique\/vote-de-confiance-le-gouvernement-bayrou-tombe-si-25-08-2025-UAYAKDI5BJBRPA33Q4X6GBYECM.php\" target=\"_blank\" rel=\"noreferrer nofollow noopener\">un vote de confiance \u00e0 l\u2019Assembl\u00e9e nationale<\/a> le 8 septembre prochain, condamnant sans doute son gouvernement \u00e0 la chute, <a href=\"https:\/\/www.leparisien.fr\/politique\/francois-bayrou\/\" target=\"_blank\" rel=\"noreferrer nofollow noopener\">Fran\u00e7ois Bayrou<\/a> \u00e9tait l\u2019invit\u00e9 du 20 Heures de TF1 ce mercredi. Issue du vote, possibles n\u00e9gociations&#8230; Voici ce qu\u2019il faut retenir de son interview. <\/p>\n<p>Une certaine lucidit\u00e9 sur l\u2019issue du vote<\/p>\n<p class=\"paragraph text_align_left lp-f-body-02\">\u00ab Aujourd\u2019hui, a priori, <a href=\"https:\/\/www.leparisien.fr\/politique\/vote-de-confiance-le-gouvernement-bayrou-tombe-si-25-08-2025-UAYAKDI5BJBRPA33Q4X6GBYECM.php\" target=\"_blank\" rel=\"noreferrer nofollow noopener\">on ne peut pas obtenir la confiance<\/a>, mais on sait qu\u2019il n\u2019y a pas de majorit\u00e9 depuis longtemps \u00bb, a conc\u00e9d\u00e9 le Premier ministre au d\u00e9but de son interview. \u00ab Je ne veux pas passer en force. Le gouvernement est le d\u00e9fenseur des fran\u00e7ais \u00bb, a-t-il poursuivi. <\/p>\n<p class=\"paragraph text_align_left lp-f-body-02\">\u00ab LFI, le RN et le PS vont ensemble, alors qu\u2019ils sont antagonistes sur les sujets, (&#8230;) renverser le gouvernement. Est-ce que c\u2019est bien pour la France ? \u00bb, s\u2019est ensuite interrog\u00e9 Fran\u00e7ois Bayrou, s\u2019en prenant aux oppositions. <\/p>\n<p>Les chefs de parti convi\u00e9s \u00e0 Matignon<\/p>\n<p class=\"paragraph text_align_left lp-f-body-02\"><a href=\"https:\/\/www.leparisien.fr\/politique\/direct-vote-de-confiance-le-gouvernement-a-lelysee-pour-un-conseil-des-ministres-de-rentree-francois-bayrou-au-20-heures-de-tf1-27-08-2025-RBL33IU7FFDAHCMRDBZRRYXO2E.php#5f79a1dc-ab68-403b-a9f1-83a6137b8cd2\" target=\"_blank\" rel=\"noreferrer nofollow noopener\">C\u2019\u00e9tait dans l\u2019air depuis le milieu de l\u2019apr\u00e8s-midi<\/a>, Fran\u00e7ois Bayrou l\u2019a confirm\u00e9 mercredi soir. Le Premier ministre va proposer \u00e0 tous les chefs de parti et pr\u00e9sidents de groupes parlementaires une rencontre \u00e0 Matignon, et ce \u00e0 partir de lundi prochain. <\/p>\n<p class=\"paragraph text_align_left lp-f-body-02\">\u00ab Si cette question (de discuter avec les partis) est vraiment ouverte, je les re\u00e7ois lundi \u00bb, a simplement confirm\u00e9 Fran\u00e7ois Bayrou sur le plateau de TF1. Pourquoi ne pas les avoir re\u00e7u plus t\u00f4t ? \u00ab Ils \u00e9taient en vacances \u00bb, a alors gliss\u00e9, en souriant, le Premier ministre \u2014 quelques mots qui feront sans doute r\u00e9agir. <\/p>\n<p>Fran\u00e7ois Bayrou pr\u00eat \u00e0 n\u00e9gocier ? <\/p>\n<p class=\"paragraph text_align_left lp-f-body-02\">Interrog\u00e9 sur un possible retour en arri\u00e8re sur plusieurs mesures annonc\u00e9es mi-juillet, <a href=\"https:\/\/www.leparisien.fr\/politique\/suppression-de-jours-feries-odieux-hors-sol-chez-les-politiques-des-oppositions-tous-azimuts-24-08-2025-NQDZQZ34DFEK5EXHH3XVEDCPTY.php\" target=\"_blank\" rel=\"noreferrer nofollow noopener\">comme la suppression de deux jours f\u00e9ri\u00e9s<\/a>, Fran\u00e7ois Bayrou a sembl\u00e9 ouvert aux discussions. <\/p>\n<p class=\"paragraph text_align_left lp-f-body-02\">\u00ab Sur tous les sujets je suis pr\u00eat \u00e0 discuter (&#8230;) mesure par mesure \u00bb, a ainsi assur\u00e9 le locataire de Matignon. \u00ab Sauf sur un : c\u2019est l\u2019effort qu\u2019on doit faire pour que la France choisisse la trajectoire de sortir du surendettement \u00bb, a-t-il ensuite poursuivi.<\/p>\n<p class=\"paragraph text_align_left lp-f-body-02\">\u00ab Nous n\u2019avons pas ouvert de n\u00e9gociations parce qu\u2019il y\u2019a une question \u00e0 poser avant : est-ce qu\u2019on d\u2019accord <a href=\"https:\/\/www.leparisien.fr\/economie\/vote-de-confiance-pourquoi-la-dette-pourrait-etre-la-grande-perdante-en-cas-de-chute-du-gouvernement-bayrou-26-08-2025-NR267ADBFJBM7OVRUAN2ONXT3Y.php\" target=\"_blank\" rel=\"noreferrer nofollow noopener\">sur la gravit\u00e9 des choses<\/a> ? \u00bb, a \u00e9galement lanc\u00e9 Fran\u00e7ois Bayrou, pour justifier l\u2019absence de n\u00e9gociations plus t\u00f4t. \u00ab Si on est d\u2019accord, on a un mois apr\u00e8s jusqu\u2019\u00e0 la pr\u00e9sentation du budget \u00bb, qui se tiendrait d\u00e9but octobre.<\/p>\n<p class=\"paragraph text_align_left lp-f-body-02\">Mardi soir, <a href=\"https:\/\/www.leparisien.fr\/politique\/jordan-bardella\/\" target=\"_blank\" rel=\"noreferrer nofollow noopener\">Jordan Bardella<\/a> avait affirm\u00e9 sur le plateau de TF1 que le RN allait voter \u00ab contre \u00bb le gouvernement, et ce m\u00eame apr\u00e8s d\u2019\u00e9ventuelles n\u00e9gociations avec Fran\u00e7ois Bayrou d\u2019ici le 8 septembre. <\/p>\n<p>Bayrou ne \u00ab croit pas \u00bb \u00e0 l\u2019int\u00e9r\u00eat d\u2019une nouvelle dissolution<\/p>\n<p class=\"paragraph text_align_left lp-f-body-02\">En fin de journal, le Premier ministre a \u00e9t\u00e9 interrog\u00e9 sur l\u2019int\u00e9r\u00eat d\u2019une nouvelle dissolution, souhait\u00e9e notamment par le Rassemblement national. \u00ab Je ne crois pas \u00bb qu\u2019un tel scenario \u00ab nous permettrait d\u2019avoir une stabilit\u00e9 \u00bb pour le pays, a-t-il affirm\u00e9, mettant sur le m\u00eame plan les ambitions de l\u2019extr\u00eame-gauche et de l\u2019extr\u00eame-droite. <\/p>\n","protected":false},"excerpt":{"rendered":"Une nouvelle mise au point. Deux jours apr\u00e8s avoir annonc\u00e9, lors d\u2019une conf\u00e9rence de presse sur le budget,&hellip;\n","protected":false},"author":2,"featured_media":349046,"comment_status":"","ping_status":"","sticky":false,"template":"","format":"standard","meta":{"footnotes":""},"categories":[1888],"tags":[1111,1928,11,1927,1777,674,1011,27,12,1926,626,1925,316,25],"class_list":{"0":"post-349045","1":"post","2":"type-post","3":"status-publish","4":"format-standard","5":"has-post-thumbnail","7":"category-paris","8":"tag-actu","9":"tag-actu-paris","10":"tag-actualites","11":"tag-actualites-paris","12":"tag-eu","13":"tag-europe","14":"tag-fr","15":"tag-france","16":"tag-news","17":"tag-news-paris","18":"tag-paris","19":"tag-paris-news","20":"tag-politique","21":"tag-republique-francaise"},"share_on_mastodon":{"url":"https:\/\/pubeurope.com\/@fr\/115104149892505634","error":""},"_links":{"self":[{"href":"https:\/\/www.europesays.com\/fr\/wp-json\/wp\/v2\/posts\/349045","targetHints":{"allow":["GET"]}}],"collection":[{"href":"https:\/\/www.europesays.com\/fr\/wp-json\/wp\/v2\/posts"}],"about":[{"href":"https:\/\/www.europesays.com\/fr\/wp-json\/wp\/v2\/types\/post"}],"author":[{"embeddable":true,"href":"https:\/\/www.europesays.com\/fr\/wp-json\/wp\/v2\/users\/2"}],"replies":[{"embeddable":true,"href":"https:\/\/www.europesays.com\/fr\/wp-json\/wp\/v2\/comments?post=349045"}],"version-history":[{"count":0,"href":"https:\/\/www.europesays.com\/fr\/wp-json\/wp\/v2\/posts\/349045\/revisions"}],"wp:featuredmedia":[{"embeddable":true,"href":"https:\/\/www.europesays.com\/fr\/wp-json\/wp\/v2\/media\/349046"}],"wp:attachment":[{"href":"https:\/\/www.europesays.com\/fr\/wp-json\/wp\/v2\/media?parent=349045"}],"wp:term":[{"taxonomy":"category","embeddable":true,"href":"https:\/\/www.europesays.com\/fr\/wp-json\/wp\/v2\/categories?post=349045"},{"taxonomy":"post_tag","embeddable":true,"href":"https:\/\/www.europesays.com\/fr\/wp-json\/wp\/v2\/tags?post=349045"}],"curies":[{"name":"wp","href":"https:\/\/api.w.org\/{rel}","templated":true}]}}