{"id":349054,"date":"2025-08-28T03:02:25","date_gmt":"2025-08-28T03:02:25","guid":{"rendered":"https:\/\/www.europesays.com\/fr\/349054\/"},"modified":"2025-08-28T03:02:25","modified_gmt":"2025-08-28T03:02:25","slug":"du-burlesque-a-la-maison-blanche","status":"publish","type":"post","link":"https:\/\/www.europesays.com\/fr\/349054\/","title":{"rendered":"Du burlesque \u00e0 la Maison-Blanche"},"content":{"rendered":"<p><strong>Il y a six mois, Volodymyr Zelensky sortait humili\u00e9 de la Maison-Blanche, accus\u00e9 par Trump et JD Vance d\u2019\u00eatre responsable de la guerre en Ukraine. La le\u00e7on, il l\u2019a retenue. Et il a compris le message.<\/strong>\u00a0<\/p>\n<p>Devant Trump et les chefs d\u2019\u00c9tat r\u00e9unis \u00e0 Washington pour discuter des efforts am\u00e9ricains en vue de mettre fin au conflit, il s\u2019est pli\u00e9 \u00e0 l\u2019exercice : en quatre minutes et demie, il a remerci\u00e9 Trump onze fois. Pour avoir organis\u00e9 la rencontre, pour la conversation, pour lui avoir pr\u00e9sent\u00e9 des personnalit\u00e9s importantes, m\u00eame pour une carte g\u00e9ographique offerte comme un bibelot. La sc\u00e8ne frisait la com\u00e9die.<\/p>\n<p>Et il n\u2019\u00e9tait pas seul : les autres participants, les uns apr\u00e8s les autres, ont eux aussi r\u00e9cit\u00e9 leur hommage au \u00ab leadership \u00bb de Trump. On se serait cru dans une pi\u00e8ce de th\u00e9\u00e2tre mal jou\u00e9e, o\u00f9 chacun conna\u00eet son r\u00f4le : flatter le ma\u00eetre de c\u00e9r\u00e9monie. Cette premi\u00e8re partie de la r\u00e9union tenait du burlesque.<\/p>\n<p>Pendant ce temps, \u00e0 Moscou, Vladimir Poutine savourait sa r\u00e9habilitation diplomatique offerte quelques jours plus t\u00f4t par Trump qui l\u2019a re\u00e7u en grand en Alaska, lui permettant de sortir de l\u2019isolement international et de revenir en force sur la sc\u00e8ne mondiale. Et ce, malgr\u00e9 le mandat d\u2019arr\u00eat de la CPI. Pendant ce temps, l\u2019arm\u00e9e russe, elle, redoublait ses bombardements.<\/p>\n<p>Install\u00e9 \u00e0 la table des grands, b\u00e9n\u00e9ficiant de tous les \u00e9gards et tout le d\u00e9corum d\u2019une mise en sc\u00e8ne soign\u00e9e (tapis rouge, limousine pr\u00e9sidentielle am\u00e9ricaine, avions militaires, etc.), Poutine a r\u00e9colt\u00e9 ce qu\u2019il voulait : une victoire symbolique. Il m\u00e9nage Trump, mais ne c\u00e8de rien et ses positions maximalistes restent inchang\u00e9es.<\/p>\n<p>Ses exigences \u2013 neutralit\u00e9 forc\u00e9e de l\u2019Ukraine, abandon du Donbas \u2013 ont \u00e9t\u00e9 pos\u00e9es sans concession, \u00e0 part peut-\u00eatre un simple gel des lignes de front ailleurs. Il va sans dire que ces demandes suscitent une forte opposition, notamment de la part de l\u2019UE, qui les consid\u00e8re comme un pi\u00e8ge visant \u00e0 l\u00e9gitimer les progr\u00e8s territoriaux.<\/p>\n<p>R\u00e9sultat? Aucun. Pas de tr\u00eave, pas d\u2019accord. Juste un Trump qui passe de \u00ab cessez-le-feu imm\u00e9diat \u00bb \u00e0 un vague \u00ab accord de paix global \u00bb, sans engagement clair sur les sanctions, sans vision. Sur la sc\u00e8ne internationale la rencontre Trump \u2013 Poutine a \u00e9t\u00e9 jug\u00e9e comme un <strong>\u00e9chec diplomatique pour les \u00c9tats-Unis<\/strong>, qui n\u2019ont pas d\u00e9fendu les int\u00e9r\u00eats ukrainiens de mani\u00e8re ferme, tandis que Poutine a b\u00e9n\u00e9fici\u00e9 d\u2019une tribune favorable.<\/p>\n<p>Et c\u2019est l\u00e0 tout le drame : certains commentateurs estiment qu\u2019\u00e0 l\u2019\u00e8re Trump, la diplomatie se r\u00e9duit \u00e0 la mise en sc\u00e8ne o\u00f9 on confond l\u2019apparence de dialogue avec le contenu, le spectacle avec le r\u00e9sultat. Ceci amplifie la l\u00e9gitimit\u00e9 de dirigeants adverses. Poutine, lui, conna\u00eet la musique : il joue la corde de la puissance, et Trump lui offre la sc\u00e8ne pour donner son spectacle.<\/p>\n<p>Cette guerre, l\u2019une des plus sanglantes de l\u2019histoire, a d\u00e9j\u00e0 co\u00fbt\u00e9 pr\u00e8s d\u2019un million de vies civiles et militaires. Si Trump parvenait \u00e0 arracher ne serait-ce qu\u2019un cessez-le-feu, je serais le premier \u00e0 l\u2019applaudir. Mais il est illusoire d\u2019attendre des concessions d\u2019un Poutine qui croit dur comme fer, et plus que jamais, que l\u2019Ukraine appartient \u00e0 la grande Russie.<\/p>\n","protected":false},"excerpt":{"rendered":"Il y a six mois, Volodymyr Zelensky sortait humili\u00e9 de la Maison-Blanche, accus\u00e9 par Trump et JD Vance&hellip;\n","protected":false},"author":2,"featured_media":349055,"comment_status":"","ping_status":"","sticky":false,"template":"","format":"standard","meta":{"footnotes":""},"categories":[1590],"tags":[11,1777,674,12,220],"class_list":{"0":"post-349054","1":"post","2":"type-post","3":"status-publish","4":"format-standard","5":"has-post-thumbnail","7":"category-ukraine","8":"tag-actualites","9":"tag-eu","10":"tag-europe","11":"tag-news","12":"tag-ukraine"},"share_on_mastodon":{"url":"https:\/\/pubeurope.com\/@fr\/115104169597361724","error":""},"_links":{"self":[{"href":"https:\/\/www.europesays.com\/fr\/wp-json\/wp\/v2\/posts\/349054","targetHints":{"allow":["GET"]}}],"collection":[{"href":"https:\/\/www.europesays.com\/fr\/wp-json\/wp\/v2\/posts"}],"about":[{"href":"https:\/\/www.europesays.com\/fr\/wp-json\/wp\/v2\/types\/post"}],"author":[{"embeddable":true,"href":"https:\/\/www.europesays.com\/fr\/wp-json\/wp\/v2\/users\/2"}],"replies":[{"embeddable":true,"href":"https:\/\/www.europesays.com\/fr\/wp-json\/wp\/v2\/comments?post=349054"}],"version-history":[{"count":0,"href":"https:\/\/www.europesays.com\/fr\/wp-json\/wp\/v2\/posts\/349054\/revisions"}],"wp:featuredmedia":[{"embeddable":true,"href":"https:\/\/www.europesays.com\/fr\/wp-json\/wp\/v2\/media\/349055"}],"wp:attachment":[{"href":"https:\/\/www.europesays.com\/fr\/wp-json\/wp\/v2\/media?parent=349054"}],"wp:term":[{"taxonomy":"category","embeddable":true,"href":"https:\/\/www.europesays.com\/fr\/wp-json\/wp\/v2\/categories?post=349054"},{"taxonomy":"post_tag","embeddable":true,"href":"https:\/\/www.europesays.com\/fr\/wp-json\/wp\/v2\/tags?post=349054"}],"curies":[{"name":"wp","href":"https:\/\/api.w.org\/{rel}","templated":true}]}}