{"id":349056,"date":"2025-08-28T03:03:15","date_gmt":"2025-08-28T03:03:15","guid":{"rendered":"https:\/\/www.europesays.com\/fr\/349056\/"},"modified":"2025-08-28T03:03:15","modified_gmt":"2025-08-28T03:03:15","slug":"apres-la-tuerie-a-minneapolis-pourquoi-le-fbi-enquete-sur-un-acte-de-terrorisme","status":"publish","type":"post","link":"https:\/\/www.europesays.com\/fr\/349056\/","title":{"rendered":"Apr\u00e8s la tuerie \u00e0 Minneapolis, pourquoi le FBI enqu\u00eate sur \u00ab\u00a0un acte de terrorisme\u00a0\u00bb"},"content":{"rendered":"<p>        <img decoding=\"async\" loading=\"lazy\" src=\"https:\/\/www.europesays.com\/fr\/wp-content\/uploads\/2025\/08\/f664b7b_upload-1-fn4z3t10ahmm-063-2231683398.jpg\"  width=\"728\" height=\"409\" alt=\"Un tireur a ouvert le feu ce mercredi 27\u00a0ao\u00fbt dans une \u00e9glise de Minneapolis attenante \u00e0 une \u00e9cole catholique, dans le nord des \u00c9tats-Unis.\"\/>  <\/p>\n<p>STEPHEN MATUREN \/ Getty Images via AFP<\/p>\n<p>Un tireur a ouvert le feu ce mercredi 27\u00a0ao\u00fbt dans une \u00e9glise de Minneapolis attenante \u00e0 une \u00e9cole catholique, dans le nord des \u00c9tats-Unis.<\/p>\n<p class=\"asset asset-text\">\u00c9TATS-UNIS &#8211; Le \u00ab\u00a0Minnesota a le c\u0153ur bris\u00e9\u00a0\u00bb. Une <a href=\"https:\/\/www.huffingtonpost.fr\/international\/article\/minnesota-apres-le-meurtre-de-l-elue-melissa-hortman-les-details-terrifiants-sur-le-passage-a-l-acte-du-tueur_251469.html\" target=\"_blank\" rel=\"noopener\">tireuse <\/a>a ouvert le feu ce mercredi 27\u00a0ao\u00fbt dans une \u00e9glise de Minneapolis attenante \u00e0 une \u00e9cole catholique, dans le nord des <a href=\"https:\/\/www.huffingtonpost.fr\/international\/article\/pourquoi-donald-trump-veut-attaquer-le-milliardaire-george-soros-et-son-fils-en-justice_254082.html\" target=\"_blank\" rel=\"noopener\">\u00c9tats-Unis<\/a>, tuant deux enfants et en blessant des dizaines d\u2019autres. La police f\u00e9d\u00e9rale am\u00e9ricaine, le\u00a0<a href=\"https:\/\/www.huffingtonpost.fr\/international\/article\/sous-donald-trump-le-fbi-utilise-le-detecteur-de-mensonges-pour-evaluer-la-loyaute-des-employes_252486.html\" target=\"_blank\" rel=\"noopener\">FBI<\/a>, a annonc\u00e9 ouvrir une enqu\u00eate consid\u00e9rant les faits comme un \u00ab\u00a0acte de terrorisme int\u00e9rieur\u00a0\u00bb.<\/p>\n<p class=\"asset asset-text\">Le FBI explique de fait qu\u2019il s\u2019agit d\u2019\u00ab\u00a0un crime motiv\u00e9 par la haine visant les catholiques\u00a0\u00bb. Le patron de cette agence f\u00e9d\u00e9rale, Kash Patel, ajoute sur X (ex-Twitter) que la personne suspect\u00e9e  a \u00e9t\u00e9 identifi\u00e9e comme \u00e9tant \u00ab\u00a0Robin Westman, n\u00e9e sous le nom de Robert Westman\u00a0\u00bb.<\/p>\n<p class=\"asset asset-text\">La police de Minneapolis a d\u00e9clar\u00e9 que la tireuse, \u00e2g\u00e9e d\u2019une vingtaine d\u2019ann\u00e9es, avait agi seule et n\u2019avait pas d\u2019ant\u00e9c\u00e9dents judiciaires connus.<\/p>\n<p>    Le tireur s\u2019est suicid\u00e9    <\/p>\n<p class=\"asset asset-text\">L\u2019assaillante a tir\u00e9 \u00e0 travers les fen\u00eatres de l\u2019\u00e9glise \u00e0 8\u00a0h\u00a030 du matin, alors que les \u00e9l\u00e8ves assistaient \u00e0 la messe pendant les premiers jours de l\u2019ann\u00e9e scolaire, a d\u00e9clar\u00e9 la police. Elle portait trois armes \u00e0 feu et s\u2019est suicid\u00e9e sur le lieu de l\u2019attaque, selon la m\u00eame source.\u00a0Selon les enqu\u00eateurs, elle a tir\u00e9 \u00e0 des dizaines de reprise.<\/p>\n<p class=\"asset asset-text\">\u00ab\u00a0Deux jeunes enfants, de 8 et 10\u00a0ans, ont \u00e9t\u00e9 tu\u00e9s alors qu\u2019ils \u00e9taient assis sur les bancs de l\u2019\u00e9glise\u00a0\u00bb, a ajout\u00e9 Brian O\u2019Hara, ajoutant que 17 personnes avaient \u00e9t\u00e9 bless\u00e9es dont 14 enfants.<\/p>\n<p class=\"asset asset-text\">Un m\u00e9decin de l\u2019h\u00f4pital Hennepin Healthcare a pr\u00e9cis\u00e9 avoir pris en charge 11 patients dont deux adultes et neuf enfants entre 6 et 14\u00a0ans. Quatre d\u2019entre eux ont \u00e9t\u00e9 op\u00e9r\u00e9s en urgence.<\/p>\n<p class=\"asset asset-text\">Le \u00ab\u00a0Minnesota a le c\u0153ur bris\u00e9\u00a0\u00bb, a \u00e9crit sur X le gouverneur de cet \u00c9tat, Tim Walz. \u00ab\u00a0Des agents de police qui ont \u00e9t\u00e9 d\u00e9p\u00each\u00e9s, aux membres du clerg\u00e9 et aux enseignants qui r\u00e9confortent, en passant par les soignants \u00e0 l\u2019h\u00f4pital qui sauvent des vies, nous traverserons cette \u00e9preuve ensemble\u00a0\u00bb, a-t-il d\u00e9clar\u00e9, avant d\u2019ajouter\u00a0: \u00ab\u00a0Serrez fort vos enfants dans vos bras\u00a0\u00bb.<\/p>\n<p>                     Une attaque \u00ab\u00a0tragique\u00a0\u00bb, affirme Trump    <\/p>\n<p class=\"asset asset-text\">Des images en direct ont montr\u00e9 des parents paniqu\u00e9s venant chercher leurs enfants et quittant les lieux.<\/p>\n<p class=\"asset asset-text\">\u00ab\u00a0Il s\u2019agit d\u2019un acte de violence d\u00e9lib\u00e9r\u00e9e contre des enfants innocents et d\u2019autres personnes venues prier. La cruaut\u00e9 et la l\u00e2chet\u00e9 dont il faut faire preuve pour tirer dans une \u00e9glise remplie d\u2019enfants est absolument incompr\u00e9hensible\u00a0\u00bb, a ajout\u00e9 le chef de la police, pr\u00e9cisant qu\u2019une enqu\u00eate \u00e9tait en cours pour tenter de d\u00e9finir un mobile. \u00ab\u00a0Nous avons le c\u0153ur bris\u00e9 pour les familles qui ont perdu leurs enfants, pour ces jeunes vies qui luttent pour survivre et pour les habitants qui sont traumatis\u00e9s par cette attaque insens\u00e9e\u00a0\u00bb, a-t-il ajout\u00e9.<\/p>\n<p class=\"asset asset-text\">\u00ab\u00a0C\u2019\u00e9tait la premi\u00e8re semaine d\u2019\u00e9cole. Ils \u00e9taient dans une \u00e9glise. Ce sont des enfants qui devraient \u00eatre en train d\u2019apprendre avec leurs amis\u00a0\u00bb, a d\u00e9clar\u00e9 aux journalistes le maire de\u00a0Minneapolis, Jacob Frey. \u00ab\u00a0Ils devraient \u00eatre en train de jouer dans la cour de r\u00e9cr\u00e9ation. Ils devraient pouvoir aller \u00e0 l\u2019\u00e9cole ou \u00e0 l\u2019\u00e9glise en toute tranquillit\u00e9, sans craindre ou \u00eatre victime de violences\u00a0\u00bb, a-t-il ajout\u00e9.<\/p>\n<p class=\"asset asset-text\">Donald Trump a d\u00e9clar\u00e9 mercredi avoir \u00e9t\u00e9 \u00ab\u00a0pleinement inform\u00e9\u00a0\u00bb de la \u00ab\u00a0tragique\u00a0\u00bb attaque. \u00ab\u00a0La Maison Blanche va continuer \u00e0 suivre cette terrible situation\u00a0\u00bb, a-t-il ajout\u00e9 sur sa plateforme Truth Social. Dans une d\u00e9claration, le pr\u00e9sident am\u00e9ricain a ensuite demand\u00e9 \u00e0 ce que les drapeaux soient mis en berne jusqu\u2019au 31\u00a0ao\u00fbt.<\/p>\n<p class=\"asset asset-text\">Cette ann\u00e9e, au moins 287 tueries de masse, d\u00e9finies comme faisant au moins quatre morts ou bless\u00e9s, ont eu lieu aux \u00c9tats-Unis, selon l\u2019ONG Gun Violence Archive.<\/p>\n","protected":false},"excerpt":{"rendered":"STEPHEN MATUREN \/ Getty Images via AFP Un tireur a ouvert le feu ce mercredi 27\u00a0ao\u00fbt dans une&hellip;\n","protected":false},"author":2,"featured_media":349057,"comment_status":"","ping_status":"","sticky":false,"template":"","format":"standard","meta":{"footnotes":""},"categories":[1589],"tags":[11,73,1866,18120,14,12,14695,1864,1865,1863,308],"class_list":{"0":"post-349056","1":"post","2":"type-post","3":"status-publish","4":"format-standard","5":"has-post-thumbnail","7":"category-etats-unis","8":"tag-actualites","9":"tag-etats-unis","10":"tag-etats-unis-damerique","11":"tag-fbi","12":"tag-international","13":"tag-news","14":"tag-tuerie","15":"tag-united-states","16":"tag-united-states-of-america","17":"tag-us","18":"tag-usa"},"share_on_mastodon":{"url":"https:\/\/pubeurope.com\/@fr\/115104173551761483","error":""},"_links":{"self":[{"href":"https:\/\/www.europesays.com\/fr\/wp-json\/wp\/v2\/posts\/349056","targetHints":{"allow":["GET"]}}],"collection":[{"href":"https:\/\/www.europesays.com\/fr\/wp-json\/wp\/v2\/posts"}],"about":[{"href":"https:\/\/www.europesays.com\/fr\/wp-json\/wp\/v2\/types\/post"}],"author":[{"embeddable":true,"href":"https:\/\/www.europesays.com\/fr\/wp-json\/wp\/v2\/users\/2"}],"replies":[{"embeddable":true,"href":"https:\/\/www.europesays.com\/fr\/wp-json\/wp\/v2\/comments?post=349056"}],"version-history":[{"count":0,"href":"https:\/\/www.europesays.com\/fr\/wp-json\/wp\/v2\/posts\/349056\/revisions"}],"wp:featuredmedia":[{"embeddable":true,"href":"https:\/\/www.europesays.com\/fr\/wp-json\/wp\/v2\/media\/349057"}],"wp:attachment":[{"href":"https:\/\/www.europesays.com\/fr\/wp-json\/wp\/v2\/media?parent=349056"}],"wp:term":[{"taxonomy":"category","embeddable":true,"href":"https:\/\/www.europesays.com\/fr\/wp-json\/wp\/v2\/categories?post=349056"},{"taxonomy":"post_tag","embeddable":true,"href":"https:\/\/www.europesays.com\/fr\/wp-json\/wp\/v2\/tags?post=349056"}],"curies":[{"name":"wp","href":"https:\/\/api.w.org\/{rel}","templated":true}]}}