{"id":349060,"date":"2025-08-28T03:05:23","date_gmt":"2025-08-28T03:05:23","guid":{"rendered":"https:\/\/www.europesays.com\/fr\/349060\/"},"modified":"2025-08-28T03:05:23","modified_gmt":"2025-08-28T03:05:23","slug":"lallemagne-renforce-sa-defense-avec-un-projet-de-loi-sur-le-service-militaire-volontaire-business-am","status":"publish","type":"post","link":"https:\/\/www.europesays.com\/fr\/349060\/","title":{"rendered":"L&rsquo;Allemagne renforce sa d\u00e9fense avec un projet de loi sur le service militaire volontaire &#8211; Business AM"},"content":{"rendered":"<p>                    <img decoding=\"async\" style=\"aspect-ratio:16\/9\" src=\"https:\/\/www.europesays.com\/fr\/wp-content\/uploads\/2025\/08\/Collage-Maker-02-Feb-2023-09.04-AM-1675325100.webp\" width=\"100%\" loading=\"eager\"\/><\/p>\n<p>                            <a href=\"https:\/\/fr.businessam.be\/author\/redactie\/\" class=\"author-thumbnail\" style=\"border: 2px inset #00000099;\" rel=\"nofollow noopener\" target=\"_blank\"><img loading=\"lazy\" decoding=\"async\" src=\"https:\/\/www.europesays.com\/fr\/wp-content\/uploads\/2025\/08\/1756350323_183_cropped-favicon-192x192.png\" width=\"80\" height=\"80\" alt=\"Business AM\"\/><\/a>\ue05bpar <a href=\"https:\/\/fr.businessam.be\/author\/redactie\/\" rel=\"nofollow noopener\" target=\"_blank\">Business AM<\/a><br \/>\ue010publi\u00e9 le mercredi 27 ao\u00fbt 2025 \u00e0 22:33 \u2022 <br \/>\ue00c2 min de lecture<\/p>\n<p>Principaux renseignements<\/p>\n<ul class=\"wp-block-list\">\n<li><strong>Le cabinet allemand a approuv\u00e9 un projet de loi proposant un service militaire volontaire pour renforcer la d\u00e9fense nationale.<\/strong><\/li>\n<li><strong>L\u2019Allemagne a pour objectif d\u2019augmenter le nombre de r\u00e9servistes form\u00e9s et d\u2019\u00e9largir les rangs du personnel actif.<\/strong><\/li>\n<li><strong>Le service militaire obligatoire reste une option si les objectifs de recrutement ne sont pas atteints.<\/strong><\/li>\n<\/ul>\n<p>L\u2019Allemagne prend des mesures pour renforcer sa d\u00e9fense nationale, en partie en raison de l\u2019attitude de plus en plus agressive de la <a href=\"https:\/\/fr.businessam.be\/orban-qualifie-la-russie-de-vainqueur-de-la-guerre-en-ukraine-et-essuie-de-vives-critiques\/\" rel=\"nofollow noopener\" target=\"_blank\">Russie<\/a>. Un projet de loi proposant un service militaire volontaire a \u00e9t\u00e9 approuv\u00e9 par le cabinet allemand. Cette initiative vise \u00e0 r\u00e9pondre aux pr\u00e9occupations croissantes en mati\u00e8re de s\u00e9curit\u00e9 et \u00e0 moderniser les capacit\u00e9s de d\u00e9fense de l\u2019Allemagne.<\/p>\n<p>Encourager les r\u00e9servistes et le personnel actif<\/p>\n<p>L\u2019objectif principal du projet de loi est d\u2019augmenter consid\u00e9rablement le nombre de r\u00e9servistes entra\u00een\u00e9s. Dans le m\u00eame temps, il vise \u00e0 \u00e9largir les rangs du personnel actif. L\u2019Allemagne souhaite atteindre les objectifs de l\u2019OTAN en mati\u00e8re d\u2019effectifs au d\u00e9but des ann\u00e9es 2030. Le plan pr\u00e9voit de recruter jusqu\u2019\u00e0 38 000 volontaires par an d\u2019ici l\u00e0.<\/p>\n<p>Service obligatoire reste une option<\/p>\n<p>Si le recrutement volontaire ne permet pas d\u2019atteindre ces objectifs ambitieux, le gouvernement a laiss\u00e9 ouverte la possibilit\u00e9 de r\u00e9tablir le service militaire obligatoire.  Cela souligne le s\u00e9rieux avec lequel l\u2019Allemagne consid\u00e8re ses obligations en mati\u00e8re de s\u00e9curit\u00e9 nationale face \u00e0 un environnement international instable.<\/p>\n<p>La Bundeswehr, les forces arm\u00e9es allemandes, s\u2019emploie activement \u00e0 renforcer son attrait en tant qu\u2019employeur afin d\u2019attirer les volontaires n\u00e9cessaires. Le projet de loi doit maintenant faire l\u2019objet d\u2019un examen parlementaire, o\u00f9 il pourrait se heurter \u00e0 des difficult\u00e9s avant de devenir une loi. (jv)<\/p>\n<p><a href=\"https:\/\/portalfr.businessam.be\/plans\/business-am-fr-offre-dete\/\" target=\"_blank\" rel=\"noreferrer noopener nofollow\">Si vous souhaitez acc\u00e9der \u00e0 tous les articles, abonnez-vous ici!<\/a><\/p>\n","protected":false},"excerpt":{"rendered":"\ue05bpar Business AM\ue010publi\u00e9 le mercredi 27 ao\u00fbt 2025 \u00e0 22:33 \u2022 \ue00c2 min de lecture Principaux renseignements Le&hellip;\n","protected":false},"author":2,"featured_media":5479,"comment_status":"","ping_status":"","sticky":false,"template":"","format":"standard","meta":{"footnotes":""},"categories":[1587],"tags":[11,672,1804,7694,1805,554,1803,18087,1777,674,1801,12,1802],"class_list":{"0":"post-349060","1":"post","2":"type-post","3":"status-publish","4":"format-standard","5":"has-post-thumbnail","7":"category-allemagne","8":"tag-actualites","9":"tag-allemagne","10":"tag-bundesrepublik-deutschland","11":"tag-bundeswehr","12":"tag-de","13":"tag-defense","14":"tag-deutschland","15":"tag-etranger","16":"tag-eu","17":"tag-europe","18":"tag-germany","19":"tag-news","20":"tag-republique-federale-dallemagne"},"share_on_mastodon":{"url":"https:\/\/pubeurope.com\/@fr\/115104181536383340","error":""},"_links":{"self":[{"href":"https:\/\/www.europesays.com\/fr\/wp-json\/wp\/v2\/posts\/349060","targetHints":{"allow":["GET"]}}],"collection":[{"href":"https:\/\/www.europesays.com\/fr\/wp-json\/wp\/v2\/posts"}],"about":[{"href":"https:\/\/www.europesays.com\/fr\/wp-json\/wp\/v2\/types\/post"}],"author":[{"embeddable":true,"href":"https:\/\/www.europesays.com\/fr\/wp-json\/wp\/v2\/users\/2"}],"replies":[{"embeddable":true,"href":"https:\/\/www.europesays.com\/fr\/wp-json\/wp\/v2\/comments?post=349060"}],"version-history":[{"count":0,"href":"https:\/\/www.europesays.com\/fr\/wp-json\/wp\/v2\/posts\/349060\/revisions"}],"wp:featuredmedia":[{"embeddable":true,"href":"https:\/\/www.europesays.com\/fr\/wp-json\/wp\/v2\/media\/5479"}],"wp:attachment":[{"href":"https:\/\/www.europesays.com\/fr\/wp-json\/wp\/v2\/media?parent=349060"}],"wp:term":[{"taxonomy":"category","embeddable":true,"href":"https:\/\/www.europesays.com\/fr\/wp-json\/wp\/v2\/categories?post=349060"},{"taxonomy":"post_tag","embeddable":true,"href":"https:\/\/www.europesays.com\/fr\/wp-json\/wp\/v2\/tags?post=349060"}],"curies":[{"name":"wp","href":"https:\/\/api.w.org\/{rel}","templated":true}]}}