{"id":349061,"date":"2025-08-28T03:06:14","date_gmt":"2025-08-28T03:06:14","guid":{"rendered":"https:\/\/www.europesays.com\/fr\/349061\/"},"modified":"2025-08-28T03:06:14","modified_gmt":"2025-08-28T03:06:14","slug":"amazfit-lance-la-nouvelle-smartwatch-balance-2-xt-en-europe","status":"publish","type":"post","link":"https:\/\/www.europesays.com\/fr\/349061\/","title":{"rendered":"Amazfit lance la nouvelle smartwatch Balance 2 XT en Europe"},"content":{"rendered":"<p class=\"bodytext\">Amazfit a confirm\u00e9 que la smartwatch <a href=\"http:\/\/www.notebookcheck.net\/Amazfit-Balance-2-XT-cheaper-smartwatch-now-available.1086845.0.html\" target=\"_self\" class=\"internal-link\" rel=\"nofollow noopener\">Balance 2 XT<\/a> arrive en Europe. Les rumeurs concernant cette montre ont commenc\u00e9 <a href=\"http:\/\/www.notebookcheck.net\/Amazfit-Balance-2-XT-New-information-about-titanium-smartwatch-spotted.1028825.0.html\" target=\"_self\" class=\"internal-link\" rel=\"nofollow noopener\">au d\u00e9but de l&rsquo;ann\u00e9e<\/a>et elle est depuis lors disponible \u00e0 l&rsquo;achat aux \u00c9tats-Unis chez le d\u00e9taillant Best Buy.<br \/>&#13;<\/p>\n<p class=\"bodytext\">Aujourd&rsquo;hui, Amazfit a inform\u00e9 Notebookcheck qu&rsquo;elle vendra la smartwatch Balance 2 XT dans ses boutiques en ligne en Espagne et en Italie. Selon l&rsquo;entreprise, les clients des autres pays europ\u00e9ens pourront se faire livrer le produit sur place, mais les frais d&rsquo;exp\u00e9dition ne sont pas clairs dans ce cas. La date de sortie en Europe et les prix n&rsquo;ont pas encore \u00e9t\u00e9 annonc\u00e9s. Toutefois, sur le site <a href=\"https:\/\/www.epto.it\/amazfit-balance-2-xt-black-p-DISMWAZFBAL2XTBLK.html\" target=\"_blank\" class=\"external-link-new-window\" rel=\"nofollow noopener\">, un d\u00e9taillant<\/a> l&rsquo;affiche au prix de 189,91 \u20ac ; aux \u00c9tats-Unis, il est vendu au prix de 199,99 $.<br \/>&#13;<\/p>\n<p class=\"bodytext\">La Balance 2 XT est une alternative moins ch\u00e8re \u00e0 la smartwatch <a href=\"http:\/\/www.notebookcheck.net\/Amazfit-Balance-2-now-available-worldwide-with-Helio-Strap-offer.1043199.0.html\" target=\"_self\" class=\"internal-link\" rel=\"nofollow noopener\">smartwatch Balance 2 originale<\/a>qui a \u00e9t\u00e9 lanc\u00e9e au d\u00e9but de l&rsquo;ann\u00e9e. Elle est dot\u00e9e d&rsquo;un \u00e9cran AMOLED de 1,5 pouce, prot\u00e9g\u00e9 par un verre min\u00e9ral. Les utilisateurs peuvent enregistrer leurs exercices gr\u00e2ce \u00e0 plus de 170 modes sportifs et suivre des param\u00e8tres de sant\u00e9 tels que la fr\u00e9quence cardiaque, le taux d&rsquo;oxyg\u00e8ne dans le sang, la qualit\u00e9 du sommeil et le stress. L&rsquo;appareil devrait \u00e9galement offrir une navigation GPS, des cartes t\u00e9l\u00e9chargeables et une autonomie d&rsquo;environ 21 jours. <br \/>&#13;<\/p>\n<p class=\"bodytext\">Il existe plusieurs diff\u00e9rences entre les versions standard et XT de la smartwatch Balance 2<a href=\"https:\/\/www.amazon.com\/Amazfit-Balance-Sapphire-Display-Offline-Battery\/dp\/B0F9JFCYNX?tag=nbcnewsnet-20\" target=\"_blank\" rel=\"sponsored nofollow noopener\" class=\"external-link-new-window\">(actuellement 299,99 $ chez Amazon<\/a>). Le verre saphir a \u00e9t\u00e9 remplac\u00e9 par du verre min\u00e9ral. La version XT ne dispose pas de l&rsquo;application Golf et ne permet pas de plonger, car elle est moins r\u00e9sistante \u00e0 l&rsquo;eau (5 ATM). Il reste \u00e0 savoir quand la smartwatch Amazfit Balance 2 XT sera officiellement lanc\u00e9e aux \u00c9tats-Unis. <\/p>\n","protected":false},"excerpt":{"rendered":"Amazfit a confirm\u00e9 que la smartwatch Balance 2 XT arrive en Europe. Les rumeurs concernant cette montre ont&hellip;\n","protected":false},"author":2,"featured_media":349062,"comment_status":"","ping_status":"","sticky":false,"template":"","format":"standard","meta":{"footnotes":""},"categories":[1586],"tags":[11,48558,48559,48556,48560,48555,48557,1777,674,1011,27,9412,12,1113,5747,25,9411,374],"class_list":{"0":"post-349061","1":"post","2":"type-post","3":"status-publish","4":"format-standard","5":"has-post-thumbnail","7":"category-europe","8":"tag-actualites","9":"tag-amazfit","10":"tag-amazfit-balance-2","11":"tag-amazfit-balance-2-xt","12":"tag-amazfit-balance-2-xt-europe","13":"tag-amazfit-balance-xt","14":"tag-balance-2-xt","15":"tag-eu","16":"tag-europe","17":"tag-fr","18":"tag-france","19":"tag-informations-sur-des-ordinateurs-portatifs","20":"tag-news","21":"tag-nouvelles","22":"tag-rapport","23":"tag-republique-francaise","24":"tag-revues","25":"tag-test"},"share_on_mastodon":{"url":"https:\/\/pubeurope.com\/@fr\/115104185335329421","error":""},"_links":{"self":[{"href":"https:\/\/www.europesays.com\/fr\/wp-json\/wp\/v2\/posts\/349061","targetHints":{"allow":["GET"]}}],"collection":[{"href":"https:\/\/www.europesays.com\/fr\/wp-json\/wp\/v2\/posts"}],"about":[{"href":"https:\/\/www.europesays.com\/fr\/wp-json\/wp\/v2\/types\/post"}],"author":[{"embeddable":true,"href":"https:\/\/www.europesays.com\/fr\/wp-json\/wp\/v2\/users\/2"}],"replies":[{"embeddable":true,"href":"https:\/\/www.europesays.com\/fr\/wp-json\/wp\/v2\/comments?post=349061"}],"version-history":[{"count":0,"href":"https:\/\/www.europesays.com\/fr\/wp-json\/wp\/v2\/posts\/349061\/revisions"}],"wp:featuredmedia":[{"embeddable":true,"href":"https:\/\/www.europesays.com\/fr\/wp-json\/wp\/v2\/media\/349062"}],"wp:attachment":[{"href":"https:\/\/www.europesays.com\/fr\/wp-json\/wp\/v2\/media?parent=349061"}],"wp:term":[{"taxonomy":"category","embeddable":true,"href":"https:\/\/www.europesays.com\/fr\/wp-json\/wp\/v2\/categories?post=349061"},{"taxonomy":"post_tag","embeddable":true,"href":"https:\/\/www.europesays.com\/fr\/wp-json\/wp\/v2\/tags?post=349061"}],"curies":[{"name":"wp","href":"https:\/\/api.w.org\/{rel}","templated":true}]}}