{"id":349085,"date":"2025-08-28T03:21:14","date_gmt":"2025-08-28T03:21:14","guid":{"rendered":"https:\/\/www.europesays.com\/fr\/349085\/"},"modified":"2025-08-28T03:21:14","modified_gmt":"2025-08-28T03:21:14","slug":"30-m-de-haut-le-montage-dune-spectaculaire-replique-de-la-tour-eiffel-a-debute","status":"publish","type":"post","link":"https:\/\/www.europesays.com\/fr\/349085\/","title":{"rendered":"30 m de haut\u2026 Le montage d\u2019une spectaculaire r\u00e9plique de la tour Eiffel a d\u00e9but\u00e9"},"content":{"rendered":"<p class=\"mb-4 text-lg md:leading-8 break-words\"><strong>impressionnant &#8211; Pendant huit ans, l\u2019entrepreneur alsacien Jean-Claude Fassler a r\u00e9alis\u00e9 une r\u00e9plique de la tour Eiffel \u00e0 l\u2019\u00e9chelle 1\/10e dans son village des Vosges. Un projet unique en France, inspir\u00e9 des plans originaux de\u00a01884<\/strong><\/p>\n<p class=\"mb-4 text-lg md:leading-8 break-words\">Huit ans de travail, des milliers de pi\u00e8ces de m\u00e9tal, et une obsession devenue r\u00e9alit\u00e9. \u00c0 77 ans, l\u2019entrepreneur alsacien Jean-Claude Fassler vient d\u2019achever l\u2019\u0153uvre de sa retraite\u00a0: une r\u00e9plique exacte de la <a href=\"https:\/\/www.20minutes.fr\/dossier\/tour_eiffel?at_medium=RSS%20feed&amp;at_campaign=ynews&amp;utm_source=yahoo&amp;utm_medium=rss&amp;utm_campaign=news_feed&amp;utm_content=in_article_link\" rel=\"nofollow noopener\" target=\"_blank\" data-ylk=\"slk:tour Eiffel;elm:context_link;itc:0;sec:content-canvas\" class=\"link \">tour Eiffel<\/a>, construite \u00e0 l\u2019\u00e9chelle 1\/10e dans un village vosgien de 1.700 habitants. \u00ab\u00a0C\u2019est l\u2019\u0153uvre de ma vie\u00a0!\u00a0\u00bb affirme l\u2019homme.<\/p>\n<p class=\"mb-4 text-lg md:leading-8 break-words\">Mardi, les grues ont hiss\u00e9 la plateforme du deuxi\u00e8me \u00e9tage, la fl\u00e8che et le campanile du troisi\u00e8me, couronnant une structure de plus de 30 m\u00e8tres de haut. \u00ab\u00a0Maintenant on peut dire que c\u2019est un chef-d\u2019\u0153uvre, non\u00a0?\u00a0\u00bb, savoure cet infatigable admirateur de Gustave Eiffel.<\/p>\n<p>Une passion familiale<\/p>\n<p class=\"mb-4 text-lg md:leading-8 break-words\">Fondateur d\u2019une m\u00e9tallerie en\u00a01975, transmise depuis \u00e0 son fils, Jean-Claude Fassler a mobilis\u00e9 son savoir-faire mais aussi sa famille\u00a0: son petit-fils Killian, 23 ans, a travaill\u00e9 sur les dessins et l\u2019assemblage, tandis que son fr\u00e8re Matt\u00e9o g\u00e8re la communication du projet. \u00ab\u00a0Je n\u2019ai pas trich\u00e9\u00a0\u00bb, insiste l\u2019homme, qui s\u2019est appuy\u00e9 sur les plans originaux de\u00a01884, tomb\u00e9s dans le domaine public. \u00ab\u00a0Vous pouvez aller voir de pr\u00e8s, je peux vous dire que c\u2019est nickel\u00a0\u00bb, s\u2019enorgueillit Jean-Claude Fassler.<\/p>\n<p><img alt=\"SIPA60050941_000005\" loading=\"lazy\" width=\"960\" height=\"646\" decoding=\"async\" data-nimg=\"1\" class=\"rounded-lg\" style=\"color:transparent\" src=\"https:\/\/www.europesays.com\/fr\/wp-content\/uploads\/2025\/08\/10fcc9b56066090fb5421b817a7e44b0.jpeg\"\/><\/p>\n<p>SIPA60050941_000005<\/p>\n<p class=\"mb-4 text-lg md:leading-8 break-words\">R\u00e9sultat\u00a0: une reproduction fid\u00e8le, jusqu\u2019aux coursives d\u2019origine, aux 72 noms de savants inscrits en lettres d\u2019or sur la charpente et m\u00eame \u00e0 l\u2019appartement priv\u00e9 de Gustave Eiffel au sommet. Peinte en rouge \u00ab\u00a0<a href=\"https:\/\/www.20minutes.fr\/dossier\/venise?at_medium=RSS%20feed&amp;at_campaign=ynews&amp;utm_source=yahoo&amp;utm_medium=rss&amp;utm_campaign=news_feed&amp;utm_content=in_article_link\" rel=\"nofollow noopener\" target=\"_blank\" data-ylk=\"slk:Venise;elm:context_link;itc:0;sec:content-canvas\" class=\"link \">Venise<\/a>\u00a0\u00bb, la couleur historique appliqu\u00e9e \u00e0 Paris, la tour attire d\u00e9j\u00e0 les curieux.<\/p>\n<p><img alt=\"SIPA60051178_000008\" loading=\"lazy\" width=\"960\" height=\"640\" decoding=\"async\" data-nimg=\"1\" class=\"rounded-lg\" style=\"color:transparent\" src=\"https:\/\/www.europesays.com\/fr\/wp-content\/uploads\/2025\/08\/fb06b3a2d7e556e71672004d58ccf42a.jpeg\"\/><\/p>\n<p>SIPA60051178_000008<\/p>\n<p><img alt=\"SIPA60051178_000018\" loading=\"lazy\" width=\"960\" height=\"640\" decoding=\"async\" data-nimg=\"1\" class=\"rounded-lg\" style=\"color:transparent\" src=\"https:\/\/www.europesays.com\/fr\/wp-content\/uploads\/2025\/08\/fd124137712a6f19b65109c288a11ad3.jpeg\"\/><\/p>\n<p>SIPA60051178_000018<\/p>\n<p>Une valeur \u00ab\u00a0inestimable\u00a0\u00bb \u2026 \u00e0 vendre<\/p>\n<p class=\"mb-4 text-lg md:leading-8 break-words\">Le chantier au long c(&#8230;)<\/p>\n<p class=\"mb-4 text-lg md:leading-8 break-words\"><a href=\"https:\/\/www.20minutes.fr\/societe\/4169873-20250827-alsace-30-haut-montage-spectaculaire-replique-tour-eiffel-debute?at_medium=RSS%20feed&amp;at_campaign=ynews&amp;utm_source=yahoo&amp;utm_medium=rss&amp;utm_campaign=news_feed&amp;utm_content=read_more_link&quot;\" rel=\"nofollow noopener\" target=\"_blank\" data-ylk=\"slk:Lire la suite sur 20minutes;elm:context_link;itc:0;sec:content-canvas\" class=\"link \">Lire la suite sur 20minutes<\/a><\/p>\n<p>\u00c0 lire aussi :<br \/><a href=\"https:\/\/www.20minutes.fr\/economie\/4167535-20250811-espagne-aussi-haut-tour-eiffel-quoi-projet-delirant-taureau-geant-concurrencer-france?at_medium=RSS%20feed&amp;at_campaign=ynews&amp;utm_source=yahoo&amp;utm_medium=rss&amp;utm_campaign=news_feed&amp;utm_content=related_content_link\" rel=\"nofollow noopener\" target=\"_blank\" data-ylk=\"slk:Espagne\u00a0: Aussi haut que la tour Eiffel\u2026 C\u2019est quoi ce projet d\u00e9lirant de taureau g\u00e9ant pour concurrencer la France\u00a0?;elm:context_link;itc:0;sec:content-canvas\" class=\"link \">Espagne\u00a0: Aussi haut que la tour Eiffel\u2026 C\u2019est quoi ce projet d\u00e9lirant de taureau g\u00e9ant pour concurrencer la France\u00a0?<\/a><br \/><a href=\"https:\/\/www.20minutes.fr\/societe\/4161293-20250701-paris-oui-oui-tour-eiffel-bouge-sous-effet-chaleur?at_medium=RSS%20feed&amp;at_campaign=ynews&amp;utm_source=yahoo&amp;utm_medium=rss&amp;utm_campaign=news_feed&amp;utm_content=related_content_link\" rel=\"nofollow noopener\" target=\"_blank\" data-ylk=\"slk:Paris\u00a0: Oui oui, la tour Eiffel bouge sous l\u2019effet de la chaleur;elm:context_link;itc:0;sec:content-canvas\" class=\"link \">Paris\u00a0: Oui oui, la tour Eiffel bouge sous l\u2019effet de la chaleur<\/a><\/p>\n","protected":false},"excerpt":{"rendered":"impressionnant &#8211; Pendant huit ans, l\u2019entrepreneur alsacien Jean-Claude Fassler a r\u00e9alis\u00e9 une r\u00e9plique de la tour Eiffel \u00e0&hellip;\n","protected":false},"author":2,"featured_media":349086,"comment_status":"","ping_status":"","sticky":false,"template":"","format":"standard","meta":{"footnotes":""},"categories":[1358],"tags":[1348,1384,1385,1386,58,59,1011,27,48570,28493,48568,30635,48569],"class_list":{"0":"post-349085","1":"post","2":"type-post","3":"status-publish","4":"format-standard","5":"has-post-thumbnail","7":"category-arts-et-design","8":"tag-arts","9":"tag-arts-and-design","10":"tag-arts-et-design","11":"tag-design","12":"tag-divertissement","13":"tag-entertainment","14":"tag-fr","15":"tag-france","16":"tag-gustave-eiffel","17":"tag-jean-claude","18":"tag-jean-claude-fassler","19":"tag-la-tour-eiffel","20":"tag-pieces-de-metal"},"share_on_mastodon":{"url":"https:\/\/pubeurope.com\/@fr\/115104244380828755","error":""},"_links":{"self":[{"href":"https:\/\/www.europesays.com\/fr\/wp-json\/wp\/v2\/posts\/349085","targetHints":{"allow":["GET"]}}],"collection":[{"href":"https:\/\/www.europesays.com\/fr\/wp-json\/wp\/v2\/posts"}],"about":[{"href":"https:\/\/www.europesays.com\/fr\/wp-json\/wp\/v2\/types\/post"}],"author":[{"embeddable":true,"href":"https:\/\/www.europesays.com\/fr\/wp-json\/wp\/v2\/users\/2"}],"replies":[{"embeddable":true,"href":"https:\/\/www.europesays.com\/fr\/wp-json\/wp\/v2\/comments?post=349085"}],"version-history":[{"count":0,"href":"https:\/\/www.europesays.com\/fr\/wp-json\/wp\/v2\/posts\/349085\/revisions"}],"wp:featuredmedia":[{"embeddable":true,"href":"https:\/\/www.europesays.com\/fr\/wp-json\/wp\/v2\/media\/349086"}],"wp:attachment":[{"href":"https:\/\/www.europesays.com\/fr\/wp-json\/wp\/v2\/media?parent=349085"}],"wp:term":[{"taxonomy":"category","embeddable":true,"href":"https:\/\/www.europesays.com\/fr\/wp-json\/wp\/v2\/categories?post=349085"},{"taxonomy":"post_tag","embeddable":true,"href":"https:\/\/www.europesays.com\/fr\/wp-json\/wp\/v2\/tags?post=349085"}],"curies":[{"name":"wp","href":"https:\/\/api.w.org\/{rel}","templated":true}]}}