{"id":349087,"date":"2025-08-28T03:22:10","date_gmt":"2025-08-28T03:22:10","guid":{"rendered":"https:\/\/www.europesays.com\/fr\/349087\/"},"modified":"2025-08-28T03:22:10","modified_gmt":"2025-08-28T03:22:10","slug":"les-forces-la-maison-vide-le-bel-obscur","status":"publish","type":"post","link":"https:\/\/www.europesays.com\/fr\/349087\/","title":{"rendered":"\u00ab\u00a0Les Forces\u00a0\u00bb, \u00ab\u00a0La Maison vide\u00a0\u00bb, \u00ab\u00a0Le Bel Obscur\u00a0\u00bb\u2026"},"content":{"rendered":"\n<p class=\"article__fact article__fact--false\">LA LISTE DE LA MATINALE<\/p>\n<p class=\"article__paragraph  \">En cette nouvelle semaine de rentr\u00e9e litt\u00e9raire, \u00ab\u00a0Le Monde des livres\u00a0\u00bb vous conseille la lecture d\u2019un r\u00e9cit et de quatre romans francophones pr\u00e9sents dans la s\u00e9lection du Prix litt\u00e9raire Le\u00a0Monde 2025, dont le laur\u00e9at sera annonc\u00e9 le 4\u00a0septembre. Il s\u2019agit des Forces, de Laura Vazquez, chemin initiatique aux marges du monde\u00a0; de La Maison vide, de Laurent Mauvignier, histoire d\u2019une famille sur quatre g\u00e9n\u00e9rations, de ses silences et de ses hontes\u00a0; du Bel Obscur, de Caroline Lamarche, la lib\u00e9ration d\u2019une femme, entre enqu\u00eate g\u00e9n\u00e9alogique et r\u00e9cit intime\u00a0; de Des inconnus \u00e0 qui parler, de Camille Bordas, en compagnie des professeurs et des \u00e9tudiants d\u2019un imaginaire master de stand-up \u00e0 Chicago\u00a0; et de La Nuit au c\u0153ur, de Nathacha Appanah, enqu\u00eate intime sur les victimes de violences masculines \u2013 dont l\u2019autrice elle-m\u00eame.<\/p>\n<p class=\"article__paragraph  \"><strong>ROMAN. \u00ab\u00a0Les Forces\u00a0\u00bb, de Laura Vazquez<\/strong><\/p>\n<p class=\"article__paragraph  \">Au d\u00e9part du deuxi\u00e8me roman de Laura Vazquez, Les Forces, il y a le mensonge\u00a0; l\u2019immense mensonge du monde qui saute \u00e0 la figure de la narratrice, enfant puis adolescente. Une fausset\u00e9 qu\u2019elle d\u00e9c\u00e8le dans le petit rire dont sa m\u00e8re ponctue ses phrases, sans raison, dans la fa\u00e7on dont les gens trahissent la langue, dans celle qu\u2019ils ont de se croire libres alors qu\u2019ils sont soumis \u00e0 des forces plus grandes qu\u2019eux. Sa qu\u00eate<strong> <\/strong>consistera \u00e0 percer la cro\u00fbte illusoire qui enrobe les actions humaines, \u00e0 trouver un dehors vivant. Ainsi quitte-t-elle la maison familiale pour aller dans un bar o\u00f9 elle rejoint une fille crois\u00e9e sur une application<strong> <\/strong>de rencontres. Et c\u2019est l\u00e0 que s\u2019op\u00e8re la v\u00e9ritable bascule du livre. L\u2019environnement de la jeune femme, de plus en plus bizarre, semble contamin\u00e9 par la logique du r\u00eave.<\/p>\n<p class=\"article__paragraph  \">Car au fond du bar se cache un lieu secret qui h\u00e9berge une \u00ab\u00a0vieille femme ob\u00e8se\u00a0\u00bb, Claudie, sorte de pythie ancestrale. Entre deux \u00e9clats de rire, Claudie d\u00e9livre une parole destin\u00e9e \u00e0 \u00ab\u00a0dissiper la tare\u00a0\u00bb, la terreur premi\u00e8re que ressentent tous les humains. Elle trace pour la narratrice un chemin initiatique qui va mener cette derni\u00e8re en des endroits \u00e9tranges, aux marges du monde.<\/p>\n<p class=\"reading-mode-only \"><strong>Il vous reste 78.12% de cet article \u00e0 lire. La suite est r\u00e9serv\u00e9e aux abonn\u00e9s.<\/strong><\/p>\n","protected":false},"excerpt":{"rendered":"LA LISTE DE LA MATINALE En cette nouvelle semaine de rentr\u00e9e litt\u00e9raire, \u00ab\u00a0Le Monde des livres\u00a0\u00bb vous conseille&hellip;\n","protected":false},"author":2,"featured_media":349088,"comment_status":"","ping_status":"","sticky":false,"template":"","format":"standard","meta":{"footnotes":""},"categories":[1357],"tags":[1379,58,59,1011,27,1380],"class_list":{"0":"post-349087","1":"post","2":"type-post","3":"status-publish","4":"format-standard","5":"has-post-thumbnail","7":"category-livres","8":"tag-books","9":"tag-divertissement","10":"tag-entertainment","11":"tag-fr","12":"tag-france","13":"tag-livres"},"share_on_mastodon":{"url":"https:\/\/pubeurope.com\/@fr\/115104248270535604","error":""},"_links":{"self":[{"href":"https:\/\/www.europesays.com\/fr\/wp-json\/wp\/v2\/posts\/349087","targetHints":{"allow":["GET"]}}],"collection":[{"href":"https:\/\/www.europesays.com\/fr\/wp-json\/wp\/v2\/posts"}],"about":[{"href":"https:\/\/www.europesays.com\/fr\/wp-json\/wp\/v2\/types\/post"}],"author":[{"embeddable":true,"href":"https:\/\/www.europesays.com\/fr\/wp-json\/wp\/v2\/users\/2"}],"replies":[{"embeddable":true,"href":"https:\/\/www.europesays.com\/fr\/wp-json\/wp\/v2\/comments?post=349087"}],"version-history":[{"count":0,"href":"https:\/\/www.europesays.com\/fr\/wp-json\/wp\/v2\/posts\/349087\/revisions"}],"wp:featuredmedia":[{"embeddable":true,"href":"https:\/\/www.europesays.com\/fr\/wp-json\/wp\/v2\/media\/349088"}],"wp:attachment":[{"href":"https:\/\/www.europesays.com\/fr\/wp-json\/wp\/v2\/media?parent=349087"}],"wp:term":[{"taxonomy":"category","embeddable":true,"href":"https:\/\/www.europesays.com\/fr\/wp-json\/wp\/v2\/categories?post=349087"},{"taxonomy":"post_tag","embeddable":true,"href":"https:\/\/www.europesays.com\/fr\/wp-json\/wp\/v2\/tags?post=349087"}],"curies":[{"name":"wp","href":"https:\/\/api.w.org\/{rel}","templated":true}]}}