{"id":349089,"date":"2025-08-28T03:23:11","date_gmt":"2025-08-28T03:23:11","guid":{"rendered":"https:\/\/www.europesays.com\/fr\/349089\/"},"modified":"2025-08-28T03:23:11","modified_gmt":"2025-08-28T03:23:11","slug":"affaire-conclue-cest-un-record-julia-vignali-incredule-en-apprenant-le-prix-dun-objet-video","status":"publish","type":"post","link":"https:\/\/www.europesays.com\/fr\/349089\/","title":{"rendered":"Affaire conclue : \u00ab\u00a0C&rsquo;est un record !\u00a0\u00bb Julia Vignali incr\u00e9dule en apprenant le prix d&rsquo;un objet (VIDEO)"},"content":{"rendered":"<p>L&rsquo;animatrice d&rsquo;Affaire conclue, tout le monde a quelque chose \u00e0 vendre\u00a0n&rsquo;en revenait pas. Ce mercredi 27 ao\u00fbt, une participante pr\u00e9nomm\u00e9e Leslie a \u00e9tablit un record historique dans l&rsquo;\u00e9mission diffus\u00e9e sur France 2 depuis huit ans !<\/p>\n<p><a id=\"eztoc103278307_1\"\/>Julia Vignali accueille Leslie et sa broche pr\u00e9cieuse en or dans Affaire Conclue<\/p>\n<p>La libraire de\u00a036 ans venue de Belv\u00e8s en Dordogne s&rsquo;est pr\u00e9sent\u00e9e aux studios de l&rsquo;\u00e9mission quotidienne avec une broche pas comme les autres :\u00a0\u00ab\u00a0C&rsquo;est une trouvaille d&rsquo;une ressourcerie tout pr\u00e8s de chez moi dans laquelle je vais r\u00e9guli\u00e8rement. Et je l&rsquo;ai trouv\u00e9e adorable, parce que j&rsquo;ai beaucoup envie d&rsquo;un teckel et d&rsquo;avoir un chien. Mais malheureusement, j&rsquo;ai pas le temps. Donc je me suis dit qu&rsquo;en forme de broche, ce serait un substitut ! (Rires)\u00a0\u00bb. Quand   <a href=\"https:\/\/www.programme-television.org\/news\/tv\/emissions-tele\/julia-vignali-cash-a-propos-des-tournages-d-affaire-conclue-c-est-un-probleme-4743521#:~:text=Julia%20Vignali%20a%20d&#039;ailleurs,vraiment%20un%20probl%C3%A8me%20de%20production.\" target=\"_blank\" rel=\"noopener nofollow\">Julia Vignali<\/a> lui a demand\u00e9 si elle avait d\u00e9j\u00e0 port\u00e9 cette broche, Leslie a r\u00e9pondu :\u00a0\u00ab\u00a0Non, je ne l&rsquo;ai pas port\u00e9e. Je me suis aper\u00e7ue en la retournant qu&rsquo;il y avait des poin\u00e7ons, que c&rsquo;\u00e9tait une broche pr\u00e9cieuse. Donc \u00e0 partir de l\u00e0, je n&rsquo;ai plus os\u00e9 la porter !\u00a0\u00bb.\u00a0<\/p>\n<p><a id=\"eztoc103278307_2\"\/>Affaire Conclue (France 2) : \u00ab\u00a0incroyable\u00a0\u00bb, un objet achet\u00e9 pour moins d&rsquo;un euro !<\/p>\n<p>Mais combien la libraire a-t-elle achet\u00e9 cet objet pr\u00e9cieux ?\u00a0\u00ab\u00a0Je l&rsquo;ai pay\u00e9e 50 centimes\u00a0\u00bb, a-t-elle affirm\u00e9.\u00a0\u00ab\u00a0Mais non ?!\u00a0C&rsquo;est incroyable ! Cinquante centimes, Marc ! Je crois que c&rsquo;est un record. Je n&rsquo;ai jamais entendu un achat \u00e0 moins d&rsquo;un euro. C&rsquo;est quelque chose de dingue !\u00a0\u00bb, s&rsquo;est exclam\u00e9e Julia Vignali.\u00a0\u00ab\u00a0Non, moi non plus\u00a0\u00bb, a r\u00e9agi\u00a0Marc Labarbe, le\u00a0commissaire-priseur. Ce dernier a examin\u00e9 les poin\u00e7ons \u00e0 la loupe, et en a d\u00e9duit qu&rsquo;il s&rsquo;agissait d&rsquo;or 18 carats, \u00ab\u00a0avec 75% d&rsquo;or et 25% d&rsquo;alliage. (&#8230;) Elle est en or blanc et or gris. Ensuite, (&#8230;) tout ce qui est animalier paie \u00e9norm\u00e9ment. Tous les grands joailliers ont r\u00e9alis\u00e9 des broches sur la base d&rsquo;animaux, et le chien en particulier. Toutes les grandes maisons ont fait une sp\u00e9cialit\u00e9 de ces petites broches en formes d&rsquo;animaux, parce qu&rsquo;aujourd&rsquo;hui, il y a des collectionneurs. On n&rsquo;en voit pas beaucoup port\u00e9es, mais on en voit beaucoup collectionn\u00e9es (&#8230;) depuis vingt ans\u00a0\u00bb. Avec deux rubis en guise d&rsquo;yeux et un poids de 10,4 grammes, cette broche datant au plus tard des ann\u00e9es 1980 a \u00e9t\u00e9 estim\u00e9e \u00e0 550 euros par le commissaire-priseur, puis achet\u00e9e par   <a href=\"https:\/\/www.programme-television.org\/news\/tv\/emissions-tele\/on-achete-avec-notre-argent-caroline-margeridon-brise-les-idees-recues-sur-affaire-conclue-france-2-4743815\" target=\"_blank\" rel=\"noopener nofollow\">Caroline Margeridon &#8211; avec son propre argent<\/a> &#8211; pour la somme de 800 euros ! Une tr\u00e8s, tr\u00e8s bonne affaire pour Leslie.<\/p>\n","protected":false},"excerpt":{"rendered":"L&rsquo;animatrice d&rsquo;Affaire conclue, tout le monde a quelque chose \u00e0 vendre\u00a0n&rsquo;en revenait pas. Ce mercredi 27 ao\u00fbt, une&hellip;\n","protected":false},"author":2,"featured_media":349090,"comment_status":"","ping_status":"","sticky":false,"template":"","format":"standard","meta":{"footnotes":""},"categories":[1356],"tags":[58,59,1011,27,252,1364],"class_list":{"0":"post-349089","1":"post","2":"type-post","3":"status-publish","4":"format-standard","5":"has-post-thumbnail","7":"category-television","8":"tag-divertissement","9":"tag-entertainment","10":"tag-fr","11":"tag-france","12":"tag-television","13":"tag-tv"},"share_on_mastodon":{"url":"https:\/\/pubeurope.com\/@fr\/115104252166312924","error":""},"_links":{"self":[{"href":"https:\/\/www.europesays.com\/fr\/wp-json\/wp\/v2\/posts\/349089","targetHints":{"allow":["GET"]}}],"collection":[{"href":"https:\/\/www.europesays.com\/fr\/wp-json\/wp\/v2\/posts"}],"about":[{"href":"https:\/\/www.europesays.com\/fr\/wp-json\/wp\/v2\/types\/post"}],"author":[{"embeddable":true,"href":"https:\/\/www.europesays.com\/fr\/wp-json\/wp\/v2\/users\/2"}],"replies":[{"embeddable":true,"href":"https:\/\/www.europesays.com\/fr\/wp-json\/wp\/v2\/comments?post=349089"}],"version-history":[{"count":0,"href":"https:\/\/www.europesays.com\/fr\/wp-json\/wp\/v2\/posts\/349089\/revisions"}],"wp:featuredmedia":[{"embeddable":true,"href":"https:\/\/www.europesays.com\/fr\/wp-json\/wp\/v2\/media\/349090"}],"wp:attachment":[{"href":"https:\/\/www.europesays.com\/fr\/wp-json\/wp\/v2\/media?parent=349089"}],"wp:term":[{"taxonomy":"category","embeddable":true,"href":"https:\/\/www.europesays.com\/fr\/wp-json\/wp\/v2\/categories?post=349089"},{"taxonomy":"post_tag","embeddable":true,"href":"https:\/\/www.europesays.com\/fr\/wp-json\/wp\/v2\/tags?post=349089"}],"curies":[{"name":"wp","href":"https:\/\/api.w.org\/{rel}","templated":true}]}}