{"id":349097,"date":"2025-08-28T03:28:11","date_gmt":"2025-08-28T03:28:11","guid":{"rendered":"https:\/\/www.europesays.com\/fr\/349097\/"},"modified":"2025-08-28T03:28:11","modified_gmt":"2025-08-28T03:28:11","slug":"le-vide-laisse-par-emilien-peine-a-etre-co","status":"publish","type":"post","link":"https:\/\/www.europesays.com\/fr\/349097\/","title":{"rendered":"le vide laiss\u00e9 par Emilien peine \u00e0 \u00eatre co &#8230;"},"content":{"rendered":"<p>EN BREF<\/p>\n<ul class=\"bloc_resume_post_list\">\n<li>Emilien, l\u00e9gende des 12 coups de midi, a quitt\u00e9<br \/>\nl\u00a0\u00bb\u00e9mission apr\u00e8s 647 participations et 2,5 millions d&rsquo;euros<br \/>\ngagn\u00e9s.<\/li>\n<li>Thomas, Ma\u00eetre de midi pendant cinq jours, a \u00e9t\u00e9 \u00e9limin\u00e9<br \/>\napr\u00e8s six participations et 44 051 \u20ac remport\u00e9s.<\/li>\n<li>Hugo, nouvel arrivant, commence modestement avec 100 \u20ac et<br \/>\nune \u00e9toile myst\u00e9rieuse intrigante \u00e0 d\u00e9couvrir.<\/li>\n<\/ul>\n<p data-start=\"471\" data-end=\"809\">Depuis le d\u00e9part d&rsquo;<a href=\"https:\/\/www.telestar.fr\/actu_tv\/emilien-je-me-remets-un-tout-petit-peu-a-le-maitre-inconteste-des-12-coups-de-midi-se-remet-en-selle-1733898\" rel=\"nofollow noopener\" target=\"_blank\">Emilien<\/a>,<br \/>\nv\u00e9ritable l\u00e9gende des <a href=\"https:\/\/www.telestar.fr\/actu_tv\/les-12-coups-de-midi-la-nouvelle-maitre-de-midi-affichee-par-sa-mere-et-jean-luc-reichmann-sen-delecte-1734774\" rel=\"nofollow noopener\" target=\"_blank\"><br \/>\n12 coups de midi<\/a> avec ses 647 participations et plus<br \/>\nde <a href=\"https:\/\/www.telestar.fr\/actu_tv\/emilien-elimine-des-12-coups-de-midi-il-ne-touchera-que-175-million-deuros-1730093\" rel=\"nofollow noopener\" target=\"_blank\"><br \/>\n2,5 millions d&rsquo;euros<\/a> empoch\u00e9s, l&rsquo;\u00e9mission est en qu\u00eate de<br \/>\nstabilit\u00e9. Thomas, install\u00e9 comme <strong>Ma\u00eetre de midi depuis<br \/>\ncinq jours,<\/strong> n&rsquo;a pas manqu\u00e9 de tenter sa chance avec beaut\u00e9<br \/>\net panache, mais son aventure s&rsquo;est soudainement achev\u00e9e.<\/p>\n<p data-start=\"811\" data-end=\"1067\">Le rythme reste soutenu dans ce<br \/>\njeu culte de culture g\u00e9n\u00e9rale, c\u00e9l\u00e9br\u00e9 depuis 15 ans sur TF1.<br \/>\nChaque nouveau champion, m\u00eame \u00e9ph\u00e9m\u00e8re, esp\u00e8re laisser une trace,<br \/>\nmais personne n&rsquo;a encore r\u00e9ussi \u00e0 combler totalement le vide laiss\u00e9<br \/>\npar <a href=\"https:\/\/www.telestar.fr\/actu_tv\/emilien-je-me-remets-un-tout-petit-peu-a-le-maitre-inconteste-des-12-coups-de-midi-se-remet-en-selle-1733898\" rel=\"nofollow noopener\" target=\"_blank\"><br \/>\nle Vend\u00e9en historique<\/a>.<\/p>\n<p>Dernier duel de Thomas : \u00e9limin\u00e9 apr\u00e8s six participations et 44<br \/>\n051 \u20ac remport\u00e9s<\/p>\n<p data-start=\"1153\" data-end=\"1387\">Ce mercredi 27 ao\u00fbt 2025,<br \/>\nThomas s&rsquo;est pr\u00e9sent\u00e9 pour la sixi\u00e8me fois face \u00e0 Jean-Luc<br \/>\nReichmann. Face \u00e0 lui, Arthur, un jeune homme venu de Colmar, a<br \/>\ncourageusement d\u00e9clar\u00e9 : \u00ab\u00a0Je vais tenter le beau jeu et prendre<br \/>\nThomas en duel\u00a0\u00bb. Le d\u00e9fi pos\u00e9 : \u00ab\u00a0Le 15 septembre 1793,<br \/>\nquels \u00e9tablissements ont tous \u00e9t\u00e9 ferm\u00e9s sur d\u00e9cision de la<br \/>\nConvention nationale ?\u00a0\u00bb Apr\u00e8s une l\u00e9g\u00e8re r\u00e9flexion, Thomas a<br \/>\npropos\u00e9 \u00ab\u00a0les couvents\u00a0\u00bb, en \u00e9voquant un texte lu \u00e0 la<br \/>\nstation Abbesses. Mais la bonne r\u00e9ponse \u00e9tait <strong>\u00ab\u00a0les<br \/>\nuniversit\u00e9s\u00a0\u00bb.<\/strong> C&rsquo;\u00e9tait la fin de son r\u00e8gne.<\/p>\n<p data-start=\"1698\" data-end=\"2000\">Cependant, pas question de<br \/>\nrepartir les mains vides. \u00ab\u00a0Vous allez quand m\u00eame repartir avec<br \/>\nune somme de dingo\u00a0\u00bb, lui a lanc\u00e9 Jean-Luc Reichmann. Thomas<br \/>\nquitte l&rsquo;\u00e9mission avec une cagnotte de <strong>44 051 \u20ac en gains et<br \/>\ncadeaux<\/strong>, dont une \u00e9toile myst\u00e9rieuse r\u00e9cemment d\u00e9voil\u00e9e<br \/>\nmettant en lumi\u00e8re <a href=\"https:\/\/www.telestar.fr\/actu_tv\/les-12-coups-de-midi-qui-se-cache-derriere-letoile-mysterieuse-daout-2025-totalement-decouverte-1735642\" rel=\"nofollow noopener\" target=\"_blank\"><br \/>\nVirginie Efira<\/a>.<\/p>\n<p>Place \u00e0 Hugo, le nouveau Ma\u00eetre de<br \/>\nmidi, entre timidit\u00e9 et espoir<\/p>\n<p data-start=\"2072\" data-end=\"2334\">D\u00e8s le lendemain, c&rsquo;est<br \/>\n<strong>Hugo, un \u00e9tudiant en \u00e9cole de commerce<\/strong>, qui a pris<br \/>\nla rel\u00e8ve. Sa premi\u00e8re victoire est modeste : 100 \u20ac, qu&rsquo;il a d\u00fb<br \/>\npartager avec un t\u00e9l\u00e9spectateur. Une entr\u00e9e discr\u00e8te, mais qui lui<br \/>\npermet d&rsquo;endosser \u00e0 son tour le r\u00f4le de Ma\u00eetre de midi.<\/p>\n<p data-start=\"2336\" data-end=\"2633\">Quant \u00e0 l&rsquo;\u00e9toile myst\u00e9rieuse,<br \/>\nelle reste pour l&rsquo;instant une \u00e9nigme. Seul l&rsquo;indice de fond est<br \/>\nvisible, laissant appara\u00eetre une vue de la Croisette \u00e0 Cannes. De<br \/>\nquoi faire <strong>patienter les fid\u00e8les de l&rsquo;\u00e9mission,<\/strong><br \/>\ntoujours curieux de d\u00e9couvrir <a href=\"https:\/\/www.telestar.fr\/actu_tv\/emilien-elimine-des-12-coups-de-midi-combien-detoiles-mysterieuses-a-t-il-decouvertes-1729381\" rel=\"nofollow noopener\" target=\"_blank\"><br \/>\nquelle c\u00e9l\u00e9brit\u00e9<\/a> se cache derri\u00e8re cette nouvelle grille.<\/p>\n","protected":false},"excerpt":{"rendered":"EN BREF Emilien, l\u00e9gende des 12 coups de midi, a quitt\u00e9 l\u00a0\u00bb\u00e9mission apr\u00e8s 647 participations et 2,5 millions&hellip;\n","protected":false},"author":2,"featured_media":349098,"comment_status":"","ping_status":"","sticky":false,"template":"","format":"standard","meta":{"footnotes":""},"categories":[8],"tags":[548,58,59,1011,27],"class_list":{"0":"post-349097","1":"post","2":"type-post","3":"status-publish","4":"format-standard","5":"has-post-thumbnail","7":"category-divertissement","8":"tag-article-simple","9":"tag-divertissement","10":"tag-entertainment","11":"tag-fr","12":"tag-france"},"share_on_mastodon":{"url":"https:\/\/pubeurope.com\/@fr\/115104271900208386","error":""},"_links":{"self":[{"href":"https:\/\/www.europesays.com\/fr\/wp-json\/wp\/v2\/posts\/349097","targetHints":{"allow":["GET"]}}],"collection":[{"href":"https:\/\/www.europesays.com\/fr\/wp-json\/wp\/v2\/posts"}],"about":[{"href":"https:\/\/www.europesays.com\/fr\/wp-json\/wp\/v2\/types\/post"}],"author":[{"embeddable":true,"href":"https:\/\/www.europesays.com\/fr\/wp-json\/wp\/v2\/users\/2"}],"replies":[{"embeddable":true,"href":"https:\/\/www.europesays.com\/fr\/wp-json\/wp\/v2\/comments?post=349097"}],"version-history":[{"count":0,"href":"https:\/\/www.europesays.com\/fr\/wp-json\/wp\/v2\/posts\/349097\/revisions"}],"wp:featuredmedia":[{"embeddable":true,"href":"https:\/\/www.europesays.com\/fr\/wp-json\/wp\/v2\/media\/349098"}],"wp:attachment":[{"href":"https:\/\/www.europesays.com\/fr\/wp-json\/wp\/v2\/media?parent=349097"}],"wp:term":[{"taxonomy":"category","embeddable":true,"href":"https:\/\/www.europesays.com\/fr\/wp-json\/wp\/v2\/categories?post=349097"},{"taxonomy":"post_tag","embeddable":true,"href":"https:\/\/www.europesays.com\/fr\/wp-json\/wp\/v2\/tags?post=349097"}],"curies":[{"name":"wp","href":"https:\/\/api.w.org\/{rel}","templated":true}]}}