{"id":349103,"date":"2025-08-28T03:31:13","date_gmt":"2025-08-28T03:31:13","guid":{"rendered":"https:\/\/www.europesays.com\/fr\/349103\/"},"modified":"2025-08-28T03:31:13","modified_gmt":"2025-08-28T03:31:13","slug":"lespagne-se-dechire-apres-lexplosion-des-flux-entre-lalgerie-et-les-iles-baleares","status":"publish","type":"post","link":"https:\/\/www.europesays.com\/fr\/349103\/","title":{"rendered":"l\u2019Espagne se d\u00e9chire apr\u00e8s l\u2019explosion des flux entre l\u2019Alg\u00e9rie et les \u00eeles Bal\u00e9ares"},"content":{"rendered":"<p><strong>D\u00c9CRYPTAGE &#8211;<\/strong> La pr\u00e9sidente de la r\u00e9gion, Marga Prohens, a tir\u00e9 la sonnette d\u2019alarme et mis en \u00e9vidence l\u2019accroissement consid\u00e9rable des arriv\u00e9es depuis l\u2019Alg\u00e9rie, scandalisant le gouvernement de Pedro S\u00e1nchez et certaines ONG.<\/p>\n<p class=\"fig-paragraph\"><a href=\"http:\/\/www.lefigaro.fr\/international\/douze-migrants-originaires-du-maghreb-portes-disparus-au-large-des-baleares-apres-avoir-saute-d-une-embarcation-20250823\" target=\"_blank\" data-fig-type=\"NewsFlash\" rel=\"noopener nofollow\" data-gtm-custom-categorie=\"navigation\" data-gtm-custom-action=\"crossclick\" data-gtm-custom-label=\"Contextuel\" data-gtm-event=\"customEventSPE\" data-fig-domain=\"LEFIGARO\">Plus de 600 personnes arriv\u00e9es par la mer en trois jours<\/a>. Deux fois plus que sur la totalit\u00e9 de l\u2019ann\u00e9e derni\u00e8re. Quatre fois plus de mineurs qu\u2019il y a trois ans. Et un message sans \u00e9quivoque de la responsable politique locale\u00a0: \u00abNous ne pouvons plus vous accueillir dignement. \u00c0 tous ceux qui attendent de pouvoir partir vers nos c\u00f4tes\u00a0: il n\u2019y a pas de ressources, il n\u2019y a pas de professionnels, il n\u2019y a pas de centres d\u2019accueil\u00a0\u00bb.<\/p>\n<p class=\"fig-paragraph\">La conservatrice Marga Prohens (Parti populaire, PP) a tir\u00e9 la sonnette d\u2019alarme et mis en \u00e9vidence l\u2019accroissement consid\u00e9rable des arriv\u00e9es de migrants par la route\u00a0<a href=\"http:\/\/www.lefigaro.fr\/flash-actu\/espagne-plus-de-250-migrants-partis-d-algerie-arrives-aux-baleares-depuis-noel-20221228\" target=\"_blank\" data-fig-type=\"NewsFlash\" rel=\"noopener nofollow\" data-gtm-custom-categorie=\"navigation\" data-gtm-custom-action=\"crossclick\" data-gtm-custom-label=\"Contextuel\" data-gtm-event=\"customEventSPE\" data-fig-domain=\"LEFIGARO\">entre l\u2019Alg\u00e9rie et les \u00celes Bal\u00e9ares<\/a>, la r\u00e9gion qu\u2019elle pr\u00e9side. Passant des paroles aux actes, son gouvernement r\u00e9gional a port\u00e9 un recours contre le plan du gouvernement consistant \u00e0 distribuer entre les 17 communaut\u00e9s autonomes espagnoles les quelque 4000 mineurs isol\u00e9s qui d\u00e9bordent les capacit\u00e9s des Canaries, l\u2019autre archipel espagnol, et de Ceuta, ville espagnole sur la c\u00f4te\u2026<\/p>\n<p class=\"fig-premium-paywall__infos\">\n        Cet article est r\u00e9serv\u00e9 aux abonn\u00e9s.        Il vous reste 80% \u00e0 d\u00e9couvrir.\n    <\/p>\n<p>                <img  data- alt=\"Le Figaro\" class=\"fig-img--complete fig-img\"\/><\/p>\n<p class=\"fig-premium-paywall__title\">Vente Flash<\/p>\n<p class=\"fig-premium-paywall__subtitle\">4,99\u20ac par mois pendant 12 mois. Sans engagement<\/p>\n<p class=\"fig-premium-paywall__connect\">\n                D\u00e9j\u00e0 abonn\u00e9\u00a0?                <a class=\"fig-premium-paywall__connect-link\" href=\"https:\/\/connect.lefigaro.fr\/login?client=horizon_web&amp;type=main&amp;redirect_uri=https%3A%2F%2Fwww.lefigaro.fr%2Finternational%2Fplus-de-4700-migrants-sont-arrives-sur-les-cotes-en-2025-l-espagne-se-dechire-apres-l-explosion-des-flux-entre-l-algerie-et-les-iles-baleares-20250827\" data-js-gtm=\"{&quot;customCategorie&quot;: &quot;conversion&quot;, &quot;customAction&quot;: &quot;before_Landing_Connexion_paywall_auto&quot;, &quot;customLabel&quot;: &quot;bGVmaWdhcm8uZnJfXzFmMDgyOTQ4LWVhYmMtNmVjMC1iMTg2LWMxODQzZjY5YWY4NV9fQXJ0aWNsZQ==_\u00abPlus de 4700 migrants sont arriv\u00e9s sur les c\u00f4tes en 2025\u00bb\u00a0: l\u2019Espagne se d\u00e9chire apr\u00e8s l\u2019explosion des flux entre l\u2019Alg\u00e9rie et les \u00eeles Bal\u00e9ares_550&quot;, &quot;customIDSPE&quot;: &quot;bGVmaWdhcm8uZnJfXzFmMDgyOTQ4LWVhYmMtNmVjMC1iMTg2LWMxODQzZjY5YWY4NV9fQXJ0aWNsZQ==&quot;, &quot;event&quot;: &quot;customEventSPE&quot;}\" rel=\"nofollow noopener\" target=\"_blank\"><br \/>\n                    Connectez-vous<br \/>\n                <\/a>\n            <\/p>\n","protected":false},"excerpt":{"rendered":"D\u00c9CRYPTAGE &#8211; La pr\u00e9sidente de la r\u00e9gion, Marga Prohens, a tir\u00e9 la sonnette d\u2019alarme et mis en \u00e9vidence&hellip;\n","protected":false},"author":2,"featured_media":349104,"comment_status":"","ping_status":"","sticky":false,"template":"","format":"standard","meta":{"footnotes":""},"categories":[5],"tags":[11,1011,27,1061,14,12,28],"class_list":{"0":"post-349103","1":"post","2":"type-post","3":"status-publish","4":"format-standard","5":"has-post-thumbnail","7":"category-international","8":"tag-actualites","9":"tag-fr","10":"tag-france","11":"tag-immigration","12":"tag-international","13":"tag-news","14":"tag-world"},"share_on_mastodon":{"url":"https:\/\/pubeurope.com\/@fr\/115104283724523927","error":""},"_links":{"self":[{"href":"https:\/\/www.europesays.com\/fr\/wp-json\/wp\/v2\/posts\/349103","targetHints":{"allow":["GET"]}}],"collection":[{"href":"https:\/\/www.europesays.com\/fr\/wp-json\/wp\/v2\/posts"}],"about":[{"href":"https:\/\/www.europesays.com\/fr\/wp-json\/wp\/v2\/types\/post"}],"author":[{"embeddable":true,"href":"https:\/\/www.europesays.com\/fr\/wp-json\/wp\/v2\/users\/2"}],"replies":[{"embeddable":true,"href":"https:\/\/www.europesays.com\/fr\/wp-json\/wp\/v2\/comments?post=349103"}],"version-history":[{"count":0,"href":"https:\/\/www.europesays.com\/fr\/wp-json\/wp\/v2\/posts\/349103\/revisions"}],"wp:featuredmedia":[{"embeddable":true,"href":"https:\/\/www.europesays.com\/fr\/wp-json\/wp\/v2\/media\/349104"}],"wp:attachment":[{"href":"https:\/\/www.europesays.com\/fr\/wp-json\/wp\/v2\/media?parent=349103"}],"wp:term":[{"taxonomy":"category","embeddable":true,"href":"https:\/\/www.europesays.com\/fr\/wp-json\/wp\/v2\/categories?post=349103"},{"taxonomy":"post_tag","embeddable":true,"href":"https:\/\/www.europesays.com\/fr\/wp-json\/wp\/v2\/tags?post=349103"}],"curies":[{"name":"wp","href":"https:\/\/api.w.org\/{rel}","templated":true}]}}