{"id":349105,"date":"2025-08-28T03:32:13","date_gmt":"2025-08-28T03:32:13","guid":{"rendered":"https:\/\/www.europesays.com\/fr\/349105\/"},"modified":"2025-08-28T03:32:13","modified_gmt":"2025-08-28T03:32:13","slug":"le-choc-apres-le-meurtre-dun-homme-au-havre","status":"publish","type":"post","link":"https:\/\/www.europesays.com\/fr\/349105\/","title":{"rendered":"le choc apr\u00e8s le meurtre d&rsquo;un homme au Havre"},"content":{"rendered":"<p>            Par<br \/>\n        <strong><br \/>\n            <a href=\"https:\/\/actu.fr\/auteur\/vanessa-leroy\" title=\"Consulter tous les articles de Vanessa Leroy\" target=\"_blank\" rel=\"noopener\">Vanessa Leroy<\/a><br \/>\n        <\/strong><\/p>\n<p>        Publi\u00e9 le<\/p>\n<p>            27 ao\u00fbt 2025 \u00e0 20h58        <\/p>\n<p>Depuis deux mois, <strong>la rue Anatole-France<\/strong>, au\u00a0<a href=\"https:\/\/actu.fr\/normandie\/le-havre_76351\/poignarde-au-sol-et-en-pleine-rue-au-havre-l-homme-est-mort-et-le-suspect-ne-s-explique-pas_63019224.html\" target=\"_blank\" rel=\"noopener\">Havre<\/a>, fait parler d\u2019elle. Et pas forc\u00e9ment en bien\u2026 Il y a d\u2019abord eu un <a href=\"https:\/\/actu.fr\/normandie\/le-havre_76351\/trottinette-pompiers-que-s-est-il-passe-ce-mercredi-pres-du-centre-coty-au-havre_62825133.html\" target=\"_blank\" rel=\"noopener\">grave accident<\/a> entre une personne de 23\u00a0ans circulant sur une trottinette et le conducteur d\u2019une ambulance le 25\u00a0juin 2025, \u00e0 l\u2019angle avec la rue Jean-Baptiste-Eyri\u00e8s, puis <a href=\"https:\/\/actu.fr\/normandie\/le-havre_76351\/des-plaies-multiples-un-homme-secouru-dans-un-etat-critique-au-havre_63017131.html\" target=\"_blank\" rel=\"noopener\">le meurtre d\u2019un homme de 51\u00a0ans<\/a> agress\u00e9 de plusieurs coups de couteau dans la nuit du 7 au 8\u00a0ao\u00fbt 2025 par un jeune qui a dit \u00ab\u2009n\u2019avoir <a href=\"https:\/\/actu.fr\/normandie\/le-havre_76351\/poignarde-au-sol-et-en-pleine-rue-au-havre-l-homme-est-mort-et-le-suspect-ne-s-explique-pas_63019224.html\" target=\"_blank\" rel=\"noopener\">aucun souvenir de la soir\u00e9e<\/a>\u2009\u00bb.<br \/>Et samedi 23\u00a0ao\u00fbt 2025, vers 18h15, un homme de 27\u00a0ans a \u00e9t\u00e9 <a href=\"https:\/\/actu.fr\/normandie\/le-havre_76351\/une-altercation-au-volant-finit-en-meurtre-au-havre-ce-que-l-on-sait-du-drame-de-samedi_63077220.html\" target=\"_blank\" rel=\"noopener\">mortellement percut\u00e9 par une automobiliste<\/a> de 21\u00a0ans. De quoi secouer les habitu\u00e9s de ce quartier proche du Centre Coty et de l\u2019h\u00f4tel de ville.<\/p>\n<p>La conductrice a pris la fuite, \u00e0 contresens, par la rue d\u2019Apr\u00e8s Mannevillette<\/p>\n<p class=\" wall-content\">Quatre jours apr\u00e8s le drame, l\u2019accident mortel est d\u2019ailleurs toujours sur toutes les l\u00e8vres. <strong>\u00ab\u2009C\u2019est choquant ce qui est arriv\u00e9\u2009\u00bb<\/strong>, souffle Denise*, rencontr\u00e9e mercredi 27\u00a0ao\u00fbt au bar Le Senoritas rue Anatole-France. \u00ab\u2009Perdre la vie pour des b\u00eatises\u2026 Et cette femme qui est en prison, qui va s\u2019occuper de ses enfants\u2009?\u2009\u00bb<\/p>\n<p class=\" wall-content\">Denise habite \u00e0 quelques pas de l\u00e0, rue d\u2019Apr\u00e8s-Mannevillette. C\u2019est par cette rue que la conductrice s\u2019est enfuie, dans le sens inverse de circulation. \u00ab\u2009Je n\u2019ai rien vu, je n\u2019\u00e9tais pas \u00e0 ma fen\u00eatre.\u2009\u00bb<\/p>\n<p class=\" wall-content\">Jerry*, toujours sous le choc, \u00e9tait sur les lieux. \u00ab\u2009Je l\u2019ai vu allong\u00e9. <strong>C\u2019est grave d\u2019en arriver l\u00e0 pour un doigt d\u2019honneur<\/strong>. Aujourd\u2019hui, il ne faut pas faire de geste d\u00e9plac\u00e9 en voiture.\u2009\u00bb<\/p>\n<p>Jimmy a vu la conductrice prendre la fuite \u00e0 tr\u00e8s vive allure<br \/>\n    <img   decoding=\"async\" loading=\"lazy\" src=\"https:\/\/www.europesays.com\/fr\/wp-content\/uploads\/2025\/08\/rue-anatole-france-le-havre-pieton-960x640.jpg\" alt=\"T\" width=\"960\" height=\"640\"\/><br \/>\n    L\u2019homme mortellement percut\u00e9 a \u00e9t\u00e9 tra\u00een\u00e9 sur une pr\u00e8s d\u2019une cinquantaine de m\u00e8tres. (\u00a9VL\/76actu)<\/p>\n<p class=\" wall-content\">Jimmy, lui, \u00e9tait <strong>malheureusement aux premi\u00e8res loges<\/strong> samedi 23\u00a0ao\u00fbt. Avec son chien Lucky, il vit dans le quartier et s\u2019installe r\u00e9guli\u00e8rement devant l\u2019entr\u00e9e du magasin Carrefour City. \u00ab\u2009Je n\u2019ai pas entendu de bruit, je parlais avec quelqu\u2019un\u2009\u00bb, confie-t-il. S\u2019il n\u2019a pas vu le choc \u00e0 proprement parler, il a assist\u00e9 au d\u00e9lit de fuite et \u00e0 l\u2019arriv\u00e9e des secours.<\/p>\n<blockquote class=\"ac-article-quote wall-content\">\n<p>J&rsquo;ai vu une voiture qui roulait comme une dingue et qui a tourn\u00e9 \u00e0 droite \u00e0 toute vitesse. Je ne sais pas \u00e0 combien elle est pass\u00e9e mais elle aurait pu se renverser en tournant. Elle a bousill\u00e9 sa vie.<\/p>\n<p>    <strong>Jimmy<\/strong><br \/>\n        habitant du quartier Coty au Havre    <\/p><\/blockquote>\n<p class=\" wall-content\">\u00ab\u2009Ensuite, j\u2019ai tourn\u00e9 la t\u00eate \u00e0 gauche et j\u2019ai vu une personne au sol. Les gens se sont pr\u00e9cipit\u00e9s vers lui. <strong>Il ne bougeait plus<\/strong> et m\u00eame pas dix minutes apr\u00e8s, les pompiers et la police sont arriv\u00e9s\u2009\u00bb, poursuit Jimmy, qui \u00e9tait \u00e9galement un proche de l\u2019homme tu\u00e9 \u00e0 coups de couteau le 7\u00a0ao\u00fbt dernier. \u00ab\u2009C\u2019\u00e9tait un gars gentil.\u2009\u00bb<\/p>\n<p>Votre r\u00e9gion, votre actu !<\/p>\n<p>Recevez chaque jour les infos qui comptent pour vous.<\/p>\n<p>\t<a href=\"https:\/\/actu.fr\/newsletter\" class=\"ac-btn ac-btn--corner ac-btn--medium ac-btn--blue800\" target=\"_blank\" rel=\"noopener\">S&rsquo;incrire<\/a><\/p>\n<p class=\" wall-content\">\u00ab\u2009Trois morts en deux mois, \u00e7a commence \u00e0 faire beaucoup\u2026\u2009\u00bb, d\u00e9plore Denise. Les habitants aspirent \u00e0 retrouver une tranquillit\u00e9 de quartier et en finir avec cette loi des s\u00e9ries.<\/p>\n<p>* Les pr\u00e9noms ont \u00e9t\u00e9 modifi\u00e9s<\/p>\n<p>Suivez l\u2019actualit\u00e9 du\u00a0Havre <a href=\"https:\/\/www.whatsapp.com\/channel\/0029VaFqJYE8aKvLBwVrEe0o\" target=\"_blank\" rel=\"noopener\">sur notre cha\u00eene WhatsApp<\/a> et <a href=\"https:\/\/www.tiktok.com\/@76actu.fr?lang=fr\" target=\"_blank\" rel=\"noopener\">sur notre compte TikTok<\/a><\/p>\n<p class=\" wall-content\">Personnalisez votre actualit\u00e9 en ajoutant vos villes et m\u00e9dias en favori avec <a href=\"https:\/\/moncompte.actu.fr\" title=\"D\u00e9couvez Mon Actu\" rel=\"nofollow noopener\" data-trk=\"{&quot;cta&quot;:{&quot;action&quot;:&quot;https:\\\/\\\/moncompte.actu.fr&quot;,&quot;category&quot;:&quot;mon compte&quot;,&quot;from&quot;:&quot;article footer&quot;,&quot;name&quot;:&quot;Mon actu&quot;,&quot;type&quot;:&quot;cta&quot;}}\" target=\"_blank\">Mon Actu<\/a>.<\/p>\n<p>                    <script async src=\"\/\/www.tiktok.com\/embed.js\"><\/script><\/p>\n","protected":false},"excerpt":{"rendered":"Par Vanessa Leroy Publi\u00e9 le 27 ao\u00fbt 2025 \u00e0 20h58 Depuis deux mois, la rue Anatole-France, au\u00a0Havre, fait&hellip;\n","protected":false},"author":2,"featured_media":349106,"comment_status":"","ping_status":"","sticky":false,"template":"","format":"standard","meta":{"footnotes":""},"categories":[4],"tags":[119,11,118,1011,27,777,12,1072,25],"class_list":{"0":"post-349105","1":"post","2":"type-post","3":"status-publish","4":"format-standard","5":"has-post-thumbnail","7":"category-france","8":"tag-accident","9":"tag-actualites","10":"tag-faits-divers","11":"tag-fr","12":"tag-france","13":"tag-meurtre","14":"tag-news","15":"tag-police","16":"tag-republique-francaise"},"share_on_mastodon":{"url":"https:\/\/pubeurope.com\/@fr\/115104287962470935","error":""},"_links":{"self":[{"href":"https:\/\/www.europesays.com\/fr\/wp-json\/wp\/v2\/posts\/349105","targetHints":{"allow":["GET"]}}],"collection":[{"href":"https:\/\/www.europesays.com\/fr\/wp-json\/wp\/v2\/posts"}],"about":[{"href":"https:\/\/www.europesays.com\/fr\/wp-json\/wp\/v2\/types\/post"}],"author":[{"embeddable":true,"href":"https:\/\/www.europesays.com\/fr\/wp-json\/wp\/v2\/users\/2"}],"replies":[{"embeddable":true,"href":"https:\/\/www.europesays.com\/fr\/wp-json\/wp\/v2\/comments?post=349105"}],"version-history":[{"count":0,"href":"https:\/\/www.europesays.com\/fr\/wp-json\/wp\/v2\/posts\/349105\/revisions"}],"wp:featuredmedia":[{"embeddable":true,"href":"https:\/\/www.europesays.com\/fr\/wp-json\/wp\/v2\/media\/349106"}],"wp:attachment":[{"href":"https:\/\/www.europesays.com\/fr\/wp-json\/wp\/v2\/media?parent=349105"}],"wp:term":[{"taxonomy":"category","embeddable":true,"href":"https:\/\/www.europesays.com\/fr\/wp-json\/wp\/v2\/categories?post=349105"},{"taxonomy":"post_tag","embeddable":true,"href":"https:\/\/www.europesays.com\/fr\/wp-json\/wp\/v2\/tags?post=349105"}],"curies":[{"name":"wp","href":"https:\/\/api.w.org\/{rel}","templated":true}]}}