{"id":349109,"date":"2025-08-28T03:35:54","date_gmt":"2025-08-28T03:35:54","guid":{"rendered":"https:\/\/www.europesays.com\/fr\/349109\/"},"modified":"2025-08-28T03:35:54","modified_gmt":"2025-08-28T03:35:54","slug":"loire-un-bar-tabac-braque-a-la-machette-dans-cette-commune-ce-quil-sest-passe","status":"publish","type":"post","link":"https:\/\/www.europesays.com\/fr\/349109\/","title":{"rendered":"Loire. Un bar-tabac braqu\u00e9 \u00e0 la machette dans cette commune : ce qu&rsquo;il s&rsquo;est pass\u00e9"},"content":{"rendered":"<p>            Par<br \/>\n        <strong><br \/>\n            <a href=\"https:\/\/actu.fr\/auteur\/mathias-souteyrat\" title=\"Consulter tous les articles de Mathias Souteyrat\" rel=\"nofollow noopener\" target=\"_blank\">Mathias Souteyrat<\/a><br \/>\n        <\/strong><\/p>\n<p>        Publi\u00e9 le<\/p>\n<p>            26 ao\u00fbt 2025 \u00e0 14h25        <\/p>\n<p>Un vol \u00e0 main arm\u00e9e a \u00e9t\u00e9 commis par trois hommes lundi 25\u00a0ao\u00fbt en d\u00e9but de matin\u00e9e au bar-tabac \u00ab\u2009Chez Didier\u2009\u00bb de <a href=\"https:\/\/actu.fr\/auvergne-rhone-alpes\/rive-de-gier_42186\" rel=\"nofollow noopener\" target=\"_blank\">Rive-de-Gier<\/a> (Loire), pr\u00e8s de <a href=\"https:\/\/actu.fr\/auvergne-rhone-alpes\/saint-etienne_42218\" rel=\"nofollow noopener\" target=\"_blank\">Saint-Etienne<\/a>. Les trois individus \u00e9taient arm\u00e9s de machettes. L\u2019enqu\u00eate est en cours, nous pr\u00e9cise la police. Ce qu\u2019il s\u2019est pass\u00e9.<\/p>\n<p>\u00ab\u2009Cette agression, probablement venue de la r\u00e9gion lyonnaise\u2009\u00bb<\/p>\n<p class=\" wall-content\">Les malfaiteurs se sont fait remettre plusieurs cartouches de cigarettes avant de repartir <strong>par l\u2019autoroute en direction de Lyon<\/strong>, pr\u00e9cise la mairie ripag\u00e9rienne dans un communiqu\u00e9 ce mardi sur les r\u00e9seaux sociaux.<\/p>\n<p class=\" wall-content\">Le maire de Rive-de-Gier, Vincent Bony, et Ridha Guichard, son adjoint \u00e0 la s\u00e9curit\u00e9, se sont rendus aupr\u00e8s du commer\u00e7ant pour \u00ab\u00a0exprimer leur solidarit\u00e9 et le soutien de la municipalit\u00e9\u00a0\u00bb.<\/p>\n<blockquote class=\"ac-article-quote wall-content\">\n<p>Totalement inacceptable cette agression, probablement venue de la r\u00e9gion lyonnaise. Je ne laisserai pas faire. Les images de vid\u00e9o-surveillance municipales ont \u00e9t\u00e9 imm\u00e9diatement mises \u00e0 la disposition des enqu\u00eateurs.<\/p>\n<p>    <strong>Vincent Bony<\/strong><br \/>\n        Maire de Rive-de-Gier    <\/p><\/blockquote>\n<p>Le maire de Rive-de-Gier demande un retour d\u2019un commissariat<\/p>\n<p class=\" wall-content\">Une section sp\u00e9cialis\u00e9e de la police nationale a \u00e9t\u00e9 charg\u00e9e de l\u2019affaire par le procureur de la R\u00e9publique.<\/p>\n<p class=\" wall-content\">Vincent Bony rappelle \u00ab\u00a0sa demande aupr\u00e8s de l\u2019\u00c9tat du retour d\u2019un commissariat de police nationale dans sa commune, regrettant les choix lib\u00e9raux actuels de r\u00e9gression des services publics nationaux\u00a0\u00bb.<\/p>\n<p class=\" wall-content\">Personnalisez votre actualit\u00e9 en ajoutant vos villes et m\u00e9dias en favori avec <a href=\"https:\/\/moncompte.actu.fr\" title=\"D\u00e9couvez Mon Actu\" rel=\"nofollow noopener\" data-trk=\"{&quot;cta&quot;:{&quot;action&quot;:&quot;https:\\\/\\\/moncompte.actu.fr&quot;,&quot;category&quot;:&quot;mon compte&quot;,&quot;from&quot;:&quot;article footer&quot;,&quot;name&quot;:&quot;Mon actu&quot;,&quot;type&quot;:&quot;cta&quot;}}\" target=\"_blank\">Mon Actu<\/a>.<\/p>\n","protected":false},"excerpt":{"rendered":"Par Mathias Souteyrat Publi\u00e9 le 26 ao\u00fbt 2025 \u00e0 14h25 Un vol \u00e0 main arm\u00e9e a \u00e9t\u00e9 commis&hellip;\n","protected":false},"author":2,"featured_media":37035,"comment_status":"","ping_status":"","sticky":false,"template":"","format":"standard","meta":{"footnotes":""},"categories":[9653],"tags":[1111,11,2430,1174,215,1777,674,118,1011,27,12,1072,25,4001],"class_list":{"0":"post-349109","1":"post","2":"type-post","3":"status-publish","4":"format-standard","5":"has-post-thumbnail","7":"category-saint-etienne","8":"tag-actu","9":"tag-actualites","10":"tag-auvergne-rhone-alpes","11":"tag-cambriolage","12":"tag-commerce","13":"tag-eu","14":"tag-europe","15":"tag-faits-divers","16":"tag-fr","17":"tag-france","18":"tag-news","19":"tag-police","20":"tag-republique-francaise","21":"tag-saint-etienne"},"share_on_mastodon":{"url":"https:\/\/pubeurope.com\/@fr\/115104303210392229","error":""},"_links":{"self":[{"href":"https:\/\/www.europesays.com\/fr\/wp-json\/wp\/v2\/posts\/349109","targetHints":{"allow":["GET"]}}],"collection":[{"href":"https:\/\/www.europesays.com\/fr\/wp-json\/wp\/v2\/posts"}],"about":[{"href":"https:\/\/www.europesays.com\/fr\/wp-json\/wp\/v2\/types\/post"}],"author":[{"embeddable":true,"href":"https:\/\/www.europesays.com\/fr\/wp-json\/wp\/v2\/users\/2"}],"replies":[{"embeddable":true,"href":"https:\/\/www.europesays.com\/fr\/wp-json\/wp\/v2\/comments?post=349109"}],"version-history":[{"count":0,"href":"https:\/\/www.europesays.com\/fr\/wp-json\/wp\/v2\/posts\/349109\/revisions"}],"wp:featuredmedia":[{"embeddable":true,"href":"https:\/\/www.europesays.com\/fr\/wp-json\/wp\/v2\/media\/37035"}],"wp:attachment":[{"href":"https:\/\/www.europesays.com\/fr\/wp-json\/wp\/v2\/media?parent=349109"}],"wp:term":[{"taxonomy":"category","embeddable":true,"href":"https:\/\/www.europesays.com\/fr\/wp-json\/wp\/v2\/categories?post=349109"},{"taxonomy":"post_tag","embeddable":true,"href":"https:\/\/www.europesays.com\/fr\/wp-json\/wp\/v2\/tags?post=349109"}],"curies":[{"name":"wp","href":"https:\/\/api.w.org\/{rel}","templated":true}]}}