{"id":349117,"date":"2025-08-28T03:42:39","date_gmt":"2025-08-28T03:42:39","guid":{"rendered":"https:\/\/www.europesays.com\/fr\/349117\/"},"modified":"2025-08-28T03:42:39","modified_gmt":"2025-08-28T03:42:39","slug":"5-idees-sorties-sympa-pour-ce-week-end-29-au-31-aout","status":"publish","type":"post","link":"https:\/\/www.europesays.com\/fr\/349117\/","title":{"rendered":"5 id\u00e9es sorties sympa pour ce week-end (29 au 31 ao\u00fbt)"},"content":{"rendered":"<p class=\"intro\">Ah, la fin ao\u00fbt \u00e0 Montpellier\u00a0! Comme si l&rsquo;\u00e9t\u00e9 avait d\u00e9cid\u00e9 de nous faire ses derniers adieux en beaut\u00e9. Ce week-end du 29 au 31 ao\u00fbt s&rsquo;annonce d\u00e9licieusement \u00e9clectique\u00a0: entre f\u00eates foraines qui font tourner la t\u00eate (et le porte-monnaie), festivals qui font vibrer les tympans et soir\u00e9es dansantes pour \u00e9chauffer les mollets avant la rentr\u00e9e. Alors, pr\u00e9parez-vous \u00e0 jongler entre barbe \u00e0 papa et rythmes endiabl\u00e9s\u00a0!<\/p>\n<p class=\"mise_en_avant\"><strong>Pr\u00e9visions m\u00e9t\u00e9o ce week-end\u00a0:<\/strong> Le soleil sera de la partie avec des temp\u00e9ratures oscillant entre 25\u00b0C et 27\u00b0C sous un ciel d\u00e9gag\u00e9 \u00e0 peu nuageux \u2013 parfait pour profiter des festivit\u00e9s en plein air\u00a0!<\/p>\n<p>1\/ [Coup de \u2764\ufe0f JDS] F\u00eate foraine Luna Park de Palavas-les-Flots 2025\u00a0: les derniers tours de man\u00e8ge<\/p>\n<p>Le <a href=\"https:\/\/www.jds.fr\/montpellier\/manifestations\/fete-foraine\/fete-foraine-luna-park-de-palavas-les-flots-974747_A\" rel=\"nofollow noopener\" target=\"_blank\">Luna Park de Palavas-les-Flots<\/a> vit ses derniers instants magiques avant la fermeture du 31 ao\u00fbt\u00a0! \ud83c\udfa2 Avec son Booster M65 qui vous propulse dans les airs et sa grande roue offrant une vue imprenable sur la M\u00e9diterran\u00e9e, c&rsquo;est l&rsquo;occasion parfaite de revivre une derni\u00e8re fois ces sensations d&rsquo;enfance. L&rsquo;ambiance nocturne, les odeurs de churros et l&rsquo;adr\u00e9naline des montagnes russes\u00a0: un cocktail parfait pour dire au revoir \u00e0 l&rsquo;\u00e9t\u00e9 en beaut\u00e9.<\/p>\n<p>\ud83d\udca1 <strong>Notre conseil\u00a0:<\/strong> Profitez des derniers jours pour tenter votre chance aux stands de jeux d&rsquo;adresse \u2013 c&rsquo;est maintenant ou jamais pour repartir avec cette peluche g\u00e9ante qui vous fait de l&rsquo;\u0153il depuis le d\u00e9but de l&rsquo;\u00e9t\u00e9\u00a0!<\/p>\n<p>\ud83d\udccd Palavas-les-Flots<br \/>\ud83d\udcc5 Jusqu&rsquo;au 31\/08\/2025<\/p>\n<p class=\"mise_en_avant\">\ud83d\udc49 <a href=\"https:\/\/www.jds.fr\/montpellier\/manifestations\/fete-foraine\/fete-foraine-luna-park-de-palavas-les-flots-974747_A\" rel=\"nofollow noopener\" target=\"_blank\">[Coup de \u2764\ufe0f JDS] F\u00eate foraine Luna Park de Palavas-les-Flots 2025\u00a0: toutes les informations<\/a><\/p>\n<p><a data-lightbox=\"article\" data-title=\"F\u00eate foraine Luna Park de Palavas-les-Flots : man\u00e8ges, attractions et jeux pour petits et grands \u00a9 OT PALAVAS\" class=\"image detail fullwidth\" href=\"https:\/\/www.jds.fr\/medias\/image\/fete-foraine-luna-park-de-palavas-les-flots-612999-1200-0-F.webp\" title=\"F\u00eate foraine Luna Park de Palavas-les-Flots : man\u00e8ges, attractions et jeux pour petits et grands \u00a9 OT PALAVAS\" rel=\"nofollow noopener\" target=\"_blank\"><br \/>\n<img decoding=\"async\" loading=\"lazy\" src=\"https:\/\/www.europesays.com\/fr\/wp-content\/uploads\/2025\/07\/fete-foraine-luna-park-de-palavas-les-flots-612999-1200-0.webp.webp\"   alt=\"F\u00eate foraine Luna Park de Palavas-les-Flots : man\u00e8ges, attractions et jeux pour petits et grands\" class=\"shortcode_image border\"\/><br \/>\n\u00a9 OT PALAVAS<br \/>\nF\u00eate foraine Luna Park de Palavas-les-Flots : man\u00e8ges, attractions et jeux pour petits et grands<br \/>\n<\/a><\/p>\n<p>2\/ Luna Park P\u00e9rols\u00a0: \u00e9t\u00e9 2025, les nouveaut\u00e9s qui cartonnent<\/p>\n<p>Le <a href=\"https:\/\/www.jds.fr\/montpellier\/manifestations\/fete-foraine\/luna-park-perols-ete-1028503_A\" rel=\"nofollow noopener\" target=\"_blank\">Luna Park de P\u00e9rols<\/a> tire sa r\u00e9v\u00e9rence le 30 ao\u00fbt avec deux nouveaut\u00e9s qui ont fait sensation cet \u00e9t\u00e9\u00a0! \ud83c\udfa0\u00a0\u00ab\u00a0The Mouse\u00a0\u00bb, un grand huit familial aux couleurs bavaroises, et\u00a0\u00ab\u00a0OXYGEN\u00a0\u00bb, un man\u00e8ge \u00e0 sensations fortes qui promet de vous faire tourner la t\u00eate dans tous les sens. Situ\u00e9 au Parc Expo Arena, c&rsquo;est l&rsquo;alternative parfaite pour ceux qui veulent \u00e9viter la foule de Palavas tout en gardant l&rsquo;esprit f\u00eate foraine.<\/p>\n<p>\ud83d\udca1 <strong>Notre conseil\u00a0:<\/strong> Accessible en tram ligne 3 (arr\u00eat Parc Expo), c&rsquo;est l&rsquo;option id\u00e9ale pour une soir\u00e9e sans se soucier du parking \u2013 et vous pourrez m\u00eame rentrer en toute s\u00e9curit\u00e9 apr\u00e8s avoir test\u00e9 tous les man\u00e8ges\u00a0!<\/p>\n<p>\ud83d\udccd P\u00e9rols<br \/>\ud83d\udcc5 Jusqu&rsquo;au 30\/08\/2025<\/p>\n<p class=\"mise_en_avant\">\ud83d\udc49 <a href=\"https:\/\/www.jds.fr\/montpellier\/manifestations\/fete-foraine\/luna-park-perols-ete-1028503_A\" rel=\"nofollow noopener\" target=\"_blank\">Luna Park Perols\u00a0: \u00e9t\u00e9 2025\u00a0: toutes les informations<\/a><\/p>\n<p><a data-lightbox=\"article\" data-title=\"Luna Park P\u00e9rols : stands et attractions \u00a9 Facebook - Luna Park P\u00e9rols\" class=\"image detail fullwidth\" href=\"https:\/\/www.jds.fr\/medias\/image\/luna-park-perols-ete-641854-1200-0-F.webp\" title=\"Luna Park P\u00e9rols : stands et attractions \u00a9 Facebook - Luna Park P\u00e9rols\" rel=\"nofollow noopener\" target=\"_blank\"><br \/>\n<img decoding=\"async\" loading=\"lazy\" src=\"https:\/\/www.europesays.com\/fr\/wp-content\/uploads\/2025\/07\/luna-park-perols-ete-641854-1200-0.webp.webp\"   alt=\"Luna Park P\u00e9rols : stands et attractions\" class=\"shortcode_image border\"\/><br \/>\n\u00a9 Facebook &#8211; Luna Park P\u00e9rols<br \/>\nLuna Park P\u00e9rols : stands et attractions<br \/>\n<\/a><\/p>\n<p>3\/ Aleyrock Festival\u00a0: myst\u00e8re et boule de rock \u00e0 Sauteyrargues<\/p>\n<p>Direction <a href=\"https:\/\/www.jds.fr\/montpellier\/manifestations\/festival\/aleyrock-festival-1053724_A\" rel=\"nofollow noopener\" target=\"_blank\">Aleyrock Festival \u00e0 Sauteyrargues<\/a> le 30 ao\u00fbt au Parc de La Chapelle d&rsquo;Aleyrac\u00a0! \ud83c\udfb8 Bon, avouons-le, les d\u00e9tails de la programmation restent encore un peu myst\u00e9rieux (merci les organisateurs pour cette approche\u00a0\u00ab\u00a0surprise party\u00a0\u00bb), mais un festival rock dans un cadre bucolique, \u00e7a ne se refuse pas. L&rsquo;occasion parfaite de d\u00e9couvrir de nouveaux talents et de profiter d&rsquo;une ambiance plus intimiste qu&rsquo;en ville.<\/p>\n<p>\ud83d\udca1 <strong>Notre conseil\u00a0:<\/strong> Pr\u00e9parez-vous \u00e0 l&rsquo;aventure et gardez l&rsquo;esprit ouvert \u2013 les meilleurs souvenirs musicaux naissent souvent des d\u00e9couvertes inattendues dans des lieux atypiques\u00a0!<\/p>\n<p>\ud83d\udccd Parc de La Chapelle d&rsquo;Aleyrac | Sauteyrargues<br \/>\ud83d\udcc5 Le 30\/08\/2025<\/p>\n<p class=\"mise_en_avant\">\ud83d\udc49 <a href=\"https:\/\/www.jds.fr\/montpellier\/manifestations\/festival\/aleyrock-festival-1053724_A\" rel=\"nofollow noopener\" target=\"_blank\">Aleyrock Festival\u00a0: toutes les informations<\/a><\/p>\n<p>4\/ Mama Stock\u00a0: du son, du soleil et des sourires au Parc Montcalm<\/p>\n<p><a href=\"https:\/\/www.jds.fr\/montpellier\/manifestations\/festival\/mama-stock-1071236_A\" rel=\"nofollow noopener\" target=\"_blank\">Mama Stock<\/a> s&rsquo;installe au Parc Montcalm les 30 et 31 ao\u00fbt pour un week-end plac\u00e9 sous le signe de l&rsquo;\u00e9clectisme musical\u00a0! \ud83c\udfb5 Mo&rsquo;Kalamity et son reggae engag\u00e9, Mauvaise Bouche et son slam nerveux, ou encore Alee avec Mourad Musset de La Rue K\u00e9tanou&#8230; Une programmation qui respire la bonne humeur et la diversit\u00e9. Entre march\u00e9 de cr\u00e9ateurs, ateliers et restauration responsable, c&rsquo;est le festival parfait pour les familles et les m\u00e9lomanes exigeants.<\/p>\n<p>\ud83d\udca1 <strong>Notre conseil\u00a0:<\/strong> Arrivez t\u00f4t pour profiter des animations et du march\u00e9 de cr\u00e9ateurs \u2013 et pr\u00e9voyez une petite laine pour la soir\u00e9e, les concerts en plein air \u00e7a rafra\u00eechit vite quand le soleil se couche\u00a0!<\/p>\n<p>\ud83d\udccd Parc Montcalm, 11 Rue des Chasseurs | Montpellier<br \/>\ud83d\udcc5 Du 30\/08\/2025 au 31\/08\/2025<\/p>\n<p class=\"mise_en_avant\">\ud83d\udc49 <a href=\"https:\/\/www.jds.fr\/montpellier\/manifestations\/festival\/mama-stock-1071236_A\" rel=\"nofollow noopener\" target=\"_blank\">Mama Stock\u00a0: toutes les informations<\/a><\/p>\n<p><a data-lightbox=\"article\" data-title=\" \u00a9 Mama Sound\" class=\"image detail fullwidth\" href=\"https:\/\/www.jds.fr\/medias\/image\/0.43605900-1751537292-665426-1200-0-F.webp\" title=\" \u00a9 Mama Sound\" rel=\"nofollow noopener\" target=\"_blank\"><br \/>\n<img decoding=\"async\" loading=\"lazy\" src=\"https:\/\/www.europesays.com\/fr\/wp-content\/uploads\/2025\/08\/0.43605900-1751537292-665426-1200-0.webp.webp\"   alt=\"Mama Stock\" class=\"shortcode_image border\"\/><br \/>\n\u00a9 Mama Sound<br \/>\n<\/a><\/p>\n<p>5\/ Pr\u00e9-rentr\u00e9e Ritmo Loco\u00a0: \u00e9chauffement des mollets avant septembre<\/p>\n<p>L&rsquo;\u00e9cole de danse <a href=\"https:\/\/www.jds.fr\/montpellier\/soirees\/pre-rentree-ritmo-loco-1107539_A\" rel=\"nofollow noopener\" target=\"_blank\">Ritmo Loco \u00e0 Montferrier-sur-Lez<\/a> organise sa soir\u00e9e de pr\u00e9-rentr\u00e9e le 30 ao\u00fbt\u00a0! \ud83d\udc83 Au programme\u00a0: d\u00e9couverte de l&rsquo;association, rencontres avec l&rsquo;\u00e9quipe et soir\u00e9e salsa bachata rock pour se d\u00e9gourdir les jambes avant la reprise des cours. Une fa\u00e7on originale de pr\u00e9parer septembre tout en douceur, avec des softs \u00e0 volont\u00e9 et une ambiance d\u00e9contract\u00e9e au Dev\u00e9zou.<\/p>\n<p>\ud83d\udca1 <strong>Notre conseil\u00a0:<\/strong> M\u00eame si vous avez deux pieds gauches, foncez\u00a0! L&rsquo;entr\u00e9e est libre et c&rsquo;est l&rsquo;occasion parfaite de tester vos talents cach\u00e9s de danseur avant de vous engager dans des cours \u00e0 l&rsquo;ann\u00e9e.<\/p>\n<p>\ud83d\udccd Le Dev\u00e9zou, chemin des tennis | Montferrier-sur-Lez<br \/>\ud83d\udcc5 Le 30\/08\/2025<\/p>\n<p class=\"mise_en_avant\">\ud83d\udc49 <a href=\"https:\/\/www.jds.fr\/montpellier\/soirees\/pre-rentree-ritmo-loco-1107539_A\" rel=\"nofollow noopener\" target=\"_blank\">Pr\u00e9-rentr\u00e9e Ritmo Loco\u00a0: toutes les informations<\/a><\/p>\n<p><a data-lightbox=\"article\" data-title=\" \u00a9 Sandrine\" class=\"image detail fullwidth\" href=\"https:\/\/www.jds.fr\/medias\/image\/0.21839400-1753565753-683748-1200-0-F.webp\" title=\" \u00a9 Sandrine\" rel=\"nofollow noopener\" target=\"_blank\"><br \/>\n<img decoding=\"async\" loading=\"lazy\" src=\"https:\/\/www.europesays.com\/fr\/wp-content\/uploads\/2025\/08\/0.21839400-1753565753-683748-1200-0.webp.webp\"   alt=\"Pr\u00e9-rentr\u00e9e Ritmo Loco\" class=\"shortcode_image border\"\/><br \/>\n\u00a9 Sandrine<br \/>\n<\/a><\/p>\n<p>Date de publication : le 27\/08\/2025.<\/p>\n<p class=\"font-size-30 fw-bold lh-1 mt-0 mb-4\">Je trouve les meilleures sorties dans ma ville<\/p>\n","protected":false},"excerpt":{"rendered":"Ah, la fin ao\u00fbt \u00e0 Montpellier\u00a0! Comme si l&rsquo;\u00e9t\u00e9 avait d\u00e9cid\u00e9 de nous faire ses derniers adieux en&hellip;\n","protected":false},"author":2,"featured_media":349118,"comment_status":"","ping_status":"","sticky":false,"template":"","format":"standard","meta":{"footnotes":""},"categories":[9599],"tags":[1111,11,1777,674,1011,27,2208,12,2680,25],"class_list":{"0":"post-349117","1":"post","2":"type-post","3":"status-publish","4":"format-standard","5":"has-post-thumbnail","7":"category-montpellier","8":"tag-actu","9":"tag-actualites","10":"tag-eu","11":"tag-europe","12":"tag-fr","13":"tag-france","14":"tag-montpellier","15":"tag-news","16":"tag-occitanie","17":"tag-republique-francaise"},"share_on_mastodon":{"url":"https:\/\/pubeurope.com\/@fr\/115104327231101627","error":""},"_links":{"self":[{"href":"https:\/\/www.europesays.com\/fr\/wp-json\/wp\/v2\/posts\/349117","targetHints":{"allow":["GET"]}}],"collection":[{"href":"https:\/\/www.europesays.com\/fr\/wp-json\/wp\/v2\/posts"}],"about":[{"href":"https:\/\/www.europesays.com\/fr\/wp-json\/wp\/v2\/types\/post"}],"author":[{"embeddable":true,"href":"https:\/\/www.europesays.com\/fr\/wp-json\/wp\/v2\/users\/2"}],"replies":[{"embeddable":true,"href":"https:\/\/www.europesays.com\/fr\/wp-json\/wp\/v2\/comments?post=349117"}],"version-history":[{"count":0,"href":"https:\/\/www.europesays.com\/fr\/wp-json\/wp\/v2\/posts\/349117\/revisions"}],"wp:featuredmedia":[{"embeddable":true,"href":"https:\/\/www.europesays.com\/fr\/wp-json\/wp\/v2\/media\/349118"}],"wp:attachment":[{"href":"https:\/\/www.europesays.com\/fr\/wp-json\/wp\/v2\/media?parent=349117"}],"wp:term":[{"taxonomy":"category","embeddable":true,"href":"https:\/\/www.europesays.com\/fr\/wp-json\/wp\/v2\/categories?post=349117"},{"taxonomy":"post_tag","embeddable":true,"href":"https:\/\/www.europesays.com\/fr\/wp-json\/wp\/v2\/tags?post=349117"}],"curies":[{"name":"wp","href":"https:\/\/api.w.org\/{rel}","templated":true}]}}