{"id":349119,"date":"2025-08-28T03:47:22","date_gmt":"2025-08-28T03:47:22","guid":{"rendered":"https:\/\/www.europesays.com\/fr\/349119\/"},"modified":"2025-08-28T03:47:22","modified_gmt":"2025-08-28T03:47:22","slug":"chl-grenoble-lance-sa-campagne-europeenne","status":"publish","type":"post","link":"https:\/\/www.europesays.com\/fr\/349119\/","title":{"rendered":"CHL. Grenoble lance sa campagne europ\u00e9enne !"},"content":{"rendered":"<p>\u00a0<\/p>\n<p>\u00a0<\/p>\n<p class=\"chapeau\">Les Br\u00fbleurs de Loups de Grenoble d\u00e9butent la Champions Hockey League par deux rencontres \u00e0 domicile jeudi et samedi face aux Suisses du SC Bern et de l\u2019EV Zug.<\/p>\n<p style=\"text-align: right;\">Cr\u00e9dit photo : Fabien Baldino<\/p>\n<p>La saison europ\u00e9enne des BDL, qualifi\u00e9s en tant que Champion de France, d\u00e9marre par deux rencontres \u00e0 domicile face \u00e0 deux \u00e9quipes suisses : le SC Bern et l\u2019EV Zug. Pour se pr\u00e9parer au jeu suisse, les Grenoblois ont affront\u00e9 Fribourg-Gott\u00e9ron (d\u00e9faite 2-1prl) et Gen\u00e8ve-Servette (d\u00e9faite 6-0) en pr\u00e9paration. Les hommes de Per Hanberg ont \u00e9galement jou\u00e9 face \u00e0 Chamonix \u00e0 deux reprises durant leur pr\u00e9paration, pour deux succ\u00e8s avec cinq buts marqu\u00e9s (5-2 et 5-3).<\/p>\n<p>Les Grenoblois lanceront leur saison europ\u00e9enne ce jeudi \u00e0 20h15 face au SC Bern. Les Bernois ont remport\u00e9 leurs trois matchs de pr\u00e9paration contre les Allemands de Munich (2-1), les Tch\u00e8ques de Ceske Budejovice (3-2) et les Suisses de B\u00e2le (2-1). Absent de la CHL depuis 2019, le SC Bern aura \u00e0 c\u0153ur de bien figurer pour son retour \u00e0 la comp\u00e9tition. En 2019, justement, les Suisses avaient affront\u00e9 et domin\u00e9 Grenoble \u00e0 deux reprises (3-1 et 4-1). Si le SC Bern a perdu son meilleur pointeur Austin Czarnik \u00e0 l\u2019intersaison, le club a conserv\u00e9 les deux suivants : Victor Ejdsell et Waltteri Merela, qui seront \u00e0 surveiller particuli\u00e8rement. La saison derni\u00e8re de Bern, comme les deux pr\u00e9c\u00e9dentes, s\u2019est sold\u00e9e par une \u00e9limination en quart de finale de playoffs.<\/p>\n<p>Apr\u00e8s Berne, Grenoble rejouera deux jours plus tard face \u00e0 l\u2019EV Zug, qui lui aura affront\u00e9 le club su\u00e9dois de Lulea entre temps. En pr\u00e9paration, Zug a connu trois victoires contre Ceske Budejovice (3-2), Munich (5-2) et Salzbourg(4-3) et un revers contre Rogle (4-1). Si le club a \u00e9t\u00e9 \u00e9limin\u00e9 en quart de finale l\u2019ann\u00e9e pass\u00e9e, son back-to-back de champion de Suisse entre 2021 et 2022 en fait un adversaire redoutable. L\u2019EV Zug comptera sur Lino Marschini, son meilleur pointeur de la saison pass\u00e9e avec 44 points, pour tromper la d\u00e9fense grenobloise. Les BDL parviendront-ils \u00e0 faire tomber ces coriaces adversaires ?<\/p>\n<p>Apr\u00e8s deux saisons sans CHL, Grenoble veut profiter de ce d\u00e9but \u00ab\u00a0\u00e0 la maison\u00a0\u00bb pour engranger des points. Souhaitons leur la meilleure entr\u00e9e en mati\u00e8re possible !<\/p>\n<blockquote class=\"twitter-tweet\" data-media-max-width=\"560\">\n<p dir=\"ltr\" lang=\"fr\">\ud83c\udfd2 \ud835\udc02\ud835\udc07\ud835\udc0b<\/p>\n<p>Vaujany Station-Village, \ud835\udc5d\ud835\udc4e\ud835\udc5f\ud835\udc61\ud835\udc52\ud835\udc5b\ud835\udc4e\ud835\udc56\ud835\udc5f\ud835\udc52 \ud835\udc5a\ud835\udc4e\ud835\udc57\ud835\udc52\ud835\udc62\ud835\udc5f \ud835\udc51\ud835\udc52\ud835\udc60 \ud835\udc35\ud835\udc37\ud835\udc3f \ud835\udc52\ud835\udc5b \ud835\udc36\ud835\udc3b\ud835\udc3f, \ud835\udc63\ud835\udc5c\ud835\udc62\ud835\udc60 \ud835\udc51\ud835\udc52\u0301\ud835\udc63\ud835\udc5c\ud835\udc56\ud835\udc59\ud835\udc52 \ud835\udc59\ud835\udc52 \ud835\udc61\ud835\udc52\ud835\udc4e\ud835\udc60\ud835\udc52\ud835\udc5f \ud835\udc51\ud835\udc52 \ud835\udc59\ud835\udc4e \ud835\udc36\ud835\udc3b\ud835\udc3f<\/p>\n<p>Dans 4\ufe0f\u20e38\ufe0f\u20e3 heures, les Br\u00fbleurs de Loups entreront en <a href=\"https:\/\/twitter.com\/championshockey?ref_src=twsrc%5Etfw\" rel=\"nofollow noopener\" target=\"_blank\">@championshockey<\/a> avec la r\u00e9ception du \ud835\udc12\ud835\udc02 \ud835\udc01\ud835\udc1e\ud835\udc2b\ud835\udc27 ! \ud83c\udde8\ud83c\udded<\/p>\n<p>Les BDL\u2026 <a href=\"https:\/\/t.co\/T15wRkTuNx\" rel=\"nofollow\">pic.twitter.com\/T15wRkTuNx<\/a><\/p>\n<p>\u2014 Br\u00fbleurs De Loups (@bruleursdeloups) <a href=\"https:\/\/twitter.com\/bruleursdeloups\/status\/1960366752027787330?ref_src=twsrc%5Etfw\" rel=\"nofollow noopener\" target=\"_blank\">August 26, 2025<\/a><\/p>\n<\/blockquote>\n<blockquote class=\"twitter-tweet\">\n<p dir=\"ltr\" lang=\"fr\">\ud83c\udfd2 \ud835\udc02\ud835\udc07\ud835\udc0b<\/p>\n<p>J-1\ufe0f\u20e3 avant le premier match de <a href=\"https:\/\/twitter.com\/championshockey?ref_src=twsrc%5Etfw\" rel=\"nofollow noopener\" target=\"_blank\">@championshockey<\/a> \u00e0 Polesud pour nos BDL ! \ud83d\udd25<\/p>\n<p>\ud83d\udd0e Apprenez-en plus sur notre adversaire : le SC Bern ! \ud83c\udde8\ud83c\udded<\/p>\n<p>\ud83c\udf9f \ud835\udc01\ud835\udc22\ud835\udc25\ud835\udc25\ud835\udc1e\ud835\udc2d\ud835\udc2d\ud835\udc1e\ud835\udc2b\ud835\udc22\ud835\udc1e \u27a1 <a href=\"https:\/\/t.co\/ggXuuzScHB\" rel=\"nofollow\">https:\/\/t.co\/ggXuuzScHB<\/a><a href=\"https:\/\/twitter.com\/hashtag\/ChampionsGoBeyond?src=hash&amp;ref_src=twsrc%5Etfw\" rel=\"nofollow noopener\" target=\"_blank\">#ChampionsGoBeyond<\/a> <a href=\"https:\/\/t.co\/EN6jtcncdX\" rel=\"nofollow\">pic.twitter.com\/EN6jtcncdX<\/a><\/p>\n<p>\u2014 Br\u00fbleurs De Loups (@bruleursdeloups) <a href=\"https:\/\/twitter.com\/bruleursdeloups\/status\/1960656928868016594?ref_src=twsrc%5Etfw\" rel=\"nofollow noopener\" target=\"_blank\">August 27, 2025<\/a><\/p>\n<\/blockquote>\n<p>Le calendrier des Br\u00fbleurs de Loups\u00a0 :<\/p>\n<ul>\n<li><strong>Jeudi 28 ao\u00fbt : Grenoble<\/strong> \u2013 SC Bern (20h15)<\/li>\n<li><strong>Samedi 30 ao\u00fbt : Grenoble\u00a0<\/strong>\u2013 EV Zug (20h15)<\/li>\n<li><strong>Vendredi 5 septembre<\/strong> : Pinguins Bremerhaven \u2013\u00a0<strong>Grenoble\u00a0<\/strong>(19h30)<\/li>\n<li><strong>Dimanche 7 septembre<\/strong> : Eisb\u00e4ren Berlin \u2013\u00a0<strong>Grenoble\u00a0<\/strong>(19h00)<\/li>\n<li><strong>Mercredi 8 octobre : Grenoble<\/strong>\u00a0<strong>\u2013\u00a0<\/strong>Lausanne HC (20h15)<\/li>\n<li><strong>Mardi 14 octobre :\u00a0<\/strong>Sparta Prague \u2013\u00a0<strong>Grenoble\u00a0<\/strong>(18h30)<\/li>\n<\/ul>\n<p>\u00a0<\/p>\n<p>                            <script async src=\"https:\/\/platform.twitter.com\/widgets.js\" charset=\"utf-8\"><\/script><\/p>\n","protected":false},"excerpt":{"rendered":"\u00a0 \u00a0 Les Br\u00fbleurs de Loups de Grenoble d\u00e9butent la Champions Hockey League par deux rencontres \u00e0 domicile&hellip;\n","protected":false},"author":2,"featured_media":349120,"comment_status":"","ping_status":"","sticky":false,"template":"","format":"standard","meta":{"footnotes":""},"categories":[9566],"tags":[1111,11,2430,1777,674,1011,27,2731,12,25],"class_list":{"0":"post-349119","1":"post","2":"type-post","3":"status-publish","4":"format-standard","5":"has-post-thumbnail","7":"category-grenoble","8":"tag-actu","9":"tag-actualites","10":"tag-auvergne-rhone-alpes","11":"tag-eu","12":"tag-europe","13":"tag-fr","14":"tag-france","15":"tag-grenoble","16":"tag-news","17":"tag-republique-francaise"},"share_on_mastodon":{"url":"https:\/\/pubeurope.com\/@fr\/115104346555724459","error":""},"_links":{"self":[{"href":"https:\/\/www.europesays.com\/fr\/wp-json\/wp\/v2\/posts\/349119","targetHints":{"allow":["GET"]}}],"collection":[{"href":"https:\/\/www.europesays.com\/fr\/wp-json\/wp\/v2\/posts"}],"about":[{"href":"https:\/\/www.europesays.com\/fr\/wp-json\/wp\/v2\/types\/post"}],"author":[{"embeddable":true,"href":"https:\/\/www.europesays.com\/fr\/wp-json\/wp\/v2\/users\/2"}],"replies":[{"embeddable":true,"href":"https:\/\/www.europesays.com\/fr\/wp-json\/wp\/v2\/comments?post=349119"}],"version-history":[{"count":0,"href":"https:\/\/www.europesays.com\/fr\/wp-json\/wp\/v2\/posts\/349119\/revisions"}],"wp:featuredmedia":[{"embeddable":true,"href":"https:\/\/www.europesays.com\/fr\/wp-json\/wp\/v2\/media\/349120"}],"wp:attachment":[{"href":"https:\/\/www.europesays.com\/fr\/wp-json\/wp\/v2\/media?parent=349119"}],"wp:term":[{"taxonomy":"category","embeddable":true,"href":"https:\/\/www.europesays.com\/fr\/wp-json\/wp\/v2\/categories?post=349119"},{"taxonomy":"post_tag","embeddable":true,"href":"https:\/\/www.europesays.com\/fr\/wp-json\/wp\/v2\/tags?post=349119"}],"curies":[{"name":"wp","href":"https:\/\/api.w.org\/{rel}","templated":true}]}}