{"id":34912,"date":"2025-04-18T21:06:35","date_gmt":"2025-04-18T21:06:35","guid":{"rendered":"https:\/\/www.europesays.com\/fr\/34912\/"},"modified":"2025-04-18T21:06:35","modified_gmt":"2025-04-18T21:06:35","slug":"grenoble-un-homme-blesse-par-balle-dans-le-quartier-de-la-villeneuve","status":"publish","type":"post","link":"https:\/\/www.europesays.com\/fr\/34912\/","title":{"rendered":"Grenoble. Un homme bless\u00e9 par balle dans le quartier de La Villeneuve"},"content":{"rendered":"<p>Un homme \u00e2g\u00e9 de 45 ans a \u00e9t\u00e9 s\u00e9rieusement bless\u00e9 par balle ce mercredi peu avant midi \u00e0 La Villeneuve de Grenoble, a appris le Dauphin\u00e9 Lib\u00e9r\u00e9 de sources concordantes. La victime a \u00e9t\u00e9 retrouv\u00e9e par les secours dans un v\u00e9hicule, \u00e0 hauteur du 50 galerie de l&rsquo;Arlequin et a \u00e9t\u00e9 m\u00e9dicalis\u00e9e avant d&rsquo;\u00eatre dirig\u00e9e\u00a0vers le service d\u00e9chocage du CHU Grenoble Alpes.<\/p>\n<p>Selon le parquet du procureur de la R\u00e9publique de Grenoble, l\u2019homme retrouv\u00e9 bless\u00e9 par balle faisait partie d\u2019un groupe de trois personnes suspect\u00e9es d\u2019avoir tir\u00e9 plusieurs coups de feu dans un appartement, mais sans faire de bless\u00e9. Il s\u2019agit probablement d\u2019un logement situ\u00e9 100 galerie de l\u2019Arlequin, d\u2019apr\u00e8s les informations du Dauphin\u00e9 Lib\u00e9r\u00e9. Ces coups de feu, selon le parquet, ont \u00e9t\u00e9 \u00ab\u00a0tir\u00e9s en l\u2019air et dans la porte du logement avec un fusil \u00e0 pompe\u00a0\u00bb.<\/p>\n<p>En ressortant de l\u2019immeuble, les assaillants ont \u00e9t\u00e9 \u00e0 leur tour pris pour cible alors qu\u2019ils venaient de monter \u00e0 bord d\u2019un v\u00e9hicule. Deux d\u2019entre eux ont pris la fuite \u00e0 pied et le troisi\u00e8me, bless\u00e9, a donc \u00e9t\u00e9 secouru sur place. Son pronostic vital ne serait pas engag\u00e9.<\/p>\n<p>Peu apr\u00e8s les faits, un homme suspect\u00e9 d\u2019\u00eatre l\u2019un des hommes qui ont tir\u00e9 sur les occupants du v\u00e9hicule a \u00e9t\u00e9 interpell\u00e9 et a \u00e9t\u00e9 plac\u00e9 en garde \u00e0 vue. \u00a0\u00a0\u00a0<\/p>\n<p>Auparavant, plusieurs coups de feu auraient \u00e9t\u00e9 entendus dans le m\u00eame quartier, notamment place du March\u00e9.\u00a0 \u00a0<\/p>\n<p>Les services de police ont ouvert une enqu\u00eate pour d\u00e9terminer les circonstances de ces faits.<\/p>\n","protected":false},"excerpt":{"rendered":"Un homme \u00e2g\u00e9 de 45 ans a \u00e9t\u00e9 s\u00e9rieusement bless\u00e9 par balle ce mercredi peu avant midi \u00e0&hellip;\n","protected":false},"author":2,"featured_media":34913,"comment_status":"","ping_status":"","sticky":false,"template":"","format":"standard","meta":{"footnotes":""},"categories":[9566],"tags":[1111,11,2430,271,272,112,1777,674,274,107,1011,27,2731,2732,108,12,25],"class_list":{"0":"post-34912","1":"post","2":"type-post","3":"status-publish","4":"format-standard","5":"has-post-thumbnail","7":"category-grenoble","8":"tag-actu","9":"tag-actualites","10":"tag-auvergne-rhone-alpes","11":"tag-crime","12":"tag-delit-et-contravention","13":"tag-edition-grenoble-agglomeration","14":"tag-eu","15":"tag-europe","16":"tag-faits-divers-justice","17":"tag-fil-info","18":"tag-fr","19":"tag-france","20":"tag-grenoble","21":"tag-grenoble-bassin","22":"tag-isere","23":"tag-news","24":"tag-republique-francaise"},"share_on_mastodon":{"url":"https:\/\/pubeurope.com\/@fr\/114361007129127034","error":""},"_links":{"self":[{"href":"https:\/\/www.europesays.com\/fr\/wp-json\/wp\/v2\/posts\/34912","targetHints":{"allow":["GET"]}}],"collection":[{"href":"https:\/\/www.europesays.com\/fr\/wp-json\/wp\/v2\/posts"}],"about":[{"href":"https:\/\/www.europesays.com\/fr\/wp-json\/wp\/v2\/types\/post"}],"author":[{"embeddable":true,"href":"https:\/\/www.europesays.com\/fr\/wp-json\/wp\/v2\/users\/2"}],"replies":[{"embeddable":true,"href":"https:\/\/www.europesays.com\/fr\/wp-json\/wp\/v2\/comments?post=34912"}],"version-history":[{"count":0,"href":"https:\/\/www.europesays.com\/fr\/wp-json\/wp\/v2\/posts\/34912\/revisions"}],"wp:featuredmedia":[{"embeddable":true,"href":"https:\/\/www.europesays.com\/fr\/wp-json\/wp\/v2\/media\/34913"}],"wp:attachment":[{"href":"https:\/\/www.europesays.com\/fr\/wp-json\/wp\/v2\/media?parent=34912"}],"wp:term":[{"taxonomy":"category","embeddable":true,"href":"https:\/\/www.europesays.com\/fr\/wp-json\/wp\/v2\/categories?post=34912"},{"taxonomy":"post_tag","embeddable":true,"href":"https:\/\/www.europesays.com\/fr\/wp-json\/wp\/v2\/tags?post=34912"}],"curies":[{"name":"wp","href":"https:\/\/api.w.org\/{rel}","templated":true}]}}