{"id":349121,"date":"2025-08-28T03:48:10","date_gmt":"2025-08-28T03:48:10","guid":{"rendered":"https:\/\/www.europesays.com\/fr\/349121\/"},"modified":"2025-08-28T03:48:10","modified_gmt":"2025-08-28T03:48:10","slug":"gagnez-vos-places-pour-lopen-blot-rennes-2025","status":"publish","type":"post","link":"https:\/\/www.europesays.com\/fr\/349121\/","title":{"rendered":"Gagnez vos places pour l&rsquo;Open Blot Rennes 2025 !"},"content":{"rendered":"\n<p><strong>Le tennis est de retour \u00e0 Rennes, avec <a href=\"https:\/\/www.openderennes.org\/\" rel=\"noopener nofollow\" target=\"_blank\">l\u2019Open Blot Rennes<\/a> du 8 au 14 septembre, au Libert\u00e9 ! Alouette vous a r\u00e9serv\u00e9 vos places !<\/strong><\/p>\n<p>\u00a0<\/p>\n<p>Venez d\u00e9couvrir les animations install\u00e9es dans le village de l\u2019Open, ouvert gratuitement toute la semaine, et supportez <strong>les meilleurs joueurs du tennis mondial <\/strong>! Avec cette ann\u00e9e la pr\u00e9sence exceptionnelle de <strong>Stan Wawrinka<\/strong>, une nouvelle l\u00e9gende au palmar\u00e8s de l&rsquo;Open. Mais aussi :<strong> Adrian Mannarino, Hugo Gaston<\/strong>, et d&rsquo;autres grands noms du tennis !<\/p>\n<p>\u00a0<\/p>\n<p><strong>Remplissez le formulaire ci-dessous pour tenter de gagner vos places.<\/strong> Vous avez le choix entre la journ\u00e9e du lundi 8 septembre ou celle du mardi 9 septembre.<\/p>\n<p>\u00a0<\/p>\n<p>\u00a0<\/p>\n<p><a href=\"https:\/\/bocir-prod-bucket.s3.amazonaws.com\/medias\/6cOIUcKx8a\/pdf\/reglement_cadre_alouette_au_1_juin_20251749040703387.pdf\" rel=\"noopener nofollow\" target=\"_blank\">R\u00e8glement du jeu<\/a><\/p>\n","protected":false},"excerpt":{"rendered":"Le tennis est de retour \u00e0 Rennes, avec l\u2019Open Blot Rennes du 8 au 14 septembre, au Libert\u00e9&hellip;\n","protected":false},"author":2,"featured_media":349122,"comment_status":"","ping_status":"","sticky":false,"template":"","format":"standard","meta":{"footnotes":""},"categories":[2821],"tags":[1111,11,36549,2888,829,1777,674,1011,27,7683,2296,1197,12,10551,48571,18433,1825,584,25,1754,1467,9621,48572],"class_list":{"0":"post-349121","1":"post","2":"type-post","3":"status-publish","4":"format-standard","5":"has-post-thumbnail","7":"category-rennes","8":"tag-actu","9":"tag-actualites","10":"tag-adrian-mannarino","11":"tag-alouette","12":"tag-bretagne","13":"tag-eu","14":"tag-europe","15":"tag-fr","16":"tag-france","17":"tag-gagner","18":"tag-hugo-gaston","19":"tag-jeu","20":"tag-news","21":"tag-open","22":"tag-open-blot-rennes","23":"tag-places","24":"tag-radio","25":"tag-rennes","26":"tag-republique-francaise","27":"tag-stan-wawrinka","28":"tag-tennis","29":"tag-tournoi","30":"tag-wawrinka"},"share_on_mastodon":{"url":"https:\/\/pubeurope.com\/@fr\/115104350590926277","error":""},"_links":{"self":[{"href":"https:\/\/www.europesays.com\/fr\/wp-json\/wp\/v2\/posts\/349121","targetHints":{"allow":["GET"]}}],"collection":[{"href":"https:\/\/www.europesays.com\/fr\/wp-json\/wp\/v2\/posts"}],"about":[{"href":"https:\/\/www.europesays.com\/fr\/wp-json\/wp\/v2\/types\/post"}],"author":[{"embeddable":true,"href":"https:\/\/www.europesays.com\/fr\/wp-json\/wp\/v2\/users\/2"}],"replies":[{"embeddable":true,"href":"https:\/\/www.europesays.com\/fr\/wp-json\/wp\/v2\/comments?post=349121"}],"version-history":[{"count":0,"href":"https:\/\/www.europesays.com\/fr\/wp-json\/wp\/v2\/posts\/349121\/revisions"}],"wp:featuredmedia":[{"embeddable":true,"href":"https:\/\/www.europesays.com\/fr\/wp-json\/wp\/v2\/media\/349122"}],"wp:attachment":[{"href":"https:\/\/www.europesays.com\/fr\/wp-json\/wp\/v2\/media?parent=349121"}],"wp:term":[{"taxonomy":"category","embeddable":true,"href":"https:\/\/www.europesays.com\/fr\/wp-json\/wp\/v2\/categories?post=349121"},{"taxonomy":"post_tag","embeddable":true,"href":"https:\/\/www.europesays.com\/fr\/wp-json\/wp\/v2\/tags?post=349121"}],"curies":[{"name":"wp","href":"https:\/\/api.w.org\/{rel}","templated":true}]}}