{"id":349123,"date":"2025-08-28T03:49:59","date_gmt":"2025-08-28T03:49:59","guid":{"rendered":"https:\/\/www.europesays.com\/fr\/349123\/"},"modified":"2025-08-28T03:49:59","modified_gmt":"2025-08-28T03:49:59","slug":"cinema-en-plein-air-fetes-et-sciences-nos-coups-de-coeur-a-rennes-pour-ce-mercredi","status":"publish","type":"post","link":"https:\/\/www.europesays.com\/fr\/349123\/","title":{"rendered":"Cin\u00e9ma en plein air, f\u00eates et sciences : nos coups de c\u0153ur \u00e0 Rennes pour ce mercredi"},"content":{"rendered":"<p>Rennes n\u2019a pas encore dit son dernier mot, cet \u00e9t\u00e9. De nombreuses animations et f\u00eates de quartiers attendent petits et grands, ce mercredi 27\u00a0ao\u00fbt 2025, \u00e0 <a href=\"https:\/\/rennes.maville.com\/info\/info-locale\/\" target=\"_blank\" rel=\"noopener\">Rennes<\/a> (Ille-et-Vilaine). Toutefois, la m\u00e9t\u00e9o n\u2019est pas au beau fixe, alors direction l\u2019Espace des sciences pour en prendre plein la vue.<\/p>\n<p>Animations et cin\u00e9ma en plein air<\/p>\n<p>Ce mercredi 27\u00a0ao\u00fbt 2025, \u00e0 21\u00a0h\u00a030, le dessin anim\u00e9 Kirikou et les Hommes et les Femmes sera projet\u00e9 derri\u00e8re le B\u00e2timent \u00e0 modeler (BAM), au quartier Cleunay, \u00e0 l\u2019ouest de Rennes. Un classique, r\u00e9alis\u00e9 par Michel Ocelot, consacr\u00e9 aux aventures du petit Kirikou dans son village africain.<\/p>\n<p>En avant-go\u00fbt, les familles pourront profiter de la f\u00eate gratuite, Par\u2019ents D\u00e9lires 3,\u00a0de 15\u00a0h \u00e0 20\u00a0h. Au programme\u00a0: activit\u00e9s sportives, jeux pour la petite enfance, activit\u00e9s cr\u00e9atives, jeux g\u00e9ants, man\u00e8ges, ou encore DJ set. Restauration sur place, penser \u00e0 apporter son gobelet.<\/p>\n<p><strong>Mercredi 27\u00a0ao\u00fbt 2025,<\/strong> \u00e0 partir de 15\u00a0h. S\u00e9ance \u00e0 21\u00a0h\u00a030, 2 rue Andr\u00e9-Trasbot, Rennes (derri\u00e8re le BAM), gratuit et sans r\u00e9servation.<\/p>\n<p><strong>Lire aussi<\/strong> :<a href=\"https:\/\/rennes.maville.com\/actu\/actudet_--bravo-vous-etes-sorti-en-26-minutes-a-rennes-la-nouvelle-session-de-cet-escape-game-seduit-_52674-6947316_actu.Htm\" target=\"_blank\" rel=\"noopener\"> \u00ab Bravo ! Vous \u00eates sortis en 26 minutes \u00bb : \u00e0 Rennes, la nouvelle session de cet escape game s\u00e9duit<\/a><\/p>\n<p>\t<img decoding=\"async\" src=\"https:\/\/www.europesays.com\/fr\/wp-content\/uploads\/2025\/08\/P35426079D6948527G_px_640_.jpg\" alt=\"photo la foule par ce temps pluvieux aux champs libres \u00e0 rennes (ille-et-vilaine).  \u00a9  marc ollivier\/ouest-france\" width=\"640\" title=\" La foule par ce temps pluvieux aux Champs Libres \u00e0 Rennes (Ille-et-Vilaine).   Marc Ollivier\/Ouest-France \"\/><\/p>\n<p class=\"elmt-legende\"> La foule par ce temps pluvieux aux Champs Libres \u00e0 Rennes (Ille-et-Vilaine).   Marc Ollivier\/Ouest-France <\/p>\n<p>Visite de l\u2019Espace des sciences<\/p>\n<p>Compos\u00e9 d\u2019un plan\u00e9tarium et de plusieurs salles d\u2019exposition, l\u2019Espace des sciences, aux Champs libres, \u00e0 Rennes, est un lieu incontournable \u00e0 visiter cet \u00e9t\u00e9. Petits et grands ont d\u2019ailleurs jusqu\u2019au 31\u00a0ao\u00fbt 2025 pour explorer les expositions \u00abIncroyable Cerveau\u00bb, \u00abL\u00e9onard de Vinci\u00bb et \u00able Laboratoire de Merlin\u00bb (d\u00e8s 6\u00a0ans).<\/p>\n<p>Profitez \u00e9galement d\u2019un voyage immersif entre la Terre et le ciel \u00e0 bord du plan\u00e9tarium.<\/p>\n<p><strong>Du mardi au vendredi,<\/strong> de 12\u00a0h \u00e0 19\u00a0h, et <strong>du samedi au dimanche,<\/strong> de 14\u00a0h \u00e0 19\u00a0h, Espace des sciences, 10 cours des Alli\u00e9s, Rennes. Autour de 5\u00a0\u20ac l\u2019entr\u00e9e (tarif plein), et gratuite (tarif r\u00e9duit), r\u00e9servation conseill\u00e9e, rendez-vous sur <a href=\"https:\/\/billetterie.leschampslibres.fr\/fr-FR\/billetterie\" target=\"_blank\" rel=\"noopener\">la billetterie de l\u2019Espace des sciences.<\/a><\/p>\n<p>F\u00eate Foraine \u00e0 la MJC Maison de Su\u00e8de<\/p>\n<p>Stands de tir \u00e0 la carabine, chamboule-tout, ventriglisse, ou encore structures gonflables\u2026 Une f\u00eate foraine, lanc\u00e9e par la MJC Maison de Su\u00e8de, investit le jardin des Vikings, au sud de Rennes, ce mercredi 27 ao\u00fbt 2025, d\u00e8s 16 h. Plusieurs animations gratuites \u00e0 destination des petits et grands seront propos\u00e9es.<\/p>\n<p><strong>Mercredi 27 ao\u00fbt 2025,<\/strong> d\u00e8s 16 h, jardin des Vikings, rue de Su\u00e8de, Rennes. Restauration possible sur place. Entr\u00e9e libre, sans r\u00e9servation.<\/p>\n<p>\u00a0<\/p>\n","protected":false},"excerpt":{"rendered":"Rennes n\u2019a pas encore dit son dernier mot, cet \u00e9t\u00e9. De nombreuses animations et f\u00eates de quartiers attendent&hellip;\n","protected":false},"author":2,"featured_media":349124,"comment_status":"","ping_status":"","sticky":false,"template":"","format":"standard","meta":{"footnotes":""},"categories":[2821],"tags":[1111,11,2965,829,650,854,1777,674,14537,1011,27,6774,12,584,25,41,11489],"class_list":{"0":"post-349123","1":"post","2":"type-post","3":"status-publish","4":"format-standard","5":"has-post-thumbnail","7":"category-rennes","8":"tag-actu","9":"tag-actualites","10":"tag-air","11":"tag-bretagne","12":"tag-cinema","13":"tag-coups","14":"tag-eu","15":"tag-europe","16":"tag-fetes","17":"tag-fr","18":"tag-france","19":"tag-mercredi","20":"tag-news","21":"tag-rennes","22":"tag-republique-francaise","23":"tag-sciences","24":"tag-ur"},"share_on_mastodon":{"url":"https:\/\/pubeurope.com\/@fr\/115104358672757744","error":""},"_links":{"self":[{"href":"https:\/\/www.europesays.com\/fr\/wp-json\/wp\/v2\/posts\/349123","targetHints":{"allow":["GET"]}}],"collection":[{"href":"https:\/\/www.europesays.com\/fr\/wp-json\/wp\/v2\/posts"}],"about":[{"href":"https:\/\/www.europesays.com\/fr\/wp-json\/wp\/v2\/types\/post"}],"author":[{"embeddable":true,"href":"https:\/\/www.europesays.com\/fr\/wp-json\/wp\/v2\/users\/2"}],"replies":[{"embeddable":true,"href":"https:\/\/www.europesays.com\/fr\/wp-json\/wp\/v2\/comments?post=349123"}],"version-history":[{"count":0,"href":"https:\/\/www.europesays.com\/fr\/wp-json\/wp\/v2\/posts\/349123\/revisions"}],"wp:featuredmedia":[{"embeddable":true,"href":"https:\/\/www.europesays.com\/fr\/wp-json\/wp\/v2\/media\/349124"}],"wp:attachment":[{"href":"https:\/\/www.europesays.com\/fr\/wp-json\/wp\/v2\/media?parent=349123"}],"wp:term":[{"taxonomy":"category","embeddable":true,"href":"https:\/\/www.europesays.com\/fr\/wp-json\/wp\/v2\/categories?post=349123"},{"taxonomy":"post_tag","embeddable":true,"href":"https:\/\/www.europesays.com\/fr\/wp-json\/wp\/v2\/tags?post=349123"}],"curies":[{"name":"wp","href":"https:\/\/api.w.org\/{rel}","templated":true}]}}