{"id":349125,"date":"2025-08-28T03:51:12","date_gmt":"2025-08-28T03:51:12","guid":{"rendered":"https:\/\/www.europesays.com\/fr\/349125\/"},"modified":"2025-08-28T03:51:12","modified_gmt":"2025-08-28T03:51:12","slug":"strasbourg-un-nouvel-irish-pub-ouvre-bientot-ses-portes-au-centre-ville","status":"publish","type":"post","link":"https:\/\/www.europesays.com\/fr\/349125\/","title":{"rendered":"Strasbourg. Un nouvel irish pub ouvre bient\u00f4t ses portes au centre-ville"},"content":{"rendered":"<p>            Par<br \/>\n        <strong><br \/>\n            <a href=\"https:\/\/actu.fr\/auteur\/redaction-strasbourg\" title=\"Consulter tous les articles de R\u00e9daction Strasbourg\" target=\"_blank\" rel=\"noopener\">R\u00e9daction Strasbourg<\/a><br \/>\n        <\/strong><\/p>\n<p>        Publi\u00e9 le<\/p>\n<p>            27 ao\u00fbt 2025 \u00e0 16h26        <\/p>\n<p>Un <strong>nouveau bar<\/strong> va ouvrir ses portes quai des P\u00eacheurs \u00e0 <a href=\"https:\/\/actu.fr\/strasbourg\/\" target=\"_blank\" rel=\"noopener\">Strasbourg<\/a>. The Fisherman\u2019s Pub, \u00e9tablissement <strong>aux accents de bar traditionnel irlandais<\/strong> devrait ouvrir ses portes mi-novembre.<\/p>\n<p>Bi\u00e8res irlandaises et matchs<\/p>\n<p class=\" wall-content\">Loin d\u2019une franchise, The Fisherman\u2019s Pub est le projet d\u2019une \u00ab\u2009bande de copains ind\u00e9pendants\u2009\u00bb qui <strong>ambitionnent de faire de l\u2019\u00e9tablissement un endroit \u00ab\u2009authentique\u2009\u00bb et accessible \u00ab\u2009\u00e0 l\u2019oppos\u00e9 des concepts aseptis\u00e9s\u2009\u00bb,<\/strong> d\u00e9taille le g\u00e9rant Fr\u00e9d\u00e9ric Diebolt.<\/p>\n<p class=\" wall-content\">Le bar d\u2019inspiration irlandaise proposera notamment une s\u00e9lection<strong> d\u2019une dizaine de bi\u00e8res \u00e0 la pression <\/strong>telles que les traditionnelles <a href=\"https:\/\/actu.fr\/insolite\/biere-il-y-a-une-penurie-de-guinness-et-c-est-un-peu-la-faute-de-kim-kardashian_62010865.html\" target=\"_blank\" rel=\"noopener\">Guinness<\/a> et Kilkenny. Des brasseries locales seront aussi mises \u00e0 l\u2019honneur.<\/p>\n<p>Des concerts et des diffusions sportives<br \/>\n    <img   decoding=\"async\" loading=\"lazy\" src=\"https:\/\/www.europesays.com\/fr\/wp-content\/uploads\/2025\/08\/whatsapp-image-2025-08-27-a-154946-3986ea10-960x640.jpg\" alt=\"Le bar devrait ouvrir ses portes mi-novembre quai des P\u00eacheurs. \" width=\"960\" height=\"640\"\/><br \/>\n    Le bar devrait ouvrir ses portes mi-novembre quai des P\u00eacheurs. (\u00a9OK\/actu Strasbourg)<\/p>\n<p class=\" wall-content\"><strong>Des concerts et des diffusions sportives<\/strong> sont pr\u00e9vus au sein du bar qui proposera une <strong>carte culinaire simple<\/strong> compos\u00e9e de planchettes, de croques et de knacks. Sur la devanture, le bar annonce recruter et propose aux personnes int\u00e9ress\u00e9es d\u2019envoyer leur CV.<\/p>\n<p class=\" wall-content\">\u00ab\u2009You\u2019ll soon have a real place to\u2019 split the G\u2019\u00bb (vous aurez bient\u00f4t un vrai endroit pour jouer \u00e0 \u2018split the G\u2019, NDLR), promet le bar sur sa devanture en travaux, faisant<strong> r\u00e9f\u00e9rence \u00e0 un jeu qui consiste \u00e0 boire assez de gorg\u00e9es pour que le niveau de la bi\u00e8re s\u2019arr\u00eate pile au milieu du G de Guinness<\/strong>.<\/p>\n<p class=\" wall-content\">Personnalisez votre actualit\u00e9 en ajoutant vos villes et m\u00e9dias en favori avec <a href=\"https:\/\/moncompte.actu.fr\" title=\"D\u00e9couvez Mon Actu\" rel=\"nofollow noopener\" data-trk=\"{&quot;cta&quot;:{&quot;action&quot;:&quot;https:\\\/\\\/moncompte.actu.fr&quot;,&quot;category&quot;:&quot;mon compte&quot;,&quot;from&quot;:&quot;article footer&quot;,&quot;name&quot;:&quot;Mon actu&quot;,&quot;type&quot;:&quot;cta&quot;}}\" target=\"_blank\">Mon Actu<\/a>.<\/p>\n","protected":false},"excerpt":{"rendered":"Par R\u00e9daction Strasbourg Publi\u00e9 le 27 ao\u00fbt 2025 \u00e0 16h26 Un nouveau bar va ouvrir ses portes quai&hellip;\n","protected":false},"author":2,"featured_media":150867,"comment_status":"","ping_status":"","sticky":false,"template":"","format":"standard","meta":{"footnotes":""},"categories":[2820],"tags":[1111,11,5702,1777,674,1011,27,775,12,3147,25,104,640],"class_list":{"0":"post-349125","1":"post","2":"type-post","3":"status-publish","4":"format-standard","5":"has-post-thumbnail","7":"category-strasbourg","8":"tag-actu","9":"tag-actualites","10":"tag-alcool","11":"tag-eu","12":"tag-europe","13":"tag-fr","14":"tag-france","15":"tag-grand-est","16":"tag-news","17":"tag-nouveaux-commerces","18":"tag-republique-francaise","19":"tag-societe","20":"tag-strasbourg"},"share_on_mastodon":{"url":"https:\/\/pubeurope.com\/@fr\/115104362242704685","error":""},"_links":{"self":[{"href":"https:\/\/www.europesays.com\/fr\/wp-json\/wp\/v2\/posts\/349125","targetHints":{"allow":["GET"]}}],"collection":[{"href":"https:\/\/www.europesays.com\/fr\/wp-json\/wp\/v2\/posts"}],"about":[{"href":"https:\/\/www.europesays.com\/fr\/wp-json\/wp\/v2\/types\/post"}],"author":[{"embeddable":true,"href":"https:\/\/www.europesays.com\/fr\/wp-json\/wp\/v2\/users\/2"}],"replies":[{"embeddable":true,"href":"https:\/\/www.europesays.com\/fr\/wp-json\/wp\/v2\/comments?post=349125"}],"version-history":[{"count":0,"href":"https:\/\/www.europesays.com\/fr\/wp-json\/wp\/v2\/posts\/349125\/revisions"}],"wp:featuredmedia":[{"embeddable":true,"href":"https:\/\/www.europesays.com\/fr\/wp-json\/wp\/v2\/media\/150867"}],"wp:attachment":[{"href":"https:\/\/www.europesays.com\/fr\/wp-json\/wp\/v2\/media?parent=349125"}],"wp:term":[{"taxonomy":"category","embeddable":true,"href":"https:\/\/www.europesays.com\/fr\/wp-json\/wp\/v2\/categories?post=349125"},{"taxonomy":"post_tag","embeddable":true,"href":"https:\/\/www.europesays.com\/fr\/wp-json\/wp\/v2\/tags?post=349125"}],"curies":[{"name":"wp","href":"https:\/\/api.w.org\/{rel}","templated":true}]}}