{"id":349126,"date":"2025-08-28T03:52:10","date_gmt":"2025-08-28T03:52:10","guid":{"rendered":"https:\/\/www.europesays.com\/fr\/349126\/"},"modified":"2025-08-28T03:52:10","modified_gmt":"2025-08-28T03:52:10","slug":"le-port-autonome-de-strasbourg","status":"publish","type":"post","link":"https:\/\/www.europesays.com\/fr\/349126\/","title":{"rendered":"Le Port Autonome de Strasbourg"},"content":{"rendered":"<p class=\"PopSlotParagraph qg-tx2 qg-xtra-lh svelte-1r0pyek\">\u00ab\u00a0Le Port Autonome de Strasbourg est le deuxi\u00e8me port fluvial de France. Il faut savoir que le Rhin, c&rsquo;est le premier axe de transport europ\u00e9en et de tr\u00e8s loin le trafic sur le Rhin, c&rsquo;est quinze fois le trafic sur la Seine. \u00c7a donne un peu un ordre de grandeur. Et \u00e0 Strasbourg, nous avons un port qui repr\u00e9sente dix kilom\u00e8tres de long sur un kilom\u00e8tre de large. C&rsquo;est une surface qui est \u00e9quivalente \u00e0 cinq fois celle du centre-ville de Strasbourg, le long du Rhin et qui h\u00e9berge 500 entreprises. Ce sont 10\u202f000 emplois qui sont situ\u00e9s sur le port de Strasbourg. Des emplois industriels et logistiques pour l&rsquo;essentiel. Et puis c&rsquo;est toute une activit\u00e9, 6 millions de tonnes, un peu plus par an de fret fluvial et un peu plus d&rsquo;un million de tonnes de fret ferroviaire. Parce que nous sommes aussi la premi\u00e8re gare de fret de l&rsquo;Alsace.\u00a0\u00bb\u00a0Anne-Marie Jean<\/p>\n<p class=\"PopSlotParagraph qg-tx2 qg-xtra-lh svelte-1r0pyek\">Strasbourg.port.fr<\/p>\n","protected":false},"excerpt":{"rendered":"\u00ab\u00a0Le Port Autonome de Strasbourg est le deuxi\u00e8me port fluvial de France. Il faut savoir que le Rhin,&hellip;\n","protected":false},"author":2,"featured_media":349127,"comment_status":"","ping_status":"","sticky":false,"template":"","format":"standard","meta":{"footnotes":""},"categories":[2820],"tags":[1111,11,1777,674,1011,27,775,12,25,640],"class_list":{"0":"post-349126","1":"post","2":"type-post","3":"status-publish","4":"format-standard","5":"has-post-thumbnail","7":"category-strasbourg","8":"tag-actu","9":"tag-actualites","10":"tag-eu","11":"tag-europe","12":"tag-fr","13":"tag-france","14":"tag-grand-est","15":"tag-news","16":"tag-republique-francaise","17":"tag-strasbourg"},"share_on_mastodon":{"url":"https:\/\/pubeurope.com\/@fr\/115104366217699335","error":""},"_links":{"self":[{"href":"https:\/\/www.europesays.com\/fr\/wp-json\/wp\/v2\/posts\/349126","targetHints":{"allow":["GET"]}}],"collection":[{"href":"https:\/\/www.europesays.com\/fr\/wp-json\/wp\/v2\/posts"}],"about":[{"href":"https:\/\/www.europesays.com\/fr\/wp-json\/wp\/v2\/types\/post"}],"author":[{"embeddable":true,"href":"https:\/\/www.europesays.com\/fr\/wp-json\/wp\/v2\/users\/2"}],"replies":[{"embeddable":true,"href":"https:\/\/www.europesays.com\/fr\/wp-json\/wp\/v2\/comments?post=349126"}],"version-history":[{"count":0,"href":"https:\/\/www.europesays.com\/fr\/wp-json\/wp\/v2\/posts\/349126\/revisions"}],"wp:featuredmedia":[{"embeddable":true,"href":"https:\/\/www.europesays.com\/fr\/wp-json\/wp\/v2\/media\/349127"}],"wp:attachment":[{"href":"https:\/\/www.europesays.com\/fr\/wp-json\/wp\/v2\/media?parent=349126"}],"wp:term":[{"taxonomy":"category","embeddable":true,"href":"https:\/\/www.europesays.com\/fr\/wp-json\/wp\/v2\/categories?post=349126"},{"taxonomy":"post_tag","embeddable":true,"href":"https:\/\/www.europesays.com\/fr\/wp-json\/wp\/v2\/tags?post=349126"}],"curies":[{"name":"wp","href":"https:\/\/api.w.org\/{rel}","templated":true}]}}