{"id":349128,"date":"2025-08-28T03:53:12","date_gmt":"2025-08-28T03:53:12","guid":{"rendered":"https:\/\/www.europesays.com\/fr\/349128\/"},"modified":"2025-08-28T03:53:12","modified_gmt":"2025-08-28T03:53:12","slug":"sa-voiture-prend-feu-sur-lautoroute-et-explose-juste-avant-la-frontiere-ce-nicois-de-retour-ditalie-a-sauve-son-fils-de-justesse","status":"publish","type":"post","link":"https:\/\/www.europesays.com\/fr\/349128\/","title":{"rendered":"Sa voiture prend feu sur l&rsquo;autoroute et explose juste avant la fronti\u00e8re, ce Ni\u00e7ois de retour d&rsquo;Italie a sauv\u00e9 son fils de justesse"},"content":{"rendered":"<p>Rudy est encore sous le choc, vingt-quatre heures apr\u00e8s un drame qui <strong>aurait pu lui co\u00fbter la vie&#8230; et celle de son fils de deux ans,\u00a0<\/strong>\u00e0 quelques secondes pr\u00e8s.<\/p>\n<p>Le mardi 26 ao\u00fbt, <strong>ce p\u00e8re de famille revenant d\u2019Italie<\/strong>, o\u00f9 il avait d\u00e9pos\u00e9 ses deux autres fils \u00e0 San Remo, a vu sa <strong>Mercedes GLE de luxe s\u2019embraser avant d\u2019exploser<\/strong>, \u00e0 la sortie du tunnel de Vintimille.<\/p>\n<p>Peu apr\u00e8s \u00eatre sorti du dernier tunnel avant le p\u00e9age de Vintimille, le Ni\u00e7ois circulait \u00e0 90km\/h lorsqu\u2019il a <strong>entendu des bruits inqui\u00e9tants et aper\u00e7u des \u00e9tincelles<\/strong>\u00a0sortant du pot d&rsquo;\u00e9chappement, \u00e0 l\u2019arri\u00e8re de son v\u00e9hicule.<\/p>\n<p>Les automobilistes derri\u00e8re lui multipliaient d&rsquo;ailleurs les appels de phares, <strong>alors qu&rsquo;un incendie se pr\u00e9parait<\/strong>.\u00a0\u00ab\u00a0Je priais en attendant la sortie du tunnel,\u00a0relate le trentenaire. Je ne voulais pas qu&rsquo;elle prenne feu alors que j&rsquo;\u00e9tais encore coinc\u00e9 avec des centaines d&rsquo;autres automobilistes, \u00e7a aurait pu \u00eatre catastrophique.\u00a0\u00bb<\/p>\n<p>Parvenant \u00e0 peine \u00e0 contr\u00f4ler son SUV, <strong>dont les freins ne r\u00e9pondaient plus<\/strong>, il r\u00e9ussit alors \u00e0 l\u2019immobiliser contre une barri\u00e8re, <strong>juste avant le dernier p\u00e9age italien<\/strong>.<\/p>\n<p>\u00c0 peine sorti, il d\u00e9tache son fils et recule de quelques m\u00e8tres. <strong>Dix secondes plus tard, la voiture explose<\/strong>, se transformant rapidement en carcasse carbonis\u00e9e. Une histoire relay\u00e9e par la presse italienne.<\/p>\n<p>              <img ci-src=\"https:\/\/www.nicematin.com\/faits-divers\/image0+%288%29-83aNlvEV.jpeg?vh=6e0914&amp;ci_seal=2339e76f59\" alt=\"\"\/><br \/>\n        La Mercedes GLE a explos\u00e9 sur l&rsquo;autoroute mardi. <strong>DR.<\/strong> <\/p>\n<p>                                De multiples incidents avant le drame<\/p>\n<p>Le v\u00e9hicule, achet\u00e9 en mai 2025\u00a0<strong>dans la concession BYmyCAR de Villeneuve-Loubet<\/strong>, avait en fait connu une s\u00e9rie d\u2019incidents m\u00e9caniques depuis son acquisition, nous expliquent Rudy et son \u00e9pouse, joints par t\u00e9l\u00e9phone au lendemain de l&rsquo;incident.<\/p>\n<p>Depuis juin, Rudy relevait r\u00e9guli\u00e8rement <strong>un d\u00e9faut du circuit de refroidissement<\/strong>: voyants r\u00e9p\u00e9t\u00e9s, appoints de liquide, remplacement de pi\u00e8ces&#8230; mais sans solution d\u00e9finitive.\u00a0\u00ab\u00a0Au bout de trois allers-retours au garage, \u00e7a commen\u00e7ait \u00e0 m&rsquo;agacer\u00a0\u00bb,\u00a0fulmine-t-il.<\/p>\n<p>Le 22 juillet, l\u2019atelier avait finalement diagnostiqu\u00e9 <strong>un probl\u00e8me de culasse,<\/strong> <strong>n\u00e9cessitant une immobilisation de pr\u00e8s d\u2019un mois<\/strong>.<\/p>\n<p>Le v\u00e9hicule \u00e9tait ensuite rendu au couple le 18 ao\u00fbt, apr\u00e8s des vacances pass\u00e9es \u00e0 Naples avec un v\u00e9hicule de pr\u00eat, <strong>et \u00e0 la suite d&rsquo;une promesse de r\u00e9paration compl\u00e8te<\/strong>.<\/p>\n<p>\u00ab\u00a0On m\u2019a assur\u00e9 que la voiture \u00e9tait d\u00e9sormais fiable\u00a0\u00bb, raconte-t-il. Quelques jours plus tard, elle explosait <strong>lors de son tout premier long trajet<\/strong> post-vacances.<\/p>\n<p><strong>Une plainte civile et une plainte p\u00e9nale<\/strong> ont donc \u00e9t\u00e9 d\u00e9pos\u00e9es par Rudy et son \u00e9pouse.<\/p>\n<p>              <img ci-src=\"https:\/\/www.nicematin.com\/faits-divers\/image1+%285%29-WLeKRvgc.jpeg?vh=9bfe22&amp;ci_seal=4b32ac67d0\" alt=\"\"\/><br \/>\n        \u00ab\u00a0On m\u2019a assur\u00e9 que la voiture \u00e9tait fiable\u00a0\u00bb, raconte Rudy. Quelques jours plus tard, elle explosait lors de son tout premier long trajet post-vacances. <strong>DR.<\/strong> <\/p>\n<p>                                Une plainte d\u00e9pos\u00e9e pour \u00ab\u00a0mise en danger de la vie d&rsquo;autrui\u00a0\u00bb<\/p>\n<p>Face aux multiples probl\u00e8mes qu&rsquo;ils rencontraient avec leur voiture, Rudy et sa compagne avaient <strong>d\u00e9j\u00e0 alert\u00e9 leur protection juridique.<\/strong><\/p>\n<p>Une plainte p\u00e9nale a \u00e9t\u00e9 d\u00e9pos\u00e9e pour <strong>\u00ab\u00a0mise en danger de la vie d\u2019autrui\u00a0\u00bb<\/strong>, afin d&rsquo;obtenir des explications sur l\u2019encha\u00eenement des r\u00e9parations.<\/p>\n<p>\u00ab\u00a0Soit elles ont \u00e9t\u00e9 mal faites, soit elles n\u2019ont pas \u00e9t\u00e9 faites du tout. L\u2019expertise le dira\u00a0\u00bb, d\u00e9nonce Rudy. Le couple n&rsquo;h\u00e9site pas \u00e0 <strong>qualifier leur m\u00e9saventure d\u2019\u00a0\u00bbeffrayante\u00a0\u00bb.<\/strong><\/p>\n<p>La petite famille <strong>craint \u00e9galement que l\u2019assurance ne rembourse pas la valeur d\u2019achat du v\u00e9hicule<\/strong>, acquis \u00e0 cr\u00e9dit il y a trois mois \u00e0 peine.<\/p>\n<p>\u00ab\u00a0On en a \u00e0 peine profit\u00e9\u00a0\u00bb, regrettent-ils, <strong>photos du sinistre et dossier de plainte \u00e0 l\u2019appui.<\/strong><\/p>\n<p>              <img ci-src=\"https:\/\/www.nicematin.com\/faits-divers\/image2+%282%29-UMZhQEBV.jpeg?vh=b37b4a&amp;ci_seal=74ae9d0a0e\" alt=\"\"\/><br \/>\n        La famille craint que l\u2019assurance ne rembourse pas la valeur d\u2019achat du v\u00e9hicule, acquis \u00e0 cr\u00e9dit il y a trois mois \u00e0 peine. <strong>DR.<\/strong> <\/p>\n<p>                                \u00ab\u00a0Une situation potentiellement mortelle\u00a0\u00bb<\/p>\n<p>Pour l\u2019heure, la concession concern\u00e9e n\u2019avait <strong>pas encore \u00e9t\u00e9 officiellement avertie des faits dramatiques<\/strong> survenus mardi.<\/p>\n<p>Les propri\u00e9taires de la Mercedes ont choisi d\u2019attendre <strong>le rapport d\u00e9taill\u00e9 des r\u00e9parations<\/strong> avant de confronter le garage.<\/p>\n<p>Au-del\u00e0 de l\u2019aspect financier, Rudy et sa compagne disent vouloir avant tout <strong>\u00ab\u00a0\u00e9viter qu\u2019une autre famille se retrouve dans la m\u00eame situation, potentiellement mortelle\u00a0\u00bb.<\/strong><\/p>\n<p>Ils r\u00e9clament le <strong>remboursement int\u00e9gral du v\u00e9hicule<\/strong> et une prise de responsabilit\u00e9 claire de la part du constructeur.<\/p>\n","protected":false},"excerpt":{"rendered":"Rudy est encore sous le choc, vingt-quatre heures apr\u00e8s un drame qui aurait pu lui co\u00fbter la vie&#8230;&hellip;\n","protected":false},"author":2,"featured_media":349129,"comment_status":"","ping_status":"","sticky":false,"template":"","format":"standard","meta":{"footnotes":""},"categories":[2819],"tags":[1111,11,1777,674,118,1011,27,12,2401,882,25],"class_list":{"0":"post-349128","1":"post","2":"type-post","3":"status-publish","4":"format-standard","5":"has-post-thumbnail","7":"category-nice","8":"tag-actu","9":"tag-actualites","10":"tag-eu","11":"tag-europe","12":"tag-faits-divers","13":"tag-fr","14":"tag-france","15":"tag-news","16":"tag-nice","17":"tag-provence-alpes-cote-dazur","18":"tag-republique-francaise"},"share_on_mastodon":{"url":"https:\/\/pubeurope.com\/@fr\/115104370149378477","error":""},"_links":{"self":[{"href":"https:\/\/www.europesays.com\/fr\/wp-json\/wp\/v2\/posts\/349128","targetHints":{"allow":["GET"]}}],"collection":[{"href":"https:\/\/www.europesays.com\/fr\/wp-json\/wp\/v2\/posts"}],"about":[{"href":"https:\/\/www.europesays.com\/fr\/wp-json\/wp\/v2\/types\/post"}],"author":[{"embeddable":true,"href":"https:\/\/www.europesays.com\/fr\/wp-json\/wp\/v2\/users\/2"}],"replies":[{"embeddable":true,"href":"https:\/\/www.europesays.com\/fr\/wp-json\/wp\/v2\/comments?post=349128"}],"version-history":[{"count":0,"href":"https:\/\/www.europesays.com\/fr\/wp-json\/wp\/v2\/posts\/349128\/revisions"}],"wp:featuredmedia":[{"embeddable":true,"href":"https:\/\/www.europesays.com\/fr\/wp-json\/wp\/v2\/media\/349129"}],"wp:attachment":[{"href":"https:\/\/www.europesays.com\/fr\/wp-json\/wp\/v2\/media?parent=349128"}],"wp:term":[{"taxonomy":"category","embeddable":true,"href":"https:\/\/www.europesays.com\/fr\/wp-json\/wp\/v2\/categories?post=349128"},{"taxonomy":"post_tag","embeddable":true,"href":"https:\/\/www.europesays.com\/fr\/wp-json\/wp\/v2\/tags?post=349128"}],"curies":[{"name":"wp","href":"https:\/\/api.w.org\/{rel}","templated":true}]}}