{"id":349130,"date":"2025-08-28T03:54:14","date_gmt":"2025-08-28T03:54:14","guid":{"rendered":"https:\/\/www.europesays.com\/fr\/349130\/"},"modified":"2025-08-28T03:54:14","modified_gmt":"2025-08-28T03:54:14","slug":"municipales-2026-le-duel-ciotti-estrosi-est-lance-a-nice","status":"publish","type":"post","link":"https:\/\/www.europesays.com\/fr\/349130\/","title":{"rendered":"Municipales 2026 : Le duel Ciotti-Estrosi est lanc\u00e9 \u00e0 Nice"},"content":{"rendered":"<p>AD<\/p>\n<p>\t\t\t\t\t\t<strong>Municipales 2026 : Le duel Ciotti-Estrosi est lanc\u00e9 \u00e0 Nice<\/strong><\/p>\n<p>C\u2019est la fin d\u2019un secret de polichinelle. Le d\u00e9put\u00e9 des Alpes-Maritimes \u00c9ric Ciotti (UDR) a officialis\u00e9 sa candidature aux \u00e9lections municipales de Nice en 2026. Une annonce qui confirme l\u2019affrontement tant attendu avec le maire sortant, Christian Estrosi, pour le scrutin des 15 et 22 mars prochains.<\/p>\n<p><img fetchpriority=\"high\" decoding=\"async\" class=\"size-medium wp-image-28676\" src=\"https:\/\/www.europesays.com\/fr\/wp-content\/uploads\/2025\/08\/20250528171519-77972612-770x385.jpg\" alt=\"\" width=\"770\" height=\"385\"  \/>\u00a0 \u00a0 \u00a0 \u00a0 \u00a0 \u00a0 \u00a0 \u00a0 \u00a0 \u00a0 \u00a0 \u00a0 \u00a0 \u00a0 \u00a0 \u00a0 \u00a0 \u00a0 \u00a0 \u00a0 \u00a0 \u00a0 \u00a0 \u00a0 \u00a0 \u00a0 \u00a0 \u00a0 \u00a0 \u00a0 \u00a0 \u00a0 \u00a0 \u00a0 \u00a0 \u00a0 \u00a0 \u00a0 \u00a0 \u00a0 \u00a0Photo by Thibaud MORITZ \/ AFP<\/p>\n<p><strong>Une nouvelle ambition pour Nice<\/strong><\/p>\n<p>Dans une lettre adress\u00e9e aux Ni\u00e7ois, \u00c9ric Ciotti a d\u00e9clar\u00e9 sa volont\u00e9 de devenir \u00ab\u00a0le maire de tous les Ni\u00e7ois\u00a0\u00bb et de porter une \u00ab\u00a0nouvelle ambition pour Nice.\u00a0\u00bb Il a vivement critiqu\u00e9 la gestion de Christian Estrosi, pointant du doigt ce qu\u2019il qualifie de \u00ab\u00a0mauvaise gestion\u00a0\u00bb de la ville, qui selon lui souffre d\u2019ins\u00e9curit\u00e9 et d\u2019une situation financi\u00e8re \u00ab\u00a0extr\u00eamement d\u00e9grad\u00e9e\u00a0\u00bb avec plus de 3 milliards d\u2019euros de dette. Il a \u00e9galement d\u00e9nonc\u00e9 une augmentation massive des imp\u00f4ts.<\/p>\n<p>De son c\u00f4t\u00e9, Christian Estrosi a r\u00e9agi avec concision, affirmant ne pas vouloir commenter la candidature de l\u2019 \u00ab\u00a0extr\u00eame droite\u00a0\u00bb et se disant \u00ab\u00a0mobilis\u00e9\u00a0\u00bb par la rentr\u00e9e des personnels des \u00e9coles.<\/p>\n<p><strong>Un contexte politique sous haute tension<\/strong><\/p>\n<p>Cette candidature s\u2019inscrit dans un contexte politique local et national particuli\u00e8rement tendu. Ancien pr\u00e9sident des R\u00e9publicains, \u00c9ric Ciotti a marqu\u00e9 une rupture en s\u2019alliant au Rassemblement National apr\u00e8s la dissolution de l\u2019Assembl\u00e9e nationale. Il est d\u00e9sormais \u00e0 la t\u00eate du nouveau parti UDR, Union des droites pour la R\u00e9publique, qui a remport\u00e9 16 si\u00e8ges aux derni\u00e8res l\u00e9gislatives gr\u00e2ce \u00e0 cette alliance.<\/p>\n<p>Un choix strat\u00e9gique que Jordan Bardella, le pr\u00e9sident du parti \u00e0 la flamme, a publiquement soutenu. Sur X, il a d\u00e9clar\u00e9 qu\u2019\u00c9ric Ciotti \u00e9tait \u00ab\u00a0le mieux plac\u00e9 pour apporter \u00e0 la ville de Nice le renouveau dont elle a besoin.\u00a0\u00bb<\/p>\n<p>        L&rsquo;\u00e9quipe<\/p>\n<p>                <a href=\"https:\/\/radio-monaco.com\/author\/marie-marquetrm8236\/\" rel=\"nofollow noopener\" target=\"_blank\"><img loading=\"lazy\" decoding=\"async\" alt=\"Avatar photo\" src=\"https:\/\/www.europesays.com\/fr\/wp-content\/uploads\/2025\/08\/RM_Avatar-150x150.webp.webp\"  class=\"avatar avatar-150 photo\" height=\"150\" width=\"150\"\/><\/a><\/p>\n","protected":false},"excerpt":{"rendered":"AD Municipales 2026 : Le duel Ciotti-Estrosi est lanc\u00e9 \u00e0 Nice C\u2019est la fin d\u2019un secret de polichinelle.&hellip;\n","protected":false},"author":2,"featured_media":349131,"comment_status":"","ping_status":"","sticky":false,"template":"","format":"standard","meta":{"footnotes":""},"categories":[2819],"tags":[1111,11,1777,674,1011,27,12,2401,882,25],"class_list":{"0":"post-349130","1":"post","2":"type-post","3":"status-publish","4":"format-standard","5":"has-post-thumbnail","7":"category-nice","8":"tag-actu","9":"tag-actualites","10":"tag-eu","11":"tag-europe","12":"tag-fr","13":"tag-france","14":"tag-news","15":"tag-nice","16":"tag-provence-alpes-cote-dazur","17":"tag-republique-francaise"},"share_on_mastodon":{"url":"https:\/\/pubeurope.com\/@fr\/115104374058256793","error":""},"_links":{"self":[{"href":"https:\/\/www.europesays.com\/fr\/wp-json\/wp\/v2\/posts\/349130","targetHints":{"allow":["GET"]}}],"collection":[{"href":"https:\/\/www.europesays.com\/fr\/wp-json\/wp\/v2\/posts"}],"about":[{"href":"https:\/\/www.europesays.com\/fr\/wp-json\/wp\/v2\/types\/post"}],"author":[{"embeddable":true,"href":"https:\/\/www.europesays.com\/fr\/wp-json\/wp\/v2\/users\/2"}],"replies":[{"embeddable":true,"href":"https:\/\/www.europesays.com\/fr\/wp-json\/wp\/v2\/comments?post=349130"}],"version-history":[{"count":0,"href":"https:\/\/www.europesays.com\/fr\/wp-json\/wp\/v2\/posts\/349130\/revisions"}],"wp:featuredmedia":[{"embeddable":true,"href":"https:\/\/www.europesays.com\/fr\/wp-json\/wp\/v2\/media\/349131"}],"wp:attachment":[{"href":"https:\/\/www.europesays.com\/fr\/wp-json\/wp\/v2\/media?parent=349130"}],"wp:term":[{"taxonomy":"category","embeddable":true,"href":"https:\/\/www.europesays.com\/fr\/wp-json\/wp\/v2\/categories?post=349130"},{"taxonomy":"post_tag","embeddable":true,"href":"https:\/\/www.europesays.com\/fr\/wp-json\/wp\/v2\/tags?post=349130"}],"curies":[{"name":"wp","href":"https:\/\/api.w.org\/{rel}","templated":true}]}}