{"id":349138,"date":"2025-08-28T03:59:10","date_gmt":"2025-08-28T03:59:10","guid":{"rendered":"https:\/\/www.europesays.com\/fr\/349138\/"},"modified":"2025-08-28T03:59:10","modified_gmt":"2025-08-28T03:59:10","slug":"toulouse-elle-va-simplifier-les-trajets-des-salaries-dairbus-cette-bretelle-fantome-ouvre-enfin","status":"publish","type":"post","link":"https:\/\/www.europesays.com\/fr\/349138\/","title":{"rendered":"Toulouse. Elle va simplifier les trajets des salari\u00e9s d&rsquo;Airbus, cette \u00ab\u00a0bretelle fant\u00f4me\u00a0\u00bb ouvre enfin"},"content":{"rendered":"<p>            Par<br \/>\n        <strong><br \/>\n            <a href=\"https:\/\/actu.fr\/auteur\/lucie-2\" title=\"Consulter tous les articles de Lucie Fraisse\" rel=\"nofollow noopener\" target=\"_blank\">Lucie Fraisse<\/a><br \/>\n        <\/strong><\/p>\n<p>        Publi\u00e9 le<\/p>\n<p>            27 ao\u00fbt 2025 \u00e0 16h21        <\/p>\n<p>C\u2019est <strong>un nouvel acc\u00e8s<\/strong> \u00e0 la zone a\u00e9ronautique de Toulouse qui ouvre enfin. <a href=\"https:\/\/actu.fr\/occitanie\/toulouse_31555\/bonne-nouvelle-pour-les-salaries-d-airbus-pres-de-toulouse-cette-bretelle-fantome-va-bientot-ouvrir_62672809.html\" rel=\"nofollow noopener\" target=\"_blank\">La bretelle de sortie de la M901 vers la rue Velasquez<\/a>, dans le sens Blagnac-Auch, est en effet achev\u00e9e depuis plusieurs ann\u00e9es, sans avoir \u00e9t\u00e9, jusqu\u2019\u00e0 pr\u00e9sent, ouverte \u00e0 la circulation. Elle doit accueillir ses premiers automobilistes dans la nuit du 28 au 29 ao\u00fbt 2025.<\/p>\n<p>Am\u00e9liorer la desserte des sites industriels<\/p>\n<p class=\" wall-content\">\u00ab\u00a0Ces am\u00e9nagements visent \u00e0 am\u00e9liorer la desserte des sites industriels majeurs du secteur (AIRBUS, ATR, DGA-TA) tout en fluidifiant les trafics aux abords des \u00e9changeurs du <strong>Ritouret et de la Crabe<\/strong>, souvent satur\u00e9s aux heures de pointe\u00a0\u00bb, indique ainsi Toulouse m\u00e9tropole dans un communiqu\u00e9 de presse.\u00a0<\/p>\n<p class=\" wall-content\">C\u2019est l\u2019intercommunalit\u00e9 qui a pilot\u00e9 ce projet, financ\u00e9 par l\u2019\u00c9tat, la R\u00e9gion et le D\u00e9partement dans le cadre du contrat de plan \u00c9tat-R\u00e9gion et du pacte Airbus-Toulouse M\u00e9tropole.<\/p>\n<p>Nouvel \u00e9changeur, \u00e9largissement de la piste cyclable<\/p>\n<p class=\" wall-content\">Dans le d\u00e9tail, ces am\u00e9nagements comprennent la cr\u00e9ation d\u2019un nouvel \u00e9changeur avec giratoire et bretelles d\u2019entr\u00e9e et sortie sur la M901 ; l\u2019\u00e9largissement de la piste cyclable \u00e0 3 m\u00e8tres le long de <strong>la rue Velasquez<\/strong> ; l\u2019am\u00e9nagement de la continuit\u00e9 pi\u00e9tonne jusqu\u2019au chemin Laporte ainsi que le r\u00e9am\u00e9nagement du carrefour Velasquez\/Tamaris\/ acc\u00e8s aux sites a\u00e9ronautiques.<\/p>\n<p class=\" wall-content\">\u00c0 quelques jours de la rentr\u00e9e, cette nouvelle sortie va proposer un itin\u00e9raire alternatif aux automobilistes qui empruntaient habituellement l\u2019\u00e9changeur du Ritouret. L\u2019objectif \u00e9tant de soulager les sorties<strong> Ritouret et la Crabe<\/strong> le matin.<\/p>\n<p>Vid\u00e9os : en ce moment sur ActuD\u00e9minage de terrains<\/p>\n<p class=\" wall-content\">Si les am\u00e9nagements principaux sont termin\u00e9s depuis la fin de l\u2019ann\u00e9e 2022, la mise en service de cette bretelle \u00e9tait conditionn\u00e9e \u00e0 la reconfiguration des acc\u00e8s aux sites a\u00e9ronautiques, <strong>avec des travaux sur le domaine public et sur le site a\u00e9ronautique<\/strong>.<\/p>\n<p class=\" wall-content\">Mais les travaux sur le domaine priv\u00e9 ont \u00e9t\u00e9 compliqu\u00e9s par d\u2019imp\u00e9ratives op\u00e9rations de d\u00e9minage sur les terrains militaires situ\u00e9s sur le site d\u2019Airbus et qui ont subi des bombardements alli\u00e9s en 1945. Des op\u00e9rations qui avaient d\u00e9but\u00e9 en mars 2024, sous le pilotage de la pr\u00e9fecture de la Haute-Garonne.<\/p>\n<p>Votre r\u00e9gion, votre actu !<\/p>\n<p>Recevez chaque jour les infos qui comptent pour vous.<\/p>\n<p>\t<a href=\"https:\/\/actu.fr\/newsletter\" class=\"ac-btn ac-btn--corner ac-btn--medium ac-btn--blue800\" rel=\"nofollow noopener\" target=\"_blank\">S&rsquo;incrire<\/a><\/p>\n<p class=\" wall-content\">Une fois le d\u00e9minage effectu\u00e9, Toulouse M\u00e9tropole a pu reprendre la main pour effectuer des travaux de r\u00e9am\u00e9nagement sur le carrefour Velasquez\/Tamaris ouvrant ainsi la voie \u00e0 la mise en service de la bretelle qui sera effective dans la nuit du 28 au 29 ao\u00fbt 2025.<\/p>\n<p class=\" wall-content\">Personnalisez votre actualit\u00e9 en ajoutant vos villes et m\u00e9dias en favori avec <a href=\"https:\/\/moncompte.actu.fr\" title=\"D\u00e9couvez Mon Actu\" rel=\"nofollow noopener\" data-trk=\"{&quot;cta&quot;:{&quot;action&quot;:&quot;https:\\\/\\\/moncompte.actu.fr&quot;,&quot;category&quot;:&quot;mon compte&quot;,&quot;from&quot;:&quot;article footer&quot;,&quot;name&quot;:&quot;Mon actu&quot;,&quot;type&quot;:&quot;cta&quot;}}\" target=\"_blank\">Mon Actu<\/a>.<\/p>\n","protected":false},"excerpt":{"rendered":"Par Lucie Fraisse Publi\u00e9 le 27 ao\u00fbt 2025 \u00e0 16h21 C\u2019est un nouvel acc\u00e8s \u00e0 la zone a\u00e9ronautique&hellip;\n","protected":false},"author":2,"featured_media":349139,"comment_status":"","ping_status":"","sticky":false,"template":"","format":"standard","meta":{"footnotes":""},"categories":[2816],"tags":[1111,11,36,1777,674,1011,27,12,2680,25,104,2312],"class_list":{"0":"post-349138","1":"post","2":"type-post","3":"status-publish","4":"format-standard","5":"has-post-thumbnail","7":"category-toulouse","8":"tag-actu","9":"tag-actualites","10":"tag-airbus","11":"tag-eu","12":"tag-europe","13":"tag-fr","14":"tag-france","15":"tag-news","16":"tag-occitanie","17":"tag-republique-francaise","18":"tag-societe","19":"tag-toulouse"},"share_on_mastodon":{"url":"https:\/\/pubeurope.com\/@fr\/115104393781643321","error":""},"_links":{"self":[{"href":"https:\/\/www.europesays.com\/fr\/wp-json\/wp\/v2\/posts\/349138","targetHints":{"allow":["GET"]}}],"collection":[{"href":"https:\/\/www.europesays.com\/fr\/wp-json\/wp\/v2\/posts"}],"about":[{"href":"https:\/\/www.europesays.com\/fr\/wp-json\/wp\/v2\/types\/post"}],"author":[{"embeddable":true,"href":"https:\/\/www.europesays.com\/fr\/wp-json\/wp\/v2\/users\/2"}],"replies":[{"embeddable":true,"href":"https:\/\/www.europesays.com\/fr\/wp-json\/wp\/v2\/comments?post=349138"}],"version-history":[{"count":0,"href":"https:\/\/www.europesays.com\/fr\/wp-json\/wp\/v2\/posts\/349138\/revisions"}],"wp:featuredmedia":[{"embeddable":true,"href":"https:\/\/www.europesays.com\/fr\/wp-json\/wp\/v2\/media\/349139"}],"wp:attachment":[{"href":"https:\/\/www.europesays.com\/fr\/wp-json\/wp\/v2\/media?parent=349138"}],"wp:term":[{"taxonomy":"category","embeddable":true,"href":"https:\/\/www.europesays.com\/fr\/wp-json\/wp\/v2\/categories?post=349138"},{"taxonomy":"post_tag","embeddable":true,"href":"https:\/\/www.europesays.com\/fr\/wp-json\/wp\/v2\/tags?post=349138"}],"curies":[{"name":"wp","href":"https:\/\/api.w.org\/{rel}","templated":true}]}}