{"id":349140,"date":"2025-08-28T04:00:18","date_gmt":"2025-08-28T04:00:18","guid":{"rendered":"https:\/\/www.europesays.com\/fr\/349140\/"},"modified":"2025-08-28T04:00:18","modified_gmt":"2025-08-28T04:00:18","slug":"meteo-pluies-et-grisaille-dans-le-ciel-ce-jeudi-a-toulouse-et-en-occitanie","status":"publish","type":"post","link":"https:\/\/www.europesays.com\/fr\/349140\/","title":{"rendered":"M\u00e9t\u00e9o. Pluies et grisaille dans le ciel ce jeudi \u00e0 Toulouse et en Occitanie"},"content":{"rendered":"<p>            Par<br \/>\n        <strong><br \/>\n            <a href=\"https:\/\/actu.fr\/auteur\/lucie-2\" title=\"Consulter tous les articles de Lucie Fraisse\" target=\"_blank\" rel=\"noopener\">Lucie Fraisse<\/a><br \/>\n        <\/strong><\/p>\n<p>        Publi\u00e9 le<\/p>\n<p>            28 ao\u00fbt 2025 \u00e0 5h24        <\/p>\n<p>C\u2019est un jeudi plut\u00f4t pluvieux qui s\u2019annonce \u00e0 <a href=\"https:\/\/actu.fr\/toulouse\/\" target=\"_blank\" rel=\"noopener\">Toulouse<\/a> pour ce 28 ao\u00fbt 2025. M\u00e9t\u00e9o France pr\u00e9voit ainsi des pluies faibles en matin\u00e9e. Elles devraient perdurer dans l\u2019apr\u00e8s-midi, m\u00eame si on apercevra aussi le soleil par intermittence.<\/p>\n<p>    <img   decoding=\"async\" loading=\"lazy\" src=\"https:\/\/www.europesays.com\/fr\/wp-content\/uploads\/2025\/08\/meteo-toulouse-jeudi28-960x413.jpg\" alt=\"Les pr\u00e9visions de M\u00e9t\u00e9o France \u00e0 Toulouse pour ce jeudi.\" width=\"960\" height=\"413\"\/><br \/>\n    Les pr\u00e9visions de M\u00e9t\u00e9o France \u00e0 Toulouse pour ce jeudi. (\u00a9M\u00e9t\u00e9o France)<\/p>\n<p class=\" wall-content\">Des rafales de vent allant jusqu\u2019\u00e0 40km\/h sont annonc\u00e9es l\u2019apr\u00e8s-midi, avant que le ciel ne se d\u00e9gage en soir\u00e9e.\u00a0<\/p>\n<p>Pluies le matin en Occitanie\u00a0<\/p>\n<p class=\" wall-content\">L\u2019ensemble de l\u2019Occitanie se r\u00e9veille sous des pluies faibles ce jeudi 28 ao\u00fbt. Des averses orageuses devraient cibler les<strong> Pyr\u00e9n\u00e9es-Orientales<\/strong>, le matin et l\u2019apr\u00e8s-midi.<\/p>\n<p>    <img   decoding=\"async\" loading=\"lazy\" src=\"https:\/\/www.europesays.com\/fr\/wp-content\/uploads\/2025\/08\/meteo-288-960x640.jpg\" alt=\"Les pr\u00e9visions de M\u00e9t\u00e9o France en Occitanie pour jeudi apr\u00e8s-midi.\" width=\"960\" height=\"640\"\/><br \/>\n    Les pr\u00e9visions de M\u00e9t\u00e9o France en Occitanie pour jeudi apr\u00e8s-midi. (\u00a9m\u00e9t\u00e9o France)<\/p>\n<p class=\" wall-content\">Le ciel se d\u00e9gage partiellement l\u2019apr\u00e8s-midi. On apercevra le soleil entre les averses sur une grande partie de l\u2019Occitanie et les \u00e9claircies pr\u00e9domineront sur le littoral.<\/p>\n<p class=\" wall-content\">Personnalisez votre actualit\u00e9 en ajoutant vos villes et m\u00e9dias en favori avec <a href=\"https:\/\/moncompte.actu.fr\" title=\"D\u00e9couvez Mon Actu\" rel=\"nofollow noopener\" data-trk=\"{&quot;cta&quot;:{&quot;action&quot;:&quot;https:\\\/\\\/moncompte.actu.fr&quot;,&quot;category&quot;:&quot;mon compte&quot;,&quot;from&quot;:&quot;article footer&quot;,&quot;name&quot;:&quot;Mon actu&quot;,&quot;type&quot;:&quot;cta&quot;}}\" target=\"_blank\">Mon Actu<\/a>.<\/p>\n","protected":false},"excerpt":{"rendered":"Par Lucie Fraisse Publi\u00e9 le 28 ao\u00fbt 2025 \u00e0 5h24 C\u2019est un jeudi plut\u00f4t pluvieux qui s\u2019annonce \u00e0&hellip;\n","protected":false},"author":2,"featured_media":349141,"comment_status":"","ping_status":"","sticky":false,"template":"","format":"standard","meta":{"footnotes":""},"categories":[2816],"tags":[1111,11,1777,674,1011,27,2487,2357,12,2680,25,2312],"class_list":{"0":"post-349140","1":"post","2":"type-post","3":"status-publish","4":"format-standard","5":"has-post-thumbnail","7":"category-toulouse","8":"tag-actu","9":"tag-actualites","10":"tag-eu","11":"tag-europe","12":"tag-fr","13":"tag-france","14":"tag-meteo","15":"tag-meteo-france","16":"tag-news","17":"tag-occitanie","18":"tag-republique-francaise","19":"tag-toulouse"},"share_on_mastodon":{"url":"https:\/\/pubeurope.com\/@fr\/115104397635715529","error":""},"_links":{"self":[{"href":"https:\/\/www.europesays.com\/fr\/wp-json\/wp\/v2\/posts\/349140","targetHints":{"allow":["GET"]}}],"collection":[{"href":"https:\/\/www.europesays.com\/fr\/wp-json\/wp\/v2\/posts"}],"about":[{"href":"https:\/\/www.europesays.com\/fr\/wp-json\/wp\/v2\/types\/post"}],"author":[{"embeddable":true,"href":"https:\/\/www.europesays.com\/fr\/wp-json\/wp\/v2\/users\/2"}],"replies":[{"embeddable":true,"href":"https:\/\/www.europesays.com\/fr\/wp-json\/wp\/v2\/comments?post=349140"}],"version-history":[{"count":0,"href":"https:\/\/www.europesays.com\/fr\/wp-json\/wp\/v2\/posts\/349140\/revisions"}],"wp:featuredmedia":[{"embeddable":true,"href":"https:\/\/www.europesays.com\/fr\/wp-json\/wp\/v2\/media\/349141"}],"wp:attachment":[{"href":"https:\/\/www.europesays.com\/fr\/wp-json\/wp\/v2\/media?parent=349140"}],"wp:term":[{"taxonomy":"category","embeddable":true,"href":"https:\/\/www.europesays.com\/fr\/wp-json\/wp\/v2\/categories?post=349140"},{"taxonomy":"post_tag","embeddable":true,"href":"https:\/\/www.europesays.com\/fr\/wp-json\/wp\/v2\/tags?post=349140"}],"curies":[{"name":"wp","href":"https:\/\/api.w.org\/{rel}","templated":true}]}}