{"id":349143,"date":"2025-08-28T04:03:13","date_gmt":"2025-08-28T04:03:13","guid":{"rendered":"https:\/\/www.europesays.com\/fr\/349143\/"},"modified":"2025-08-28T04:03:13","modified_gmt":"2025-08-28T04:03:13","slug":"en-provence-ces-chercheurs-qui-se-levent-contre-la-reforme-des-parcs-nationaux","status":"publish","type":"post","link":"https:\/\/www.europesays.com\/fr\/349143\/","title":{"rendered":"en Provence, ces chercheurs qui se l\u00e8vent contre la r\u00e9forme des parcs nationaux"},"content":{"rendered":"<p>La menace d\u2019une r\u00e9forme continue de planer sur les 11 parcs nationaux de France, apr\u00e8s l\u2019annonce, le 24\u00a0juin dernier, d<a href=\"https:\/\/www.laprovence.com\/article\/ecoplanete\/1165545074310615\/calanques-port-cros-les-parcs-nationaux-menaces-par-une-reorganisation-des-agences-de-letat\" target=\"_blank\" rel=\"noopener\">\u2019un projet d\u2019absorption par l\u2019Office fran\u00e7ais de la biodiversit\u00e9<\/a> (OFB) dans le rapport d\u2019une commission d\u2019enqu\u00eate s\u00e9natoriale. Deux mois apr\u00e8s, des juristes et scientifiques ont sign\u00e9, mercredi 27\u00a0ao\u00fbt, une tribune dans laquelle il affirme que ce projet \u00ab\u00a0contredit les engagements de la France destin\u00e9s \u00e0 pr\u00e9server la biodiversit\u00e9\u00a0\u00bb.<\/p>\n<p>Publi\u00e9e par <a href=\"https:\/\/www.lemonde.fr\/idees\/article\/2025\/08\/26\/en-renoncant-au-statut-d-etablissement-public-des-parcs-nationaux-la-france-perdrait-un-instrument-majeur-de-protection-de-la-biodiversite_6635771_3232.html\" target=\"_blank\" rel=\"noopener\">Le Monde<\/a>, la tribune comporte 43 signataires, dont des chercheurs et professeurs proven\u00e7aux tels que Charles-Fran\u00e7ois Boudouresque, professeur \u00e9m\u00e9rite \u00e0 Aix-Marseille Universit\u00e9 (AMU), Jo\u00ebl Guiot, copr\u00e9sident du groupe r\u00e9gional d\u2019experts sur le climat (Grec-Sud), Fr\u00e9d\u00e9ric M\u00e9dail, professeur en \u00e9cologie et biog\u00e9ographie \u00e0 AMU, ainsi que Thierry Tatoni, pr\u00e9sident du conseil scientifique du <a href=\"https:\/\/www.laprovence.com\/article\/region\/2071300326812115\/au-parc-des-calanques-a-marseille-pour-rester-dans-la-course-des-bateaux-de-tourisme-se-mettent-a-l-electrique\" target=\"_blank\" rel=\"noopener\">parc national des Calanques<\/a>.<\/p>\n<p>Le texte s\u2019inqui\u00e8te de la volont\u00e9 d\u2019\u00e9conomies mise en avant par la ministre charg\u00e9e des Comptes publics, <a href=\"https:\/\/www.laprovence.com\/article\/economie\/5564479745175314\/budget-un-tiers-des-agences-et-des-operateurs-de-letat-fusionnes-ou-supprimes-dici-la-fin-de-lannee\" target=\"_blank\" rel=\"noopener\">Am\u00e9lie de Montchalin<\/a>, alors que le co\u00fbt des parcs nationaux \u00e0 l\u2019\u00c9tat est, en\u00a02025, estim\u00e9 \u00e0 74,5\u00a0millions d\u2019euros, vers\u00e9s par l\u2019OFB. Pour justifier leur incompr\u00e9hension, les signataires de la tribune citent un rap&#8230;<\/p>\n","protected":false},"excerpt":{"rendered":"La menace d\u2019une r\u00e9forme continue de planer sur les 11 parcs nationaux de France, apr\u00e8s l\u2019annonce, le 24\u00a0juin&hellip;\n","protected":false},"author":2,"featured_media":349144,"comment_status":"","ping_status":"","sticky":false,"template":"","format":"standard","meta":{"footnotes":""},"categories":[2814],"tags":[17,1111,11,9122,7079,436,1777,674,1011,27,48573,884,12,378,1186,882,25,6690,3585],"class_list":{"0":"post-349143","1":"post","2":"type-post","3":"status-publish","4":"format-standard","5":"has-post-thumbnail","7":"category-marseille","8":"tag-17","9":"tag-actu","10":"tag-actualites","11":"tag-ces","12":"tag-chercheurs","13":"tag-environnement","14":"tag-eu","15":"tag-europe","16":"tag-fr","17":"tag-france","18":"tag-lent","19":"tag-marseille","20":"tag-news","21":"tag-plus","22":"tag-provence","23":"tag-provence-alpes-cote-dazur","24":"tag-republique-francaise","25":"tag-sera","26":"tag-tout"},"share_on_mastodon":{"url":"https:\/\/pubeurope.com\/@fr\/115104409492115971","error":""},"_links":{"self":[{"href":"https:\/\/www.europesays.com\/fr\/wp-json\/wp\/v2\/posts\/349143","targetHints":{"allow":["GET"]}}],"collection":[{"href":"https:\/\/www.europesays.com\/fr\/wp-json\/wp\/v2\/posts"}],"about":[{"href":"https:\/\/www.europesays.com\/fr\/wp-json\/wp\/v2\/types\/post"}],"author":[{"embeddable":true,"href":"https:\/\/www.europesays.com\/fr\/wp-json\/wp\/v2\/users\/2"}],"replies":[{"embeddable":true,"href":"https:\/\/www.europesays.com\/fr\/wp-json\/wp\/v2\/comments?post=349143"}],"version-history":[{"count":0,"href":"https:\/\/www.europesays.com\/fr\/wp-json\/wp\/v2\/posts\/349143\/revisions"}],"wp:featuredmedia":[{"embeddable":true,"href":"https:\/\/www.europesays.com\/fr\/wp-json\/wp\/v2\/media\/349144"}],"wp:attachment":[{"href":"https:\/\/www.europesays.com\/fr\/wp-json\/wp\/v2\/media?parent=349143"}],"wp:term":[{"taxonomy":"category","embeddable":true,"href":"https:\/\/www.europesays.com\/fr\/wp-json\/wp\/v2\/categories?post=349143"},{"taxonomy":"post_tag","embeddable":true,"href":"https:\/\/www.europesays.com\/fr\/wp-json\/wp\/v2\/tags?post=349143"}],"curies":[{"name":"wp","href":"https:\/\/api.w.org\/{rel}","templated":true}]}}