{"id":349145,"date":"2025-08-28T04:04:16","date_gmt":"2025-08-28T04:04:16","guid":{"rendered":"https:\/\/www.europesays.com\/fr\/349145\/"},"modified":"2025-08-28T04:04:16","modified_gmt":"2025-08-28T04:04:16","slug":"marseille-visee-par-une-enquete-a-la-suite-dun-signalement-martine-vassal-denonce-une-manoeuvre-politique","status":"publish","type":"post","link":"https:\/\/www.europesays.com\/fr\/349145\/","title":{"rendered":"Marseille. Vis\u00e9e par une enqu\u00eate \u00e0 la suite d&rsquo;un signalement, Martine Vassal d\u00e9nonce \u00ab\u00a0une man\u0153uvre politique\u00a0\u00bb"},"content":{"rendered":"<p>            Par<br \/>\n        <strong><br \/>\n            <a href=\"https:\/\/actu.fr\/auteur\/thibault-nadal-actu-fr\" title=\"Consulter tous les articles de Thibault Nadal\" rel=\"nofollow noopener\" target=\"_blank\">Thibault Nadal<\/a><br \/>\n        <\/strong><\/p>\n<p>        Publi\u00e9 le<\/p>\n<p>            27 ao\u00fbt 2025 \u00e0 17h37        <\/p>\n<p>C\u2019est un s\u00e9isme \u00e0 l\u2019aube de <a href=\"https:\/\/actu.fr\/marseille\/politique\/elections-municipales\" rel=\"nofollow noopener\" target=\"_blank\">la campagne des municipales<\/a>. Ce mercredi 27\u00a0ao\u00fbt 2025, le parquet a indiqu\u00e9 \u00e0 actu Marseille, confirmant une information de <a href=\"https:\/\/marsactu.fr\/la-justice-ouvre-une-enquete-preliminaire-apres-un-signalement-visant-martine-vassal\/\" rel=\"nofollow noopener\" target=\"_blank\">Marsactu<\/a>, qu\u2019une enqu\u00eate pour <strong>\u00ab\u2009d\u00e9tournement de fonds publics, trafic d\u2019influence et corruption\u2009\u00bb<\/strong> \u00e9tait ouverte. Elle fait suite au signalement d\u2019un ancien collaborateur de <strong>Martine Vassal<\/strong>, la pr\u00e9sidente (DVD) de la M\u00e9tropole et du D\u00e9partement, qui l\u2019accuse de ces faits.<\/p>\n<p>Deux enqu\u00eates ouvertes<\/p>\n<p class=\" wall-content\">Le parquet nous pr\u00e9cise avoir ouvert deux enqu\u00eates pr\u00e9liminaires distinctes. La premi\u00e8re fait effectivement suite au <strong>signalement de ce haut fonctionnaire, Erwan Davoux<\/strong>, au titre de l\u2019article\u00a040 du code de proc\u00e9dure p\u00e9nale. Il cible Martine Vassal sur des faits de \u00ab\u2009d\u00e9tournement de fonds publics, trafic d\u2019influence et corruption\u2009\u00bb.<\/p>\n<p class=\" wall-content\">La deuxi\u00e8me vise directement Erwan Davoux \u00e0 la suite <strong>des accusations de \u00ab\u2009chantage et incitation \u00e0 la haine\u2009\u00bb<\/strong> port\u00e9es par la pr\u00e9sidente de la M\u00e9tropole \u00e0 l\u2019encontre de l\u2019ancien directeur des relations internationales du d\u00e9partement des <a href=\"https:\/\/actu.fr\/provence-alpes-cote-d-azur\/bouches-du-rhone_13\" rel=\"nofollow noopener\" target=\"_blank\">Bouches-du-Rh\u00f4ne<\/a>, dont le contrat n\u2019a pas \u00e9t\u00e9 renouvel\u00e9.<\/p>\n<p>Des voyages \u00ab\u2009dispendieux\u2009\u00bb et une relation \u00e0 \u00e9claircir<\/p>\n<p class=\" wall-content\">Apr\u00e8s la r\u00e9v\u00e9lation de cette affaire dans <a href=\"https:\/\/www.nouvelobs.com\/justice\/20250821.OBS106902\/marseille-enquete-sur-le-tres-cher-systeme-vassal.html\" rel=\"nofollow noopener\" target=\"_blank\">Le Nouvel Obs<\/a>, Martine Vassal a d\u00e9nonc\u00e9 sur X des \u00ab\u2009infractions imaginaires\u2009\u00bb. Elle r\u00e9v\u00e8le par exemple avoir <strong>refus\u00e9 de \u00ab\u2009verser pr\u00e8s de 300000 euros\u2009\u00bb<\/strong> d\u2019indemnit\u00e9s \u00e0 son ancien employ\u00e9.<\/p>\n<p class=\" wall-content\">\n<p class=\" wall-content\">L\u2019ancien charg\u00e9 de mission \u00e0 l\u2019\u00c9lys\u00e9e, pass\u00e9 par la DGSE et la R\u00e9gion \u00cele-de-France, accuse notamment la patronne de la m\u00e9tropole Aix-Marseille Provence de voyages officiels \u00ab\u2009dispendieux\u2009\u00bb \u00e0 Rome, New York ou encore en Arm\u00e9nie en\u00a02022 et\u00a02024, ainsi que <strong>des subventions \u00ab\u2009client\u00e9listes\u2009\u00bb<\/strong> accord\u00e9es \u00e0 des associations des communaut\u00e9s juive et arm\u00e9nienne de Marseille.<\/p>\n<p class=\" wall-content\">Erwan Davoux d\u00e9nonce \u00e9galement <strong>la relation entre Martine Vassal et son directeur de cabinet<\/strong>, Marc Jolibois, au motif que \u00ab\u2009la loi pour la confiance de la vie politique interdit de compter parmi les membres de son cabinet son mari, son concubin ou partenaire\u2009\u00bb, a-t-il expliqu\u00e9 \u00e0 l\u2019AFP.<\/p>\n<p>Martine Vassal d\u00e9nonce une \u00ab\u2009man\u0153uvre politique\u2009\u00bb<\/p>\n<p class=\" wall-content\">\u00ab\u2009Aucune disposition l\u00e9gale n\u2019a eu \u00e0 souffrir de cette nomination, la pr\u00e9sidente n\u2019\u00e9tant ni mari\u00e9e, ni pacs\u00e9e, ni concubine de quelques membres de son cabinet\u2009\u00bb, a assur\u00e9 de son c\u00f4t\u00e9 \u00e0 l\u2019AFP Me Pierre Bruno, qui d\u00e9fend les int\u00e9r\u00eats du d\u00e9partement.<\/p>\n<p>Votre r\u00e9gion, votre actu !<\/p>\n<p>Recevez chaque jour les infos qui comptent pour vous.<\/p>\n<p>\t<a href=\"https:\/\/actu.fr\/newsletter\" class=\"ac-btn ac-btn--corner ac-btn--medium ac-btn--blue800\" rel=\"nofollow noopener\" target=\"_blank\">S&rsquo;incrire<\/a><\/p>\n<p class=\" wall-content\">L\u2019avocat indique que le haut fonctionnaire \u00e9tait \u00ab\u2009en charge de l\u2019organisation des voyages qu\u2019il d\u00e9nonce aujourd\u2019hui\u2009\u00bb. <strong>\u00ab\u2009Il est en conflit avec le d\u00e9partement\u2009\u00bb,<\/strong> avec lequel son contrat a pris fin le 31\u00a0janvier 2025 apr\u00e8s trois ann\u00e9es de collaboration o\u00f9 il ne \u00ab\u2009s\u2019entendait pas avec les \u00e9lus et son service\u2009\u00bb, selon Me Bruno.<\/p>\n<p class=\" wall-content\">Martine Vassal, pressentie pour d\u00e9fendre les couleurs de la droite et tenter de ravir la mairie de Marseille \u00e0 la gauche en 2026, a d\u00e9nonc\u00e9 cette affaire comme une man\u0153uvre politique. \u00ab\u2009La politique pour <strong>nuire \u00e0 une potentielle candidate \u00e0 la mairie de Marseille n\u2019autorise pas tout<\/strong>\u2009\u00bb, a-t-elle \u00e9crit sur X.<\/p>\n<p class=\" wall-content\"><strong>Avec AFP<\/strong><\/p>\n<p class=\" wall-content\">Personnalisez votre actualit\u00e9 en ajoutant vos villes et m\u00e9dias en favori avec <a href=\"https:\/\/moncompte.actu.fr\" title=\"D\u00e9couvez Mon Actu\" rel=\"nofollow noopener\" data-trk=\"{&quot;cta&quot;:{&quot;action&quot;:&quot;https:\\\/\\\/moncompte.actu.fr&quot;,&quot;category&quot;:&quot;mon compte&quot;,&quot;from&quot;:&quot;article footer&quot;,&quot;name&quot;:&quot;Mon actu&quot;,&quot;type&quot;:&quot;cta&quot;}}\" target=\"_blank\">Mon Actu<\/a>.<\/p>\n","protected":false},"excerpt":{"rendered":"Par Thibault Nadal Publi\u00e9 le 27 ao\u00fbt 2025 \u00e0 17h37 C\u2019est un s\u00e9isme \u00e0 l\u2019aube de la campagne&hellip;\n","protected":false},"author":2,"featured_media":349146,"comment_status":"","ping_status":"","sticky":false,"template":"","format":"standard","meta":{"footnotes":""},"categories":[2814],"tags":[1111,11,1777,674,1011,27,303,884,12,316,882,25],"class_list":{"0":"post-349145","1":"post","2":"type-post","3":"status-publish","4":"format-standard","5":"has-post-thumbnail","7":"category-marseille","8":"tag-actu","9":"tag-actualites","10":"tag-eu","11":"tag-europe","12":"tag-fr","13":"tag-france","14":"tag-justice","15":"tag-marseille","16":"tag-news","17":"tag-politique","18":"tag-provence-alpes-cote-dazur","19":"tag-republique-francaise"},"share_on_mastodon":{"url":"https:\/\/pubeurope.com\/@fr\/115104413447801770","error":""},"_links":{"self":[{"href":"https:\/\/www.europesays.com\/fr\/wp-json\/wp\/v2\/posts\/349145","targetHints":{"allow":["GET"]}}],"collection":[{"href":"https:\/\/www.europesays.com\/fr\/wp-json\/wp\/v2\/posts"}],"about":[{"href":"https:\/\/www.europesays.com\/fr\/wp-json\/wp\/v2\/types\/post"}],"author":[{"embeddable":true,"href":"https:\/\/www.europesays.com\/fr\/wp-json\/wp\/v2\/users\/2"}],"replies":[{"embeddable":true,"href":"https:\/\/www.europesays.com\/fr\/wp-json\/wp\/v2\/comments?post=349145"}],"version-history":[{"count":0,"href":"https:\/\/www.europesays.com\/fr\/wp-json\/wp\/v2\/posts\/349145\/revisions"}],"wp:featuredmedia":[{"embeddable":true,"href":"https:\/\/www.europesays.com\/fr\/wp-json\/wp\/v2\/media\/349146"}],"wp:attachment":[{"href":"https:\/\/www.europesays.com\/fr\/wp-json\/wp\/v2\/media?parent=349145"}],"wp:term":[{"taxonomy":"category","embeddable":true,"href":"https:\/\/www.europesays.com\/fr\/wp-json\/wp\/v2\/categories?post=349145"},{"taxonomy":"post_tag","embeddable":true,"href":"https:\/\/www.europesays.com\/fr\/wp-json\/wp\/v2\/tags?post=349145"}],"curies":[{"name":"wp","href":"https:\/\/api.w.org\/{rel}","templated":true}]}}