{"id":349148,"date":"2025-08-28T04:06:13","date_gmt":"2025-08-28T04:06:13","guid":{"rendered":"https:\/\/www.europesays.com\/fr\/349148\/"},"modified":"2025-08-28T04:06:13","modified_gmt":"2025-08-28T04:06:13","slug":"top-14-affiche-de-gala-a-bayonne-lyon-face-a-des-italiens-castres-affronte-des-anglais-les-matchs-amicaux-a-suivre-cette-semaine","status":"publish","type":"post","link":"https:\/\/www.europesays.com\/fr\/349148\/","title":{"rendered":"Top 14 \u2013 Affiche de gala \u00e0 Bayonne, Lyon face \u00e0 des Italiens, Castres affronte des Anglais\u2026 Les matchs amicaux \u00e0 suivre cette semaine"},"content":{"rendered":"<p>\n                C\u2019est la derni\u00e8re ligne droite avant la reprise du Top 14, le 6\u00a0septembre. Les formations de l\u2019\u00e9lite vont disputer leur dernier match de pr\u00e9paration ce week-end pour peaufiner les automatismes. Tour d\u2019horizon des rencontres\u00a0!\n            <\/p>\n<p><strong>Ce jeudi 28\u00a0ao\u00fbt, sous les coups de 19h<\/strong>, les deux \u00e9quipes se d\u00e9fieront du c\u00f4t\u00e9 de <strong>Mont-de-Marsan<\/strong>. Les personnes ayant pris leur billet \u00e0 Boniface ne pourront pas voir Nolann Le Garrec, Antoine Hastoy et Davit\u00a0Niniashvili, mobilis\u00e9s avec leur s\u00e9lection cet \u00e9t\u00e9 et de retour tardivement en club. Gr\u00e9gory Alldritt a \u00e9galement \u00e9t\u00e9 dispens\u00e9 de cette rencontre. Cela sera la seule rencontre de pr\u00e9paration des Maritimes.<\/p>\n<p>Les Palois, eux, ont d\u00e9j\u00e0 disput\u00e9 une rencontre amicale. C\u2019\u00e9tait \u00e0 Auch, face \u00e0 Montpellier. Ils se sont inclin\u00e9s sur le score de\u00a026 \u00e0 5. \u00c0\u00a0une semaine de la reprise, la Section a donc des rep\u00e8res \u00e0 affiner sur le terrain\u2026<\/p>\n<ul>\n<li>\n\tUnion montalbanaise \u2013 Union Bordeaux-B\u00e8gles\n\t<\/li>\n<\/ul>\n<p>Le promu Montauban s\u2019est largement inclin\u00e9 pour sa reprise face au Castres olympique (21-42). Les hommes des S\u00e9bastien Tillous-Borde auront une seconde chance de s\u2019\u00e9talonner face \u00e0 une autre formation de l\u2019\u00e9lite. Cela sera ce <strong>jeudi 28\u00a0ao\u00fbt, \u00e0 Agen<\/strong>. Sur la pelouse d\u2019Armandie, les joueurs du Tarn-et-Garonne d\u00e9fieront Bordeaux-B\u00e8gles.<\/p>\n<p>Pour sa premi\u00e8re sortie de la saison, le champion d\u2019Europe en titre a pu lancer ses jeunes face \u00e0 Soyaux-Angoul\u00eame (29-14). Plusieurs cadres absents face aux Angoumoisins devraient avoir l\u2019occasion d\u2019enfiler le maillot de l\u2019UBB face aux Montalbanais.<\/p>\n<ul>\n<li>\n\tAviron bayonnais \u2013 Stade toulousain\n\t<\/li>\n<\/ul>\n<p>Lors de leur premi\u00e8re sortie de la saison, sur leur pelouse de Jean-Dauger, les Bayonnais ont commis l\u2019irr\u00e9parable en s\u2019inclinant\u00a0dans le derby face au Biarritz (19-21). Ils voudront donc se rassurer et se faire pardonner aupr\u00e8s de leur public. D\u2019autant que l\u2019adversaire se nomme Stade toulousain <strong>ce jeudi 28\u00a0ao\u00fbt \u00e0 19h30<\/strong>. Cette rencontre se dispute \u00e9galement <strong>\u00e0 Bayonne<\/strong>.<\/p>\n<p>Toulouse, de con c\u00f4t\u00e9, est de retour apr\u00e8s son stage en Bretagne. Les Rouge et Noir se sont inclin\u00e9s face \u00e0 Vannes, au stade du Roudourou de Guingamp. Mais la composition d\u2019\u00e9quipe align\u00e9e pour d\u00e9fier le RCV\u00a0\u00e9tait consid\u00e9rablement rajeunie. Comme pour l\u2019UBB, de nombreux cadres devraient faire leur retour pour s\u2019\u00e9talonner avant le retour du championnat.<\/p>\n<blockquote data-class=\"twitter-tweet\">\n<p lang=\"fr\" dir=\"ltr\">Men\u00e9 26-28 \u00e0 la sir\u00e8ne, le RC Vannes s\u2019en est remis \u00e0 ses avants, par l\u2019interm\u00e9diaire de Th\u00e9o Beziat, pour s\u2019imposer face au Stade toulousain dans un Roudourou plein \u00e0 craquer.<\/p>\n<p>Cr\u00e9dits \\ud83c\\udfa5 : <a href=\"https:\/\/twitter.com\/RugbyClubVannes?ref_src=twsrc%5Etfw\" rel=\"nofollow noopener\" target=\"_blank\">@RugbyClubVannes<\/a> <a href=\"https:\/\/t.co\/VISkfMMrtE\" rel=\"nofollow\">pic.twitter.com\/VISkfMMrtE<\/a><\/p>\n<p>\u2014 RUGBYRAMA (@RugbyramaFR) <a href=\"https:\/\/twitter.com\/RugbyramaFR\/status\/1958811931214577898?ref_src=twsrc%5Etfw\" rel=\"nofollow noopener\" target=\"_blank\">August 22, 2025<\/a><\/p><\/blockquote>\n<p>Opposition particuli\u00e8re pour le CO. Ce <strong>vendredi 29\u00a0ao\u00fbt<\/strong>, \u00e0 20h30, les Tarnais d\u00e9fieront une \u00e9quipe venue d\u2019outre-Manche\u00a0: les Harlequins. Une semaine apr\u00e8s avoir largement domin\u00e9 Montauban 42 \u00e0 21, les Castrais\u00a0voudront confirmer leurs bonnes dispositions face aux Londoniens. Les Arlequins de Londres seront priv\u00e9s de leur star et ma\u00eetre \u00e0 jouer Marcus Smith. L\u2019ouvreur est\u00a0encore en vacances apr\u00e8s avoir disput\u00e9 la tourn\u00e9e des Lions. La rencontre se jouera <strong>\u00e0 Mazamet<\/strong>.<\/p>\n<ul>\n<li>\n\tPerpignan \u2013 Montpellier\n\t<\/li>\n<\/ul>\n<p>Pour sa premi\u00e8re sortie de la saison 2025-2026, l\u2019Usap a ais\u00e9ment dispos\u00e9 d\u2019un Toulon rajeuni (50-19). Une semaine plus tard, <strong>ce vendredi 29\u00a0ao\u00fbt \u00e0 19h30<\/strong>, les Catalans retrouvent <strong>leur antre d\u2019Aim\u00e9-Giral<\/strong> pour confirmer et se lancer vers\u00a0un bon d\u00e9but prolifique en termes de points, ce qui n\u2019a pas \u00e9t\u00e9 le cas lors des derni\u00e8res saisons.<\/p>\n<p>Perpignan d\u00e9fiera Montpellier. Le MHR a \u00e9galement valid\u00e9 sa pr\u00e9saison en disposant de la Section paloise (26 \u00e0 5). \u00c0\u00a0une semaine de commencer sa saison face au RCT \u00e0 domicile, les Cistes voudront confirmer en s\u2019imposant \u00e0 l\u2019ext\u00e9rieur.<\/p>\n<p>Clermont \u2013 Toulon<\/p>\n<p>C\u2019est un rendez-vous classique pour l\u2019ASM. Chaque ann\u00e9e, les Jaunards disputent une rencontre amicale <strong>du c\u00f4t\u00e9 d\u2019Issoire<\/strong>. <strong>Ce vendredi 29\u00a0ao\u00fbt \u00e0 19h<\/strong>, les hommes de Christophe Urios y d\u00e9fieront le RCT. Clermont avait dispos\u00e9 de Brive 35 \u00e0 21 lors de sa premi\u00e8re sortie.<\/p>\n<p class=\"std-elt__inline\">\n        <strong>\u00c0 lire aussi :<\/strong><br \/>\n        <a href=\"https:\/\/www.rugbyrama.fr\/2025\/08\/26\/matchs-amicaux-top-14-face-a-toulon-comment-clermont-veut-imposer-sa-defense-a-lattaque-adverse-12893807.php\" rel=\"nofollow noopener\" target=\"_blank\">Matchs amicaux Top 14 \u2013 Face \u00e0 Toulon, comment Clermont veut \u00ab\u00a0imposer sa d\u00e9fense\u00a0\u00bb \u00e0 l\u2019attaque adverse<\/a>\n    <\/p>\n<p>En face, Toulon retrouve ses cadres apr\u00e8s s\u2019\u00eatre appuy\u00e9 sur nombre de jeunes joueurs en Catalogne. Les Jaminet, Ribbans ou autre Serin feront le d\u00e9placement en Auvergne.<\/p>\n<p>Cet \u00e9t\u00e9, le staff du Lou a d\u00e9cid\u00e9 de ne disputer qu\u2019une seule rencontre amicale. Revenu d\u2019un stage \u00e0 La\u00a0Plagne (17 au 22\u00a0ao\u00fbt), <strong><a href=\"https:\/\/www.rugbyrama.fr\/2025\/08\/26\/top-14-je-veux-devenir-le-gabin-lorre-de-lyon-pas-le-remplacant-de-ou-le-successeur-de-nouvelle-recrue-du-lou-larriere-se-livre-12894221.php\" target=\"_self\" rel=\"nofollow noopener\">les Lyonnais se sont entra\u00een\u00e9s cette semaine<\/a><\/strong> avant de d\u00e9fier les Italiens de Parme. La rencontre aura lieu <strong>ce vendredi \u00e0 19h, au Matmut Gerland de Lyon<\/strong>. Face au Zebre, les Lyonnais devront faire notamment sans Baptiste Couilloud, pas encore de retour apr\u00e8s une blessure \u00e0 l\u2019\u00e9paule.<\/p>\n<p>                    <script async src=\"https:\/\/platform.twitter.com\/widgets.js\" charset=\"utf-8\"><\/script><\/p>\n","protected":false},"excerpt":{"rendered":"C\u2019est la derni\u00e8re ligne droite avant la reprise du Top 14, le 6\u00a0septembre. Les formations de l\u2019\u00e9lite vont&hellip;\n","protected":false},"author":2,"featured_media":349149,"comment_status":"","ping_status":"","sticky":false,"template":"","format":"standard","meta":{"footnotes":""},"categories":[1889],"tags":[1111,11,2430,1777,674,1011,27,2428,12,25],"class_list":{"0":"post-349148","1":"post","2":"type-post","3":"status-publish","4":"format-standard","5":"has-post-thumbnail","7":"category-lyon","8":"tag-actu","9":"tag-actualites","10":"tag-auvergne-rhone-alpes","11":"tag-eu","12":"tag-europe","13":"tag-fr","14":"tag-france","15":"tag-lyon","16":"tag-news","17":"tag-republique-francaise"},"share_on_mastodon":{"url":"https:\/\/pubeurope.com\/@fr\/115104421155022826","error":""},"_links":{"self":[{"href":"https:\/\/www.europesays.com\/fr\/wp-json\/wp\/v2\/posts\/349148","targetHints":{"allow":["GET"]}}],"collection":[{"href":"https:\/\/www.europesays.com\/fr\/wp-json\/wp\/v2\/posts"}],"about":[{"href":"https:\/\/www.europesays.com\/fr\/wp-json\/wp\/v2\/types\/post"}],"author":[{"embeddable":true,"href":"https:\/\/www.europesays.com\/fr\/wp-json\/wp\/v2\/users\/2"}],"replies":[{"embeddable":true,"href":"https:\/\/www.europesays.com\/fr\/wp-json\/wp\/v2\/comments?post=349148"}],"version-history":[{"count":0,"href":"https:\/\/www.europesays.com\/fr\/wp-json\/wp\/v2\/posts\/349148\/revisions"}],"wp:featuredmedia":[{"embeddable":true,"href":"https:\/\/www.europesays.com\/fr\/wp-json\/wp\/v2\/media\/349149"}],"wp:attachment":[{"href":"https:\/\/www.europesays.com\/fr\/wp-json\/wp\/v2\/media?parent=349148"}],"wp:term":[{"taxonomy":"category","embeddable":true,"href":"https:\/\/www.europesays.com\/fr\/wp-json\/wp\/v2\/categories?post=349148"},{"taxonomy":"post_tag","embeddable":true,"href":"https:\/\/www.europesays.com\/fr\/wp-json\/wp\/v2\/tags?post=349148"}],"curies":[{"name":"wp","href":"https:\/\/api.w.org\/{rel}","templated":true}]}}