{"id":349150,"date":"2025-08-28T04:08:19","date_gmt":"2025-08-28T04:08:19","guid":{"rendered":"https:\/\/www.europesays.com\/fr\/349150\/"},"modified":"2025-08-28T04:08:19","modified_gmt":"2025-08-28T04:08:19","slug":"cinq-panoramas-incontournables-pour-admirer-les-yvelines","status":"publish","type":"post","link":"https:\/\/www.europesays.com\/fr\/349150\/","title":{"rendered":"Cinq panoramas incontournables pour admirer les Yvelines"},"content":{"rendered":"<p><img loading=\"lazy\" decoding=\"async\" alt=\"\u00a9 D\u00e9partement des Yvelines \u2013 N. Dubois - Un banc, un ciel d\u00e9gag\u00e9, et la promesse d\u2019un moment suspendu face aux paysages des Yvelines.\" data-zoom-src=\"https:\/\/www.europesays.com\/fr\/wp-content\/uploads\/2025\/08\/initial-01ok-def-yvelines-panoramas-departement-des-yvelines-ndubois.jpg\" data-zoomable=\"\" height=\"702\" src=\"https:\/\/www.europesays.com\/fr\/wp-content\/uploads\/2025\/08\/initial-01ok-def-yvelines-panoramas-departement-des-yvelines-ndubois.jpg\" width=\"1248\"\/>  <\/p>\n<p class=\"article-desc\">\u00a9 D\u00e9partement des Yvelines \u2013 N. Dubois &#8211; Un banc, un ciel d\u00e9gag\u00e9, et la promesse d\u2019un moment suspendu face aux paysages des Yvelines. <\/p>\n<p>S\u2019\u00e9merveiller devant un paysage, prendre de la hauteur et s\u2019offrir un moment suspendu : voil\u00e0 ce que promettent les <strong>plus beaux points de vue des Yvelines<\/strong>. Parfaits pour une pause contemplative, une photo souvenir ou un coucher de soleil en fin de balade, ces belv\u00e9d\u00e8res sont tous accessibles gratuitement. Il faudra parfois grimper un peu, mais la r\u00e9compense est \u00e0 la hauteur de l\u2019effort. Voici <strong>cinq spots incontournables<\/strong> pour embrasser du regard la <strong>richesse naturelle et patrimoniale du territoire.<\/strong> <\/p>\n<p>Le belv\u00e9d\u00e8re de l\u2019\u00e9glise Notre-Dame-de-la-Mer \u2013 Jeufosse <\/p>\n<p>Perch\u00e9e au-dessus de la vall\u00e9e de la Seine, <strong>l&rsquo;\u00e9glise mill\u00e9naire Notre-Dame de la Mer \u00e0 Jeufosse<\/strong> offre un panorama remarquable sur le fleuve et ses m\u00e9andres. Immortalis\u00e9 par Claude Monet en 1893, l&rsquo;\u00e9difice religieux d\u00e9gage une aura paisible, presque hors du temps. Depuis les abords du b\u00e2timent, la vue s\u2019ouvre largement sur la vall\u00e9e et les coteaux alentours, un paysage cher aux <strong>peintres impressionnistes<\/strong>. <\/p>\n<p>\u00c9glise Notre-Dame de la Mer Rue du Belv\u00e9d\u00e8re, 78270 Jeufosse. <\/p>\n<p> Le belv\u00e9d\u00e8re de la r\u00e9serve naturelle de Bois d\u2019Arcy <\/p>\n<p>\u00c0 seulement quelques minutes du <strong>centre-ville de Bois d\u2019Arcy<\/strong>, ce belv\u00e9d\u00e8re en bois s\u2019\u00e9l\u00e8ve \u00e0 12 m\u00e8tres de hauteur au-dessus du canal paysager. Il permet de prendre du recul, au sens propre comme au figur\u00e9, et de profiter d\u2019une immersion dans un <strong>\u00e9crin de verdure<\/strong>. Un lieu id\u00e9al pour les amateurs de nature et de tranquillit\u00e9, sans quitter l\u2019agglom\u00e9ration.<\/p>\n<p>Le belv\u00e9d\u00e8re de la r\u00e9serve naturelle, 78930 Bois d\u2019Arcy, accessible depuis la rue Jean Gabin. <\/p>\n<p>  Le kiosque de Rosny-sur-Seine <\/p>\n<p>Il faut marcher un peu dans la for\u00eat pour d\u00e9couvrir ce bijou m\u00e9connu : le kiosque du <strong>belv\u00e9d\u00e8re Chatillon<\/strong>, en mosa\u00efque. Ce vestige de l\u2019Exposition universelle de 1900 a \u00e9t\u00e9 transport\u00e9 \u00e0 <strong>Rosny-sur-Seine<\/strong> au d\u00e9but du XXe si\u00e8cle. Une fois arriv\u00e9, la vue est spectaculaire : la coll\u00e9giale de Mantes-la-Jolie, le barrage de M\u00e9ricourt, et toute la vall\u00e9e de la Seine s\u2019\u00e9tendent. Une table d\u2019orientation permet de rep\u00e9rer les reliefs et villages environnants. <\/p>\n<p>Kiosque du belv\u00e9d\u00e8re Chatillon, sentier de la Vall\u00e9e, 78710 Rosny-sur-Seine. <\/p>\n<p>\u00a0<\/p>\n<p> <img decoding=\"async\" alt=\"belv\u00e9d\u00e8re Chatillon rosny\" class=\"img-size-full\" data-zoomable=\"\" height=\"937\" loading=\"lazy\" src=\"https:\/\/www.europesays.com\/fr\/wp-content\/uploads\/2025\/08\/belvedere-chatillon-rosny.jpg\" width=\"2000\"\/> <\/p>\n<p>\u00a9Destination Yvelines &#8211; Le kiosque du belv\u00e9d\u00e8re Chatillon de Rosny-sur-Seine. <\/p>\n<p>  Le ch\u00e2teau de la Madeleine \u2013 Chevreuse <\/p>\n<p>Dominant le <strong>village de Chevreuse<\/strong> et la <strong>vall\u00e9e de l\u2019Yvette<\/strong>, le <strong>ch\u00e2teau m\u00e9di\u00e9val de la Madeleine<\/strong> constitue un <strong>belv\u00e9d\u00e8re<\/strong> \u00e0 la fois <strong>historique et panoramique<\/strong>. Depuis ses remparts ou le chemin qui y m\u00e8ne, le regard s\u2019\u00e9tend sur les for\u00eats du parc naturel r\u00e9gional de la Haute Vall\u00e9e de Chevreuse. Le site est parfait pour une sortie en famille ou une promenade romantique.<\/p>\n<p>Ch\u00e2teau de la Madeleine, chemin Jean Racine 78460 Chevreuse. <\/p>\n<p>\u00a0<\/p>\n<p> <img decoding=\"async\" alt=\"chateau de la madeleine\" class=\"img-align-center img-size-limited\" data-zoomable=\"\" height=\"1500\" loading=\"lazy\" src=\"https:\/\/www.europesays.com\/fr\/wp-content\/uploads\/2025\/08\/chateau-de-la-madeleine-chevreuses-photo-aerienne-at-toucanwings.jpg\" width=\"2000\"\/> <\/p>\n<p>\u00a9ToucanWings\u00a0&#8211; Vue a\u00e9rienne du ch\u00e2teau m\u00e9di\u00e9val de la Madeleine. <\/p>\n<p> Le point de vue de la Sabli\u00e8re \u2013 Viroflay <\/p>\n<p>Au c\u0153ur de la <strong>for\u00eat domaniale de Fausses-Reposes<\/strong>, cette clairi\u00e8re paisible est un lieu de rendez-vous pour les promeneurs et coureurs. C\u2019est aussi un tr\u00e8s beau spot pour <strong>admirer la vue sur Versailles et ses environs<\/strong>. Le banc plac\u00e9 face \u00e0 l\u2019horizon invite \u00e0 faire une pause, particuli\u00e8rement au moment du coucher du soleil, quand le ciel se teinte d\u2019orange et de rose. <\/p>\n<p>Belv\u00e9d\u00e8re de la Sabli\u00e8re, 78220 Virofay, prendre les chemins forestiers depuis la place de la F\u00eate. <\/p>\n<p>\u00a0<\/p>\n<p>\u00a0<\/p>\n<p>\u00a0<\/p>\n","protected":false},"excerpt":{"rendered":"\u00a9 D\u00e9partement des Yvelines \u2013 N. Dubois &#8211; Un banc, un ciel d\u00e9gag\u00e9, et la promesse d\u2019un moment&hellip;\n","protected":false},"author":2,"featured_media":349151,"comment_status":"","ping_status":"","sticky":false,"template":"","format":"standard","meta":{"footnotes":""},"categories":[1592],"tags":[1111,11,1777,674,1011,27,662,12,626,2551,25],"class_list":{"0":"post-349150","1":"post","2":"type-post","3":"status-publish","4":"format-standard","5":"has-post-thumbnail","7":"category-ile-de-france","8":"tag-actu","9":"tag-actualites","10":"tag-eu","11":"tag-europe","12":"tag-fr","13":"tag-france","14":"tag-ile-de-france","15":"tag-news","16":"tag-paris","17":"tag-patrimoine","18":"tag-republique-francaise"},"share_on_mastodon":{"url":"https:\/\/pubeurope.com\/@fr\/115104429558123189","error":""},"_links":{"self":[{"href":"https:\/\/www.europesays.com\/fr\/wp-json\/wp\/v2\/posts\/349150","targetHints":{"allow":["GET"]}}],"collection":[{"href":"https:\/\/www.europesays.com\/fr\/wp-json\/wp\/v2\/posts"}],"about":[{"href":"https:\/\/www.europesays.com\/fr\/wp-json\/wp\/v2\/types\/post"}],"author":[{"embeddable":true,"href":"https:\/\/www.europesays.com\/fr\/wp-json\/wp\/v2\/users\/2"}],"replies":[{"embeddable":true,"href":"https:\/\/www.europesays.com\/fr\/wp-json\/wp\/v2\/comments?post=349150"}],"version-history":[{"count":0,"href":"https:\/\/www.europesays.com\/fr\/wp-json\/wp\/v2\/posts\/349150\/revisions"}],"wp:featuredmedia":[{"embeddable":true,"href":"https:\/\/www.europesays.com\/fr\/wp-json\/wp\/v2\/media\/349151"}],"wp:attachment":[{"href":"https:\/\/www.europesays.com\/fr\/wp-json\/wp\/v2\/media?parent=349150"}],"wp:term":[{"taxonomy":"category","embeddable":true,"href":"https:\/\/www.europesays.com\/fr\/wp-json\/wp\/v2\/categories?post=349150"},{"taxonomy":"post_tag","embeddable":true,"href":"https:\/\/www.europesays.com\/fr\/wp-json\/wp\/v2\/tags?post=349150"}],"curies":[{"name":"wp","href":"https:\/\/api.w.org\/{rel}","templated":true}]}}