{"id":34916,"date":"2025-04-18T21:08:14","date_gmt":"2025-04-18T21:08:14","guid":{"rendered":"https:\/\/www.europesays.com\/fr\/34916\/"},"modified":"2025-04-18T21:08:14","modified_gmt":"2025-04-18T21:08:14","slug":"cest-traumatisant-trois-personnes-blessees-par-balles-dans-un-subway-de-rennes-la-maire-2","status":"publish","type":"post","link":"https:\/\/www.europesays.com\/fr\/34916\/","title":{"rendered":"\u00abC\u2019est traumatisant\u00bb\u00a0: trois personnes bless\u00e9es par balles dans un Subway de Rennes, la maire"},"content":{"rendered":"<p>En fin d\u2019apr\u00e8s-midi, jeudi 17\u00a0avril 2025, quatre personnes ont \u00e9t\u00e9 bless\u00e9es lors d\u2019un \u00e9pisode de tirs, sur la dalle Kennedy \u00e0 Rennes (Ille-et-Vilaine). La maire de la capitale bretonne, Nathalie App\u00e9r\u00e9 s\u2019est rendue sur place, et livre les premiers \u00e9l\u00e9ments sur les faits.<\/p>\n<p>Trois personnes arm\u00e9es ont ouvert le feu dans un restaurant Subway de la dalle Kennedy \u00e0 <a target=\"_self\" href=\"https:\/\/rennes.maville.com\/info\/info-locale\/\" rel=\"nofollow noopener\">Rennes<\/a> (Ille-et-Vilaine), peu avant 17\u00a0h30, jeudi 17\u00a0avril 2025, faisant au moins, un bless\u00e9 grave. Une dizaine de minutes apr\u00e8s les tirs, un jeune homme de 20\u00a0ans \u00e9tait percut\u00e9 par un v\u00e9hicule, conduit vraisemblablement par le m\u00eame groupe d\u2019individus arm\u00e9s. Son \u00e9tat de sant\u00e9 serait actuellement plus que critique.<\/p>\n<p><strong>Lire aussi\u00a0: <\/strong> <a target=\"_self\" href=\"https:\/\/rennes.maville.com\/actu\/actudet_--ils-sont-rentres-et-ont-tire-plusieurs-blesses-par-balles-dans-un-subway-a-rennes-_7-6769719_actu.Htm\" rel=\"nofollow noopener\">\u00ab\u00a0Ils sont rentr\u00e9s et ont tir\u00e9\u00a0\u00bb\u00a0: plusieurs bless\u00e9s par balles dans un Subway \u00e0 Rennes<\/a><\/p>\n<p>\u00ab\u00a0Pas de pronostic vital engag\u00e9\u00a0\u00bb<\/p>\n<p>La maire de Rennes, Nathalie App\u00e9r\u00e9 s\u2019est rendu sur place moins d\u2019une heure apr\u00e8s les faits. Elle a livr\u00e9 de premiers \u00e9l\u00e9ments sur cette attaque cibl\u00e9e qui pourrait s\u2019est produit sur fond de narcotrafic. <strong>\u00ab\u00a0Il y a quatre personnes bless\u00e9es prises en charge au CHU. Les nouvelles sont rassurantes au moment o\u00f9 je vous parle. Pas de pronostic vital engag\u00e9.\u00a0\u00bb<\/strong><\/p>\n<p>L\u2019\u00e9dile pr\u00e9cise que la\u00a0Direction interd\u00e9partementale de la police nationale (DIPN), et la pr\u00e9fecture lui ont garanti un renfort de forces de l\u2019ordre.<strong> \u00ab\u00a0La population attend des policiers c\u2019est une demande forte et r\u00e9currente. Il y avait du monde sur la dalle c\u2019est traumatisant pour les gens qui \u00e9taient l\u00e0.\u00a0\u00bb<\/strong><\/p>\n<p>&#13;\n<\/p>\n<p>La CRS 82\u00a0est arriv\u00e9e sur place<\/p>\n<p>Elle ajoute\u00a0: <strong>\u00ab\u00a0J\u2019ai adress\u00e9 un message \u00e0 mon coll\u00e8gue Charles Compagnon.\u00a0\u00bb<\/strong> L\u2019\u00e9lu municipal <a target=\"_self\" href=\"https:\/\/www.ouest-france.fr\/societe\/faits-divers\/video-c-est-hallucinant-un-elu-de-rennes-au-cur-d-une-fusillade-dans-un-restaurant-e3fc921c-ddb1-37ba-bf47-e6ca5bf1b85a\" rel=\"nofollow noopener\">se trouvait dans le Subway<\/a> lors de cet \u00e9pisode de tirs, et nous avait livr\u00e9 ses premi\u00e8res d\u00e9clarations, encore sonn\u00e9 par ce qu\u2019il venait de se passer. <strong>\u00ab\u00a0On est rest\u00e9 couch\u00e9. Ils sont partis, on ne savait pas s\u2019ils allaient revenir. On a ensuite aid\u00e9 les bless\u00e9s \u00e0 se mettre en s\u00e9curit\u00e9 derri\u00e8re le bar. Une jeune fille leur a fait un garrot\u00a0\u00bb<\/strong>, indiquait l\u2019homme politique.<\/p>\n<p>Apr\u00e8s l\u2019\u00e9moi provoqu\u00e9 par ces tirs en pleine journ\u00e9e, dans ce quartier qui a d\u00e9j\u00e0 \u00e9t\u00e9 le th\u00e9\u00e2tre d\u2019\u00e9pisodes similaires sur fond de narcotrafic, la maire de Rennes, pr\u00e9cise que <strong>\u00ab\u00a0la CRS 82\u00a0est arriv\u00e9e tr\u00e8s rapidement. Elle va rester quelques jours\u00a0\u00bb<\/strong>.<\/p>\n<p>\u00a0<\/p>\n","protected":false},"excerpt":{"rendered":"En fin d\u2019apr\u00e8s-midi, jeudi 17\u00a0avril 2025, quatre personnes ont \u00e9t\u00e9 bless\u00e9es lors d\u2019un \u00e9pisode de tirs, sur la&hellip;\n","protected":false},"author":2,"featured_media":32962,"comment_status":"","ping_status":"","sticky":false,"template":"","format":"standard","meta":{"footnotes":""},"categories":[2821],"tags":[11015,1111,11,7951,11017,829,1777,674,1011,27,5107,12,3744,7914,584,25,11018,11016],"class_list":{"0":"post-34916","1":"post","2":"type-post","3":"status-publish","4":"format-standard","5":"has-post-thumbnail","7":"category-rennes","8":"tag-c","9":"tag-actu","10":"tag-actualites","11":"tag-balles","12":"tag-blessees","13":"tag-bretagne","14":"tag-eu","15":"tag-europe","16":"tag-fr","17":"tag-france","18":"tag-maire","19":"tag-news","20":"tag-personnes","21":"tag-reagit","22":"tag-rennes","23":"tag-republique-francaise","24":"tag-subway","25":"tag-traumatisant"},"share_on_mastodon":{"url":"https:\/\/pubeurope.com\/@fr\/114361014911476112","error":""},"_links":{"self":[{"href":"https:\/\/www.europesays.com\/fr\/wp-json\/wp\/v2\/posts\/34916","targetHints":{"allow":["GET"]}}],"collection":[{"href":"https:\/\/www.europesays.com\/fr\/wp-json\/wp\/v2\/posts"}],"about":[{"href":"https:\/\/www.europesays.com\/fr\/wp-json\/wp\/v2\/types\/post"}],"author":[{"embeddable":true,"href":"https:\/\/www.europesays.com\/fr\/wp-json\/wp\/v2\/users\/2"}],"replies":[{"embeddable":true,"href":"https:\/\/www.europesays.com\/fr\/wp-json\/wp\/v2\/comments?post=34916"}],"version-history":[{"count":0,"href":"https:\/\/www.europesays.com\/fr\/wp-json\/wp\/v2\/posts\/34916\/revisions"}],"wp:featuredmedia":[{"embeddable":true,"href":"https:\/\/www.europesays.com\/fr\/wp-json\/wp\/v2\/media\/32962"}],"wp:attachment":[{"href":"https:\/\/www.europesays.com\/fr\/wp-json\/wp\/v2\/media?parent=34916"}],"wp:term":[{"taxonomy":"category","embeddable":true,"href":"https:\/\/www.europesays.com\/fr\/wp-json\/wp\/v2\/categories?post=34916"},{"taxonomy":"post_tag","embeddable":true,"href":"https:\/\/www.europesays.com\/fr\/wp-json\/wp\/v2\/tags?post=34916"}],"curies":[{"name":"wp","href":"https:\/\/api.w.org\/{rel}","templated":true}]}}