{"id":349164,"date":"2025-08-28T04:15:13","date_gmt":"2025-08-28T04:15:13","guid":{"rendered":"https:\/\/www.europesays.com\/fr\/349164\/"},"modified":"2025-08-28T04:15:13","modified_gmt":"2025-08-28T04:15:13","slug":"la-directrice-de-la-principale-agence-sanitaire-limogee-sur-fond-de-divergences-sur-la-politique-vaccinale","status":"publish","type":"post","link":"https:\/\/www.europesays.com\/fr\/349164\/","title":{"rendered":"la directrice de la principale agence sanitaire limog\u00e9e sur fond de divergences sur la politique vaccinale"},"content":{"rendered":"<p>                          <img loading=\"lazy\" decoding=\"async\" src=\"https:\/\/www.europesays.com\/fr\/wp-content\/uploads\/2025\/08\/6d5f52c_ftp-import-images-1-yddv3ckpn15x-2025-08-27t210629z-79425612-rc2s9favc7pz-rtrmadp-3-usa-heal.jpeg\" alt=\"Susan Monarez t\u00e9moigne devant une audience de confirmation de la commission s\u00e9natoriale de la sant\u00e9, de l\u2019\u00e9ducation, du travail et des retraites au Capitole, \u00e0 Washington, le 25\u00a0juin 2025.\"   width=\"664\" height=\"443\"\/>    Susan Monarez t\u00e9moigne devant une audience de confirmation de la commission s\u00e9natoriale de la sant\u00e9, de l\u2019\u00e9ducation, du travail et des retraites au Capitole, \u00e0 Washington, le 25\u00a0juin 2025.  KEVIN MOHATT\/REUTERS                          <\/p>\n<p class=\"article__paragraph  \">\u00ab\u00a0Susan Monarez n\u2019est plus directrice des Centres pour le contr\u00f4le et la pr\u00e9vention des maladies. Nous la remercions pour son service d\u00e9vou\u00e9 envers le peuple am\u00e9ricain\u00a0\u00bb, a annonc\u00e9 le minist\u00e8re de la sant\u00e9 am\u00e9ricain, mercredi 27\u00a0ao\u00fbt, sur X. Un d\u00e9part qui survient en plein tournant vaccinosceptique de l\u2019administration Trump.<\/p>\n<p>                                            Lire aussi |  Article r\u00e9serv\u00e9 \u00e0 nos abonn\u00e9s  <a href=\"https:\/\/www.lemonde.fr\/idees\/article\/2025\/07\/02\/le-declin-de-la-couverture-vaccinale-aux-etats-unis-peut-et-va-avoir-des-consequences-planetaires_6617406_3232.html\" class=\"js-article-read-also catcher--favoris__link\" data-premium=\"1\" id=\"article-title-3428494\" rel=\"nofollow noopener\" target=\"_blank\">\u00ab\u00a0Le d\u00e9clin de la couverture vaccinale aux Etats-Unis peut et va avoir des cons\u00e9quences plan\u00e9taires\u00a0\u00bb<\/a>    <\/p>\n<p>   Lire plus tard  <\/p>\n<p class=\"article__paragraph  \">Scientifique de carri\u00e8re, Susan Monarez avait \u00e9t\u00e9 confirm\u00e9e, fin juillet, par le S\u00e9nat \u00e0 la t\u00eate des Centres pour le contr\u00f4le et la pr\u00e9vention des maladies (CDC), une des agences sanitaires que chapeaute le minist\u00e8re de la sant\u00e9.<\/p>\n<p class=\"article__paragraph  \">Sa nomination \u00e9tait, en r\u00e9alit\u00e9, <a href=\"https:\/\/www.lemonde.fr\/international\/article\/2025\/03\/13\/la-maison-blanche-qui-comptait-nommer-un-medecin-aux-positions-vaccinosceptiques-a-la-tete-de-la-principale-agence-de-sante-publique-fait-marche-arriere_6580373_3210.html\" rel=\"nofollow noopener\" target=\"_blank\">un second choix<\/a>, la Maison Blanche ayant d\u00fb renoncer, en mars, \u00e0 son premier candidat, David Weldon, ex-\u00e9lu et m\u00e9decin connu pour ses positions vaccinosceptiques, craignant qu\u2019il ne lui manque les voix n\u00e9cessaires au Congr\u00e8s.<\/p>\n<p class=\"article__paragraph  \">Mercredi soir, les avocats de Mme Monarez, Mark Zaid et Abbe David Lowell, ont fait savoir qu\u2019elle n\u2019avait \u00ab\u00a0ni d\u00e9missionn\u00e9 ni re\u00e7u de notification de la Maison Blanche indiquant qu\u2019elle ait \u00e9t\u00e9 licenci\u00e9e\u00a0\u00bb. \u00ab\u00a0Elle a \u00e9t\u00e9 prise pour cible\u00a0\u00bb, ajoutent-ils, pour avoir refus\u00e9 \u00ab d\u2019approuver sans discussion des directives non scientifiques et irresponsables, et de licencier des experts de la sant\u00e9 d\u00e9vou\u00e9s, elle a choisi de prot\u00e9ger le public plut\u00f4t que de servir un agenda politique\u00a0\u00bb.<\/p>\n<p>                                       Lire aussi |  Article r\u00e9serv\u00e9 \u00e0 nos abonn\u00e9s  <a href=\"https:\/\/www.lemonde.fr\/planete\/article\/2025\/03\/05\/epidemie-de-rougeole-aux-etats-unis-vaccin-ou-l-huile-de-foie-de-morue-robert-f-kennedy-jr-laisse-chacun-libre-de-son-choix_6576574_3244.html\" class=\"js-article-read-also catcher--favoris__link\" data-premium=\"1\" id=\"article-title-3412881\" rel=\"nofollow noopener\" target=\"_blank\">Rougeole aux Etats-Unis\u00a0: Robert F.\u00a0Kennedy\u00a0Jr laisse chacun libre de son choix entre vaccin ou huile de foie de morue<\/a>    <\/p>\n<p>   Lire plus tard  <\/p>\n<p>                          Des bouleversements dans la politique vaccinale                    <\/p>\n<p class=\"article__paragraph  \">Depuis son entr\u00e9e en fonctions, Robert Kennedy Jr a enclench\u00e9 une refonte de la politique vaccinale, <a href=\"https:\/\/www.lemonde.fr\/international\/article\/2025\/06\/10\/etats-unis-robert-kennedy-jr-limoge-tous-les-experts-d-un-comite-sur-les-vaccins_6611879_3210.html\" rel=\"nofollow noopener\" target=\"_blank\">limogeant des experts r\u00e9put\u00e9s<\/a>, restreignant l\u2019acc\u00e8s aux vaccins contre le Covid-19 ou coupant des fonds au d\u00e9veloppement de nouveaux vaccins. Des mesures prises souvent \u00e0 l\u2019encontre du consensus scientifique et fustig\u00e9es par des experts ext\u00e9rieurs.<\/p>\n<p>                                       Lire aussi l\u2019enqu\u00eate |  Article r\u00e9serv\u00e9 \u00e0 nos abonn\u00e9s  <a href=\"https:\/\/www.lemonde.fr\/sciences\/article\/2025\/03\/10\/dans-les-etats-unis-de-trump-menaces-tous-azimuts-sur-la-sante-publique_6578188_1650684.html\" class=\"js-article-read-also catcher--favoris__link\" data-premium=\"1\" id=\"article-title-3413070\" rel=\"nofollow noopener\" target=\"_blank\">Dans les Etats-Unis de Trump, de multiples menaces sur la sant\u00e9 publique<\/a>    <\/p>\n<p>   Lire plus tard  <\/p>\n<p class=\"article__paragraph  \">Le d\u00e9part pr\u00e9cipit\u00e9 de Mme Monarez survient en pleine crise aux CDC, l\u2019agence ayant \u00e9t\u00e9 la cible, d\u00e9but ao\u00fbt, d\u2019une attaque arm\u00e9e par un homme oppos\u00e9 au vaccin contre le Covid-19.<\/p>\n<p class=\"article__paragraph  \">Dans leur d\u00e9claration faisant suite \u00e0 l\u2019annonce de son d\u00e9part par le minist\u00e8re, ses avocats ajoutent\u00a0: \u00ab\u00a0Il ne s\u2019agit pas d\u2019un seul responsable. Il s\u2019agit du d\u00e9mant\u00e8lement syst\u00e9matique des institutions de sant\u00e9 publique, du silence des experts et de la dangereuse politisation de la science. L\u2019attaque contre le Dr Monarez est un avertissement pour tous les Am\u00e9ricains\u00a0: nos syst\u00e8mes fond\u00e9s sur des donn\u00e9es probantes sont min\u00e9s de l\u2019int\u00e9rieur\u00a0\u00bb.<\/p>\n<p>                                       Lire aussi |  Article r\u00e9serv\u00e9 \u00e0 nos abonn\u00e9s  <a href=\"https:\/\/www.lemonde.fr\/economie\/article\/2025\/08\/07\/les-etats-unis-vont-partiellement-cesser-de-financer-des-vaccins-a-arn-messager_6627276_3234.html\" class=\"js-article-read-also catcher--favoris__link\" data-premium=\"1\" id=\"article-title-3433813\" rel=\"nofollow noopener\" target=\"_blank\">L\u2019administration Trump va partiellement cesser de financer des vaccins \u00e0 ARN messager<\/a>    <\/p>\n<p>   Lire plus tard  <\/p>\n<p class=\"author__detail\">  Le Monde avec AP et AFP  <\/p>\n<p>                  <a href=\"https:\/\/www.lemonde.fr\/syndication\/\" class=\"reuse__content\" title=\"R\u00e9utiliser ce contenu\" target=\"_blank\" rel=\"nofollow noopener\">R\u00e9utiliser ce contenu<\/a>      <\/p>\n","protected":false},"excerpt":{"rendered":"Susan Monarez t\u00e9moigne devant une audience de confirmation de la commission s\u00e9natoriale de la sant\u00e9, de l\u2019\u00e9ducation, du&hellip;\n","protected":false},"author":2,"featured_media":349165,"comment_status":"","ping_status":"","sticky":false,"template":"","format":"standard","meta":{"footnotes":""},"categories":[1589],"tags":[11,73,1866,12,1864,1865,1863,308],"class_list":{"0":"post-349164","1":"post","2":"type-post","3":"status-publish","4":"format-standard","5":"has-post-thumbnail","7":"category-etats-unis","8":"tag-actualites","9":"tag-etats-unis","10":"tag-etats-unis-damerique","11":"tag-news","12":"tag-united-states","13":"tag-united-states-of-america","14":"tag-us","15":"tag-usa"},"share_on_mastodon":{"url":"https:\/\/pubeurope.com\/@fr\/115104456635166596","error":""},"_links":{"self":[{"href":"https:\/\/www.europesays.com\/fr\/wp-json\/wp\/v2\/posts\/349164","targetHints":{"allow":["GET"]}}],"collection":[{"href":"https:\/\/www.europesays.com\/fr\/wp-json\/wp\/v2\/posts"}],"about":[{"href":"https:\/\/www.europesays.com\/fr\/wp-json\/wp\/v2\/types\/post"}],"author":[{"embeddable":true,"href":"https:\/\/www.europesays.com\/fr\/wp-json\/wp\/v2\/users\/2"}],"replies":[{"embeddable":true,"href":"https:\/\/www.europesays.com\/fr\/wp-json\/wp\/v2\/comments?post=349164"}],"version-history":[{"count":0,"href":"https:\/\/www.europesays.com\/fr\/wp-json\/wp\/v2\/posts\/349164\/revisions"}],"wp:featuredmedia":[{"embeddable":true,"href":"https:\/\/www.europesays.com\/fr\/wp-json\/wp\/v2\/media\/349165"}],"wp:attachment":[{"href":"https:\/\/www.europesays.com\/fr\/wp-json\/wp\/v2\/media?parent=349164"}],"wp:term":[{"taxonomy":"category","embeddable":true,"href":"https:\/\/www.europesays.com\/fr\/wp-json\/wp\/v2\/categories?post=349164"},{"taxonomy":"post_tag","embeddable":true,"href":"https:\/\/www.europesays.com\/fr\/wp-json\/wp\/v2\/tags?post=349164"}],"curies":[{"name":"wp","href":"https:\/\/api.w.org\/{rel}","templated":true}]}}