{"id":349168,"date":"2025-08-28T04:17:15","date_gmt":"2025-08-28T04:17:15","guid":{"rendered":"https:\/\/www.europesays.com\/fr\/349168\/"},"modified":"2025-08-28T04:17:15","modified_gmt":"2025-08-28T04:17:15","slug":"la-relance-du-moteur-franco-allemand-sannonce-difficile-entre-incertitudes-politiques-en-france-et-desaccords-sur-les-projets-darmement","status":"publish","type":"post","link":"https:\/\/www.europesays.com\/fr\/349168\/","title":{"rendered":"La relance du moteur franco-allemand s\u2019annonce difficile, entre incertitudes politiques en France et d\u00e9saccords sur les projets d\u2019armement"},"content":{"rendered":"<p>                         <img loading=\"lazy\" decoding=\"async\" src=\"https:\/\/www.europesays.com\/fr\/wp-content\/uploads\/2025\/08\/da4b050_upload-1-fldrjgkaieti-cbi1267016.jpg\" alt=\"Friedrich Merz et Emmanuel Macron,\u00a0\u00e0 Berlin, le 23\u00a0juillet 2025.\"   width=\"664\" height=\"443\"\/>    Friedrich Merz et Emmanuel Macron,\u00a0\u00e0 Berlin, le 23\u00a0juillet 2025.  CYRIL BITTON\/DIVERGENCE POUR \u00ab\u00a0LE MONDE\u00a0\u00bb                 <\/p>\n<p class=\"article__paragraph  \">Difficile d\u2019imaginer pire calendrier pour le conseil des ministres franco-allemand, qui doit r\u00e9unir, jeudi\u00a028 et vendredi 29\u00a0ao\u00fbt, le gouvernement du chancelier conservateur Friedrich Merz et celui, en sursis, du premier ministre fran\u00e7ais, Fran\u00e7ois Bayrou. Les deux ex\u00e9cutifs ont pr\u00e9vu de se retrouver au fort de Br\u00e9gan\u00e7on et \u00e0 Toulon, dans le Var, pour la vingt-cinqui\u00e8me \u00e9dition de ce rituel visant \u00e0 c\u00e9l\u00e9brer les relations bilat\u00e9rales et, parfois, acter des d\u00e9cisions communes. Mais cette grand-messe se tiendra dix jours<a href=\"https:\/\/www.lemonde.fr\/politique\/article\/2025\/08\/27\/vote-de-confiance-francois-bayrou-recevra-les-chefs-de-parti-a-compter-de-lundi_6636480_823448.html\" rel=\"nofollow noopener\" target=\"_blank\"> avant le vote de confiance organis\u00e9 par Fran\u00e7ois Bayrou \u00e0 l\u2019Assembl\u00e9e nationale, le 8\u00a0septembre, dont l\u2019issue demeure tr\u00e8s incertaine.<\/a><\/p>\n<p class=\"article__paragraph  \">L\u2019ombre de la situation politique fran\u00e7aise, quoique peu relev\u00e9e c\u00f4t\u00e9 allemand, planera in\u00e9vitablement sur la rencontre. Premi\u00e8re dans ce format pour le gouvernement \u00ab\u00a0noir-rouge\u00a0\u00bb de Friedrich Merz, qui lie les conservateurs de la CDU\/CSU aux sociaux-d\u00e9mocrates du SPD, en fonction depuis le 6\u00a0mai \u00e0 Berlin, celle-ci est tr\u00e8s attendue. Une dizaine de ministres de part et d\u2019autre y participeront autour du chancelier et d\u2019Emmanuel Macron, d\u00e9sireux l\u2019un comme l\u2019autre de relancer <a href=\"https:\/\/www.lemonde.fr\/international\/article\/2024\/11\/30\/le-moteur-franco-allemand-au-point-mort_6422069_3210.html\" rel=\"nofollow noopener\" target=\"_blank\">un tandem franco-allemand gripp\u00e9 ces derni\u00e8res ann\u00e9es.<\/a><\/p>\n<p class=\"reading-mode-only \"><strong>Il vous reste 81.34% de cet article \u00e0 lire. La suite est r\u00e9serv\u00e9e aux abonn\u00e9s.<\/strong><\/p>\n","protected":false},"excerpt":{"rendered":"Friedrich Merz et Emmanuel Macron,\u00a0\u00e0 Berlin, le 23\u00a0juillet 2025. CYRIL BITTON\/DIVERGENCE POUR \u00ab\u00a0LE MONDE\u00a0\u00bb Difficile d\u2019imaginer pire calendrier&hellip;\n","protected":false},"author":2,"featured_media":349169,"comment_status":"","ping_status":"","sticky":false,"template":"","format":"standard","meta":{"footnotes":""},"categories":[1587],"tags":[11,672,1804,1805,1803,1777,674,1801,12,1802],"class_list":{"0":"post-349168","1":"post","2":"type-post","3":"status-publish","4":"format-standard","5":"has-post-thumbnail","7":"category-allemagne","8":"tag-actualites","9":"tag-allemagne","10":"tag-bundesrepublik-deutschland","11":"tag-de","12":"tag-deutschland","13":"tag-eu","14":"tag-europe","15":"tag-germany","16":"tag-news","17":"tag-republique-federale-dallemagne"},"share_on_mastodon":{"url":"https:\/\/pubeurope.com\/@fr\/115104464531282803","error":""},"_links":{"self":[{"href":"https:\/\/www.europesays.com\/fr\/wp-json\/wp\/v2\/posts\/349168","targetHints":{"allow":["GET"]}}],"collection":[{"href":"https:\/\/www.europesays.com\/fr\/wp-json\/wp\/v2\/posts"}],"about":[{"href":"https:\/\/www.europesays.com\/fr\/wp-json\/wp\/v2\/types\/post"}],"author":[{"embeddable":true,"href":"https:\/\/www.europesays.com\/fr\/wp-json\/wp\/v2\/users\/2"}],"replies":[{"embeddable":true,"href":"https:\/\/www.europesays.com\/fr\/wp-json\/wp\/v2\/comments?post=349168"}],"version-history":[{"count":0,"href":"https:\/\/www.europesays.com\/fr\/wp-json\/wp\/v2\/posts\/349168\/revisions"}],"wp:featuredmedia":[{"embeddable":true,"href":"https:\/\/www.europesays.com\/fr\/wp-json\/wp\/v2\/media\/349169"}],"wp:attachment":[{"href":"https:\/\/www.europesays.com\/fr\/wp-json\/wp\/v2\/media?parent=349168"}],"wp:term":[{"taxonomy":"category","embeddable":true,"href":"https:\/\/www.europesays.com\/fr\/wp-json\/wp\/v2\/categories?post=349168"},{"taxonomy":"post_tag","embeddable":true,"href":"https:\/\/www.europesays.com\/fr\/wp-json\/wp\/v2\/tags?post=349168"}],"curies":[{"name":"wp","href":"https:\/\/api.w.org\/{rel}","templated":true}]}}