{"id":349176,"date":"2025-08-28T04:21:22","date_gmt":"2025-08-28T04:21:22","guid":{"rendered":"https:\/\/www.europesays.com\/fr\/349176\/"},"modified":"2025-08-28T04:21:22","modified_gmt":"2025-08-28T04:21:22","slug":"les-arabes-dehors-la-france-est-dirigee-par-les-juifs-sionistes-une-enquete-ouverte-sur-le-groupe-facebook-la-france-avec-jordan-b","status":"publish","type":"post","link":"https:\/\/www.europesays.com\/fr\/349176\/","title":{"rendered":"\u00ab\u00a0Les arabes dehors\u00a0\u00bb, \u00ab\u00a0la France est dirig\u00e9e par les juifs sionistes\u00a0\u00bb\u2026 Une enqu\u00eate ouverte sur le groupe Facebook \u00ab\u00a0La France avec Jordan Bardella\u00a0\u00bb comptant neuf d\u00e9put\u00e9s RN"},"content":{"rendered":"<p>\u00ab\u00a0Les arabes dehors\u00a0\u00bb, \u00ab\u00a0la France est dirig\u00e9e par les juifs sionistes\u00a0\u00bb, \u00ab\u00a0Macron petite PD\u00a0\u00bb, \u00ab\u00a0Attal\u2026 c\u2019est comme anal\u2026 tout dans le cul\u2026\u00a0\u00bb, \u00ab\u00a0Oui \u00e0 Bardella non \u00e0 Yasmira\u00a0\u00bb, \u00ab\u00a0Y a encore des Fran\u00e7ais chez nous\u00a0?????\u00a0\u00bb\u2026 Voil\u00e0 le genre de propos qu\u2019on pouvait lire sur <a href=\"https:\/\/www.humanite.fr\/politique\/extreme-droite\/les-arabes-dehors-la-france-est-dirigee-par-les-juifs-sionistes-neuf-deputes-rn-identifies-dans-un-groupe-facebook-raciste-antisemite-et-homo\" rel=\"nofollow noopener\" target=\"_blank\">le groupe Facebook \u00ab\u00a0La France avec Jordan Bardella\u00a0\u00bb<\/a>.<\/p>\n<p>D\u00e9but juin, le m\u00e9dia en ligne <a href=\"https:\/\/lesjours.fr\/obsessions\/rn-conquete-pouvoir\/ep23-groupe-facebook-bardella\/\" rel=\"nofollow noopener\" target=\"_blank\">Les Jours<\/a>, \u00e0 l\u2019origine de l\u2019enqu\u00eate, r\u00e9v\u00e9lait \u00e9galement avoir identifi\u00e9 neuf d\u00e9put\u00e9s du <a href=\"https:\/\/www.humanite.fr\/politique\/fraudes\/lequivalent-de-trois-fois-le-tour-de-la-terre-comment-des-candidats-rn-en-nouvelle-aquitaine-ont-tente-de-gonfler-leur-frais-de-transport\" rel=\"nofollow noopener\" target=\"_blank\">Rassemblement National<\/a> membres de ce groupe \u00e0 la gloire du pr\u00e9sident du parti d\u2019extr\u00eame droite. En plus des d\u00e9put\u00e9s RN membres du groupe, ce dernier \u00e9tait administr\u00e9 par plusieurs cadres, ex-candidats et collaborateurs parlementaires de la formation lep\u00e9niste.<\/p>\n<p>Le P\u00f4le national de lutte contre la haine en ligne (PNLH) enqu\u00eate sur les auteurs de ces propos racistes, antis\u00e9mites et homophobes, a annonc\u00e9 le parquet de Paris, sollicit\u00e9 par l\u2019Agence France-Presse (AFP), mercredi 27\u00a0ao\u00fbt. Le PNLH \u00ab\u00a0a proc\u00e9d\u00e9 aux investigations pour identifier les auteurs de propos tenus en ligne\u00a0\u00bb, pr\u00e9cise le minist\u00e8re public.<\/p>\n<p>Les \u00ab\u00a0brebis galeuses\u00a0\u00bb restent un sacr\u00e9 troupeau<\/p>\n<p>Selon l\u2019article\u00a040 du Code de proc\u00e9dure p\u00e9nale, les neuf d\u00e9put\u00e9s avaient l\u2019obligation l\u00e9gale de signaler les dizaines de propos illicites post\u00e9s sur le groupe. Le 5\u00a0juin, trois jours apr\u00e8s la parution de l\u2019enqu\u00eate des Jours, c\u2019est le d\u00e9put\u00e9 <a href=\"https:\/\/www.humanite.fr\/politique\/10-septembre\/amfis-2025-en-cavalier-seul-la-france-insoumise-mise-sur-la-rupture\" rel=\"nofollow noopener\" target=\"_blank\">LFI<\/a> Thomas Portes qui avait effectu\u00e9 un signalement aupr\u00e8s de la procureure de la R\u00e9publique de Paris, \u00e9voquant notamment la pr\u00e9sence des \u00e9lus du RN.<\/p>\n<p>Lorsque Les Jours contactent les \u00e9lus incrimin\u00e9s, plusieurs d\u2019entre eux quittent \u00ab\u00a0la France avec Jordan Bardella\u00a0\u00bb. Rep\u00e9r\u00e9s, les administrateurs ont renomm\u00e9 le groupe \u00ab\u00a0Pour la France\u00a0\u00bb, dans une tentative d\u2019effacer tout lien avec le parti \u00e0 la flamme, avant de tout simplement le quitter.<\/p>\n<p>Le RN avait voulu minimiser la port\u00e9e de ces r\u00e9v\u00e9lations. \u00ab\u00a0De leur part, cela montre une forme d\u2019amateurisme\u00a0\u00bb, avait regrett\u00e9 \u00e0 l\u2019\u00e9poque aupr\u00e8s de l\u2019AFP un <a href=\"https:\/\/www.humanite.fr\/environnement\/agriculture\/scandaleux-illegitime-la-droite-et-lextreme-droite-pleurent-la-censure-partielle-de-la-loi-duplomb\" rel=\"nofollow noopener\" target=\"_blank\">d\u00e9put\u00e9 RN<\/a> qui n\u2019\u00e9tait pas vis\u00e9, d\u00e9plorant que \u00ab\u00a0les mod\u00e9rateurs ne fassent pas leur boulot\u00a0\u00bb. En juin, les d\u00e9put\u00e9s RN avaient \u00e9t\u00e9 pri\u00e9s par leur direction de quitter tous les groupes Facebook sur lesquels avaient \u00e9t\u00e9 publi\u00e9s des propos litigieux, avait r\u00e9v\u00e9l\u00e9 franceinfo.<\/p>\n<p>Un simple probl\u00e8me de mod\u00e9ration et d\u2019amateurisme donc. Rien \u00e0 voir avec les 120 \u00ab\u00a0brebis galeuses\u00a0\u00bb \u2013 comme les nomme le mouvement \u2013 <a href=\"https:\/\/www.liberation.fr\/idees-et-debats\/editorial\/brebis-galeuses-non-le-rn-na-pas-change-20250609_WQOK7UHOJNHQFAFMH2U5II2ZUE\/?redirected=1\" rel=\"nofollow noopener\" target=\"_blank\">comptabilis\u00e9es par Lib\u00e9ration<\/a>, dont 90 seraient toujours membres du RN. Rien \u00e0 voir non plus avec les innombrables d\u00e9clarations racistes des repr\u00e9sentants du RN, r\u00e9guli\u00e8rement \u00e9pingl\u00e9s par les diff\u00e9rents m\u00e9dias. Encore une fois, les \u00ab\u00a0brebis galeuses\u00a0\u00bb ne peuvent plus cacher le troupeau de moutons racistes.<\/p>\n<p>Face \u00e0 l\u2019extr\u00eame droite, ne rien l\u00e2cher\u00a0!<\/p>\n<p>C\u2019est pied \u00e0 pied, argument contre argument qu\u2019il faut combattre l\u2019extr\u00eame droite. Et c\u2019est ce que nous faisons chaque jour dans l\u2019Humanit\u00e9.<\/p>\n<p>Face aux attaques incessantes des racistes et des porteurs de haine\u00a0: soutenez-nous\u00a0! Ensemble, faisons entendre une autre voix dans ce d\u00e9bat public toujours plus naus\u00e9abond.<br \/><a href=\"https:\/\/www.humanite.fr\/lhumanite-cest-vous\" rel=\"nofollow noopener\" target=\"_blank\">Je veux en savoir plus.<\/a><\/p>\n","protected":false},"excerpt":{"rendered":"\u00ab\u00a0Les arabes dehors\u00a0\u00bb, \u00ab\u00a0la France est dirig\u00e9e par les juifs sionistes\u00a0\u00bb, \u00ab\u00a0Macron petite PD\u00a0\u00bb, \u00ab\u00a0Attal\u2026 c\u2019est comme anal\u2026&hellip;\n","protected":false},"author":2,"featured_media":349177,"comment_status":"","ping_status":"","sticky":false,"template":"","format":"standard","meta":{"footnotes":""},"categories":[2],"tags":[11,4688,1011,27,12,10162,1078,25],"class_list":{"0":"post-349176","1":"post","2":"type-post","3":"status-publish","4":"format-standard","5":"has-post-thumbnail","7":"category-actualites","8":"tag-actualites","9":"tag-facebook","10":"tag-fr","11":"tag-france","12":"tag-news","13":"tag-racisme","14":"tag-rassemblement-national","15":"tag-republique-francaise"},"share_on_mastodon":{"url":"https:\/\/pubeurope.com\/@fr\/115104480257171846","error":""},"_links":{"self":[{"href":"https:\/\/www.europesays.com\/fr\/wp-json\/wp\/v2\/posts\/349176","targetHints":{"allow":["GET"]}}],"collection":[{"href":"https:\/\/www.europesays.com\/fr\/wp-json\/wp\/v2\/posts"}],"about":[{"href":"https:\/\/www.europesays.com\/fr\/wp-json\/wp\/v2\/types\/post"}],"author":[{"embeddable":true,"href":"https:\/\/www.europesays.com\/fr\/wp-json\/wp\/v2\/users\/2"}],"replies":[{"embeddable":true,"href":"https:\/\/www.europesays.com\/fr\/wp-json\/wp\/v2\/comments?post=349176"}],"version-history":[{"count":0,"href":"https:\/\/www.europesays.com\/fr\/wp-json\/wp\/v2\/posts\/349176\/revisions"}],"wp:featuredmedia":[{"embeddable":true,"href":"https:\/\/www.europesays.com\/fr\/wp-json\/wp\/v2\/media\/349177"}],"wp:attachment":[{"href":"https:\/\/www.europesays.com\/fr\/wp-json\/wp\/v2\/media?parent=349176"}],"wp:term":[{"taxonomy":"category","embeddable":true,"href":"https:\/\/www.europesays.com\/fr\/wp-json\/wp\/v2\/categories?post=349176"},{"taxonomy":"post_tag","embeddable":true,"href":"https:\/\/www.europesays.com\/fr\/wp-json\/wp\/v2\/tags?post=349176"}],"curies":[{"name":"wp","href":"https:\/\/api.w.org\/{rel}","templated":true}]}}