{"id":349180,"date":"2025-08-28T04:25:13","date_gmt":"2025-08-28T04:25:13","guid":{"rendered":"https:\/\/www.europesays.com\/fr\/349180\/"},"modified":"2025-08-28T04:25:13","modified_gmt":"2025-08-28T04:25:13","slug":"pro-d2-a-angouleme-philippe-saint-andre-veut-que-ses-hommes-livrent-un-combat-sans-faille","status":"publish","type":"post","link":"https:\/\/www.europesays.com\/fr\/349180\/","title":{"rendered":"Pro D2 : \u00e0 Angoul\u00eame, Philippe Saint-Andr\u00e9 veut que ses hommes livrent un combat sans faille"},"content":{"rendered":"<p>Avant de prendre le bus\u00a0pour un long trajet jusqu\u2019\u00e0 Angoul\u00eame pour l\u2019ouverture de la saison de Pro D2 vendredi soir (19h30), Philippe Saint-Andr\u00e9 s\u2019est pr\u00e9sent\u00e9 avec le sourire mais avec un discours muscl\u00e9. Provence Rugby s\u2019attend\u00a0\u00e0 une entr\u00e9e en mati\u00e8re compliqu\u00e9e en Charente mais compte bien marquer son territoire. Entretien.<\/p>\n<p><strong>Philippe, apr\u00e8s le dernier match de pr\u00e9paration un peu poussif face\u00a0\u00e0 B\u00e9ziers la semaine derni\u00e8re, quels ont \u00e9t\u00e9 les axes de travail cette semaine avant d\u2019aller\u00a0\u00e0 Angoul\u00eame\u00a0?<\/strong>&#13;\n<\/p>\n<p>C\u2019est vrai qu\u2019apr\u00e8s cette rencontre face \u00e0 B\u00e9ziers, on a quand m\u00eame pu pointer quelques lacunes, notamment au niveau de la ma\u00eetrise et de la discipline, qui a \u00e9t\u00e9 quelque chose de r\u00e9current la saison derni\u00e8re. On doit vraiment s\u2019am\u00e9liorer l\u00e0-dessus. Ma\u00eetrise individuelle et collective sont les ma\u00eetres mots. Donc on a envie de dire que les mots d\u2019ordre pour vendredi, c\u2019est d\u00e9j\u00e0 d\u2019\u00eatre pr\u00e9sent dans le combat. Parce que si tu veux exister \u00e0 l\u2019ext\u00e9rieur, tu dois \u00eatre pr\u00e9sent dans la dimension physique et dans l\u2019engagement. \u2029Deuxi\u00e8mement, on doit \u00eatre disciplin\u00e9s et un peu plus patient. Parce que contre B\u00e9ziers, on a cr\u00e9\u00e9 beaucoup de choses mais on a manqu\u00e9 de patience.<\/p>\n<p><strong>L\u2019an pass\u00e9 Aix a p\u00each\u00e9 \u00e0 l\u2019ext\u00e9rieur\u00a0&#8211; avec seulement 2 victoires -, comment y rem\u00e9dier\u00a0?<\/strong>&#13;\n<\/p>\n<p>On va faire les 15 matches \u00e0 l\u2019ext\u00e9rieur avec beaucoup d\u2019ambition. Je veux des mecs motiv\u00e9s loin de Maurice-David. Nous avons la chance d\u2019avoir 35\u00a0joueurs qui m\u00e9riteraient de commencer cette rencontre mais il y aura que 23 \u00e9lus. \u2029Les saisons sont tr\u00e8s longues, on aura besoin de tout le monde\u00a0et nous avons besoin de mecs positifs, des mecs qui bossent. De toute fa\u00e7on, les joueurs le savent, j\u2019ai la chance\u00a0devant d\u2019avoir pas mal de solutions. Donc si on ne s\u2019envoie pas \u00e0 l\u2019ext\u00e9rieur, les mecs ne joueront pas \u00e0 domicile le week-end suivant, c\u2019est aussi simple que \u00e7a.\u00a0Apr\u00e8s par contre, il faut qu\u2019on gagne cette force que Mauricio (Reggiardo) avait mise en place avec les joueurs l\u2019an pass\u00e9 sur le fait que pratiquement pendant deux ans, ils sont rest\u00e9s invaincus \u00e0 domicile. \u00c7a, c\u2019est une arme tr\u00e8s forte et\u00a0il faut \u00e0 tout prix la garder. Mais c\u2019est s\u00fbr qu\u2019il faut r\u00e9cup\u00e9rer plus de points \u00e0 l\u2019ext\u00e9rieur.<\/p>\n<p><strong>Un mot sur Angoul\u00eame\u2026<\/strong>&#13;\n<\/p>\n<p>C\u2019est une \u00e9quipe tr\u00e8s disciplin\u00e9e et\u00a0ambitieuse On l\u2019a vu l\u2019an pass\u00e9 avec une premi\u00e8re qualification historique dans le Top 6. Je connais bien Alex Ruiz (le manager des Charentais), j\u2019ai boss\u00e9 avec lui pendant deux ans, je sais comment il fonctionne et il fait un travail, fantastique.<\/p>\n<p><strong>Provence Rugby est une \u00e9quipe qui vient de disputer deux demi-finales de rang, l\u2019ambition sera forc\u00e9ment de faire mieux cette ann\u00e9e.<\/strong>&#13;\n<\/p>\n<p>On sait que le pr\u00e9sident Denis Philipon et toute son \u00e9quipe travaillent \u00e9norm\u00e9ment sur le projet de monter en Top 14. Le stade est plein, il y a de plus en plus de partenaires, de supporters. Pour jouer la course au Top 14, il faut \u00eatre arm\u00e9 et\u00a0Aix-en-Provence se pr\u00e9pare financi\u00e8rement pour un jour rentrer en Top 14 et pour y rester. Moi, la seule pression que j\u2019ai, c\u2019est la pression d\u2019\u00eatre\u00a0comp\u00e9titif, qu\u2019on soit r\u00e9gulier dans nos performances. L\u00e0, on rentre l\u00e0, on rentre dans la comp\u00e9tition d\u00e8s vendredi et vraiment je languis de voir mes joueurs \u00e0 l\u2019\u0153uvre. Notre objectif, on ne se ment pas, est\u00a0\u00e0 court ou \u00e0 moyen terme de monter donc Il faut qu\u2019on soit\u00a0en haut du tableau rapidement.<\/p>\n","protected":false},"excerpt":{"rendered":"Avant de prendre le bus\u00a0pour un long trajet jusqu\u2019\u00e0 Angoul\u00eame pour l\u2019ouverture de la saison de Pro D2&hellip;\n","protected":false},"author":2,"featured_media":349181,"comment_status":"","ping_status":"","sticky":false,"template":"","format":"standard","meta":{"footnotes":""},"categories":[1416],"tags":[17,13152,1011,27,6284,3788,746,479,1468,4113,60,9870],"class_list":{"0":"post-349180","1":"post","2":"type-post","3":"status-publish","4":"format-standard","5":"has-post-thumbnail","7":"category-rugby","8":"tag-17","9":"tag-angouleme","10":"tag-fr","11":"tag-france","12":"tag-philippe","13":"tag-pro","14":"tag-que","15":"tag-rugby","16":"tag-rugby-football","17":"tag-saint-andre","18":"tag-sports","19":"tag-veut"},"share_on_mastodon":{"url":"https:\/\/pubeurope.com\/@fr\/115104495981447967","error":""},"_links":{"self":[{"href":"https:\/\/www.europesays.com\/fr\/wp-json\/wp\/v2\/posts\/349180","targetHints":{"allow":["GET"]}}],"collection":[{"href":"https:\/\/www.europesays.com\/fr\/wp-json\/wp\/v2\/posts"}],"about":[{"href":"https:\/\/www.europesays.com\/fr\/wp-json\/wp\/v2\/types\/post"}],"author":[{"embeddable":true,"href":"https:\/\/www.europesays.com\/fr\/wp-json\/wp\/v2\/users\/2"}],"replies":[{"embeddable":true,"href":"https:\/\/www.europesays.com\/fr\/wp-json\/wp\/v2\/comments?post=349180"}],"version-history":[{"count":0,"href":"https:\/\/www.europesays.com\/fr\/wp-json\/wp\/v2\/posts\/349180\/revisions"}],"wp:featuredmedia":[{"embeddable":true,"href":"https:\/\/www.europesays.com\/fr\/wp-json\/wp\/v2\/media\/349181"}],"wp:attachment":[{"href":"https:\/\/www.europesays.com\/fr\/wp-json\/wp\/v2\/media?parent=349180"}],"wp:term":[{"taxonomy":"category","embeddable":true,"href":"https:\/\/www.europesays.com\/fr\/wp-json\/wp\/v2\/categories?post=349180"},{"taxonomy":"post_tag","embeddable":true,"href":"https:\/\/www.europesays.com\/fr\/wp-json\/wp\/v2\/tags?post=349180"}],"curies":[{"name":"wp","href":"https:\/\/api.w.org\/{rel}","templated":true}]}}