{"id":349182,"date":"2025-08-28T04:26:10","date_gmt":"2025-08-28T04:26:10","guid":{"rendered":"https:\/\/www.europesays.com\/fr\/349182\/"},"modified":"2025-08-28T04:26:10","modified_gmt":"2025-08-28T04:26:10","slug":"issu-des-qualifications-le-francais-blanchet-soffre-une-tete-de-serie","status":"publish","type":"post","link":"https:\/\/www.europesays.com\/fr\/349182\/","title":{"rendered":"Issu des qualifications, le Fran\u00e7ais Blanchet s\u2019offre une t\u00eate de s\u00e9rie"},"content":{"rendered":"<p>Ugo Blanchet est sur un nuage \u00e0 Flushing Meadows. Issu des qualifications, le Fran\u00e7ais a cr\u00e9\u00e9 la sensation mercredi \u00e0 l\u2019<a href=\"https:\/\/www.20minutes.fr\/sport\/us_open\/\" target=\"_blank\" class=\"c-link c-link--is-underlined\" rel=\"nofollow noopener\">US Open<\/a> en sortant, au deuxi\u00e8me tour, la t\u00eate de s\u00e9rie N.16, Jakub Mensik, 6-7 (7-2), 7-6 (7-5), 3-6, 6-4, 7-6 (10-7).<\/p>\n<p>A 26 ans, l\u2019Aindinois (184e) vient d\u2019encha\u00eener, coup sur coup, ses deux premiers succ\u00e8s dans le tableau final d\u2019un Grand Chelem, apr\u00e8s sa victoire au premier tour, dimanche, face au Hongrois Fabian Marozsan (53e). Blanchet avait montr\u00e9 de premiers signes d\u2019\u00e9closion \u00e0 <a href=\"https:\/\/www.20minutes.fr\/sport\/roland-garros\/\" target=\"_blank\" class=\"c-link c-link--is-underlined\" rel=\"nofollow noopener\">Roland-Garros<\/a>, o\u00f9 il avait pouss\u00e9, au premier tour, son compatriote <a href=\"https:\/\/www.20minutes.fr\/sport\/hugo-gaston\/\" target=\"_blank\" class=\"c-link c-link--is-underlined\" rel=\"nofollow noopener\">Hugo Gaston<\/a> au cinqui\u00e8me set.<\/p>\n<p>Mensik et son d\u00e9luge d\u2019aces<\/p>\n<p>Mercredi, dans une ambiance de feu sur un court annexe, il a de nouveau entra\u00een\u00e9 son adversaire au bout du suspense, mais avec, cette fois, une issue favorable.<\/p>\n<\/p>\n<p>Il lui a fallu passer au travers d\u2019un d\u00e9luge d\u2019aces (29), inflig\u00e9s par Mensik, grand gabarit de 1,96\u00a0m, qui a aussi pilonn\u00e9 le Fran\u00e7ais de son coup droit percutant. Devant cette figure du circuit, Blanchet a fait preuve d\u2019un cran saisissant, l\u00e2chant ses coups avec autorit\u00e9 sous les vivas d\u2019un contingent tricolore bruyant.<\/p>\n<p>Blanchet roi au filet<\/p>\n<p>Pour att\u00e9nuer la puissance de Mensik, il a beaucoup us\u00e9 du revers slic\u00e9, qui a cass\u00e9 le rythme du Tch\u00e8que. Le Lyonnais d\u2019adoption a aussi \u00e9t\u00e9 chercher les points au filet, avec une r\u00e9ussite insolente (35 points sur 42 mont\u00e9es).<\/p>\n<p><a href=\"https:\/\/www.20minutes.fr\/sport\/tennis\/\" target=\"_blank\" class=\"c-link c-btn c-btn--primary\" rel=\"nofollow noopener\">Notre dossier Tennis<\/a><\/p>\n<p>C\u2019est une \u00e9tape majeure pour Blanchet, dont la premi\u00e8re apparition dans le tableau final d\u2019un tournoi du circuit principal date de f\u00e9vrier\u00a02024 seulement, \u00e0 l\u2019ATP 250 de Montpellier. Au troisi\u00e8me tour, il affrontera un autre Tch\u00e8que, \u00e9galement t\u00eate de s\u00e9rie (21e), Tomas Machac, vainqueur mercredi du jeune espoir br\u00e9silien Joao Fonseca.<\/p>\n","protected":false},"excerpt":{"rendered":"Ugo Blanchet est sur un nuage \u00e0 Flushing Meadows. Issu des qualifications, le Fran\u00e7ais a cr\u00e9\u00e9 la sensation&hellip;\n","protected":false},"author":2,"featured_media":349183,"comment_status":"","ping_status":"","sticky":false,"template":"","format":"standard","meta":{"footnotes":""},"categories":[1415],"tags":[73,1011,27,415,517,60,1467,4172,133],"class_list":{"0":"post-349182","1":"post","2":"type-post","3":"status-publish","4":"format-standard","5":"has-post-thumbnail","7":"category-tennis","8":"tag-etats-unis","9":"tag-fr","10":"tag-france","11":"tag-new-york","12":"tag-sport","13":"tag-sports","14":"tag-tennis","15":"tag-us-open","16":"tag-video"},"share_on_mastodon":{"url":"https:\/\/pubeurope.com\/@fr\/115104499792506086","error":""},"_links":{"self":[{"href":"https:\/\/www.europesays.com\/fr\/wp-json\/wp\/v2\/posts\/349182","targetHints":{"allow":["GET"]}}],"collection":[{"href":"https:\/\/www.europesays.com\/fr\/wp-json\/wp\/v2\/posts"}],"about":[{"href":"https:\/\/www.europesays.com\/fr\/wp-json\/wp\/v2\/types\/post"}],"author":[{"embeddable":true,"href":"https:\/\/www.europesays.com\/fr\/wp-json\/wp\/v2\/users\/2"}],"replies":[{"embeddable":true,"href":"https:\/\/www.europesays.com\/fr\/wp-json\/wp\/v2\/comments?post=349182"}],"version-history":[{"count":0,"href":"https:\/\/www.europesays.com\/fr\/wp-json\/wp\/v2\/posts\/349182\/revisions"}],"wp:featuredmedia":[{"embeddable":true,"href":"https:\/\/www.europesays.com\/fr\/wp-json\/wp\/v2\/media\/349183"}],"wp:attachment":[{"href":"https:\/\/www.europesays.com\/fr\/wp-json\/wp\/v2\/media?parent=349182"}],"wp:term":[{"taxonomy":"category","embeddable":true,"href":"https:\/\/www.europesays.com\/fr\/wp-json\/wp\/v2\/categories?post=349182"},{"taxonomy":"post_tag","embeddable":true,"href":"https:\/\/www.europesays.com\/fr\/wp-json\/wp\/v2\/tags?post=349182"}],"curies":[{"name":"wp","href":"https:\/\/api.w.org\/{rel}","templated":true}]}}