{"id":349186,"date":"2025-08-28T04:29:22","date_gmt":"2025-08-28T04:29:22","guid":{"rendered":"https:\/\/www.europesays.com\/fr\/349186\/"},"modified":"2025-08-28T04:29:22","modified_gmt":"2025-08-28T04:29:22","slug":"de-la-crise-a-la-revelation-de-2025-%f0%9f%9a%80","status":"publish","type":"post","link":"https:\/\/www.europesays.com\/fr\/349186\/","title":{"rendered":"De la crise \u00e0 la r\u00e9v\u00e9lation de 2025 \ud83d\ude80"},"content":{"rendered":"<p><img decoding=\"async\" src=\"https:\/\/www.europesays.com\/fr\/wp-content\/uploads\/2025\/08\/689084194bbc939ddf9f2629_XPB_1366177_HiRes.jpeg\" alt=\"Comment Sauber est pass\u00e9 du d\u00e9sastre \u00e0 la r\u00e9v\u00e9lation de 2025\"\/><\/p>\n<p>Alors que d\u00e9but 2025, <a href=\"https:\/\/www.sauber-group.com\/fr\/\" target=\"_blank\" rel=\"nofollow noopener\">Sauber<\/a> semblait condamn\u00e9 \u00e0 v\u00e9g\u00e9ter au fond de la grille de la Formule 1, l&rsquo;\u00e9curie s&rsquo;est hiss\u00e9e en quelques mois au rang des challengers les plus redoutables du peloton. Comment une \u00e9quipe, jug\u00e9e perdue d&rsquo;avance apr\u00e8s des essais hivernaux d\u00e9sastreux et une voiture loin du niveau attendu, a-t-elle pu op\u00e9rer un tel revirement ? Analyse passionnante d\u2019une mutation technique et humaine, des choix strat\u00e9giques et du travail de fond qui ont propuls\u00e9 Sauber vers les sommets de la saison 2025.<\/p>\n<p>\ud83d\udd27 Un d\u00e9but de saison catastrophique : le choc du C45<\/p>\n<p>Tout commence par ce qu\u2019on qualifiera de v\u00e9ritable fiasco lors des essais de pr\u00e9-saison. La <a href=\"https:\/\/www.sauber-group.com\/fr\/sauber-motorsport\/\" target=\"_blank\" rel=\"nofollow noopener\">Sauber C45<\/a> accumulait les d\u00e9fauts : manque de vitesse manifeste, gros probl\u00e8mes de comportement et des \u00e9carts flagrants entre donn\u00e9es de simulation et r\u00e9alit\u00e9 en piste. Nico H\u00fclkenberg, d\u00e9barqu\u00e9 comme leader d\u2019exp\u00e9rience, l\u2019admettra plus tard : \u00ab De gros soucis majeurs d\u00e8s la premi\u00e8re s\u00e9ance, nous n&rsquo;\u00e9tions tout simplement pas pr\u00eats. \u00bb<\/p>\n<p>Mais l\u2019\u00e9quipe gardait un joker en main : la version test\u00e9e n\u2019\u00e9tait pas encore la v\u00e9ritable C45 destin\u00e9e \u00e0 la saison. L\u2019objectif \u00e9tait clair, retarder le plus possible la production finale pour capitaliser sur chaque minute de d\u00e9veloppement, en vue de la r\u00e9volution r\u00e9glementaire de 2026.<\/p>\n<p>L\u2019optimisme \u00e9tait donc de mise en interne, m\u00eame si ext\u00e9rieurement, tout laissait pr\u00e9sager une saison compliqu\u00e9e. Les ing\u00e9nieurs savaient qu\u2019avec l\u2019introduction d\u2019un nouveau package a\u00e9rodynamique d\u00e8s le Grand Prix d\u2019Australie, la donne pouvait changer. Or, le bon est r\u00e9el d\u00e8s cette premi\u00e8re manche : nouveau museau, plancher repens\u00e9 et carrosserie affin\u00e9e. R\u00e9sultat ? La C45 int\u00e8gre Q2 lors d&rsquo;une qualification maitris\u00e9e, et marque ses premiers points tr\u00e8s rapidement.<\/p>\n<p><img decoding=\"async\" src=\"https:\/\/www.europesays.com\/fr\/wp-content\/uploads\/2025\/08\/68af0198bdcd8195fa93e17a_XPB_1366204_HiRes-1.jpeg\" alt=\"Comment Sauber est pass\u00e9 du d\u00e9sastre \u00e0 la r\u00e9v\u00e9lation de 2025\"\/><\/p>\n<p>N\u00e9anmoins, les r\u00e9sultats restent timides et le fonds du peloton colle toujours aux basques de l\u2019\u00e9curie helv\u00e9tique. Pire, la voiture d\u00e9montre une grande variabilit\u00e9 de comportement, notamment sous influence a\u00e9rodynamique (le roulant d&rsquo;air sale des autres monoplaces la rend anxiog\u00e8ne \u00e0 piloter).<\/p>\n<p>Cette premi\u00e8re phase de la saison 2025 est celle de la remise en cause et du \u00ab grand m\u00e9nage \u00bb technique. Les ing\u00e9nieurs d\u00e9cident d\u2019approfondir tous les param\u00e8tres de corr\u00e9lation entre les outils de simulation et le comportement r\u00e9el. C\u2019est par l\u2019analyse fine de centaines de donn\u00e9es et la remise en question de tous les process internes que surviendra le d\u00e9clic, amor\u00e7ant un changement de philosophie du bureau d\u2019\u00e9tude et de la production.<\/p>\n<p>\ud83d\udca1 Le virage technique et la v\u00e9ritable C45 : upgrades majeurs \u00e0 Barcelone<\/p>\n<p>L\u2019\u00e9l\u00e9ment d\u00e9clencheur du renouveau Sauber s\u2019appelle \u00ab Imola Update \u00bb, un paquet de modifications initialement pr\u00e9vu pour le Grand Prix d\u2019Emilie-Romagne mais introduit finalement \u00e0 Barcelone. Cette \u00e9volution bouleverse la stabilit\u00e9 a\u00e9rodynamique de la voiture, la rendant plus pr\u00e9visible et donc attaquable par les pilotes \u2014 un facteur cl\u00e9 pour la confiance et la performance sur un tour et en course.<\/p>\n<p><img decoding=\"async\" src=\"https:\/\/www.europesays.com\/fr\/wp-content\/uploads\/2025\/08\/68af0198bdcd8195fa93e1b3_Bahrain-2025-Testing-Times-2.png\" alt=\"Comment Sauber est pass\u00e9 du d\u00e9sastre \u00e0 la r\u00e9v\u00e9lation de 2025\"\/><\/p>\n<p>H\u00fclkenberg et Gabriel Bortoleto sont imm\u00e9diatement unanimes : la C45 n\u2019est plus r\u00e9tive et permet de pousser fort en confiance. La cons\u00e9quence ne tarde pas : des points r\u00e9guliers, des remont\u00e9es en course et la capacit\u00e9 d\u2019encha\u00eener plusieurs upgrades sur le d\u00e9veloppement du plancher, l\u00e0 o\u00f9 autrefois l\u2019usine peinait \u00e0 livrer de nouveaux composants efficaces.<\/p>\n<p><img decoding=\"async\" src=\"https:\/\/www.europesays.com\/fr\/wp-content\/uploads\/2025\/08\/68af0198bdcd8195fa93e17d_XPB_1324171_HiRes.jpeg\" alt=\"Comment Sauber est pass\u00e9 du d\u00e9sastre \u00e0 la r\u00e9v\u00e9lation de 2025\"\/><\/p>\n<p>C\u2019est \u00e0 travers cette approche it\u00e9rative, qui acc\u00e9l\u00e8rera d\u2019ailleurs le rythme d\u2019arriv\u00e9e des nouveaut\u00e9s techniques (notamment en Autriche et \u00e0 Silverstone), que la transformation s\u2019op\u00e8re.<\/p>\n<p><img decoding=\"async\" src=\"https:\/\/www.europesays.com\/fr\/wp-content\/uploads\/2025\/08\/68af0198bdcd8195fa93e177_XPB_1336337_HiRes--1-.jpeg\" alt=\"Comment Sauber est pass\u00e9 du d\u00e9sastre \u00e0 la r\u00e9v\u00e9lation de 2025\"\/><\/p>\n<p>Une anecdote marquante : lors du week-end espagnol, l\u2019\u00e9quipe installe le kit complet d\u00e8s le vendredi sur la monoplace de H\u00fclkenberg, puis bascule celui de Bortoleto le samedi tant la diff\u00e9rence est flagrante au chrono et \u00e0 la t\u00e9l\u00e9m\u00e9trie. La monoplace, sans devenir la plus facile du plateau, gagne surtout en pr\u00e9visibilit\u00e9, facilitant la gestion pneumatique et la strat\u00e9gie en course. Signe de cette mont\u00e9e en puissance, H\u00fclkenberg arrache un cinqui\u00e8me rang \u2014 largement m\u00e9rit\u00e9 \u2014 sur le circuit catalan.<\/p>\n<p><img decoding=\"async\" src=\"https:\/\/www.europesays.com\/fr\/wp-content\/uploads\/2025\/08\/68af0198bdcd8195fa93e189_XPB_1350433_HiRes.jpeg\" alt=\"Comment Sauber est pass\u00e9 du d\u00e9sastre \u00e0 la r\u00e9v\u00e9lation de 2025\"\/><\/p>\n<p>\ud83e\udd14 Diagnostic, innovations &amp; le\u00e7ons internes : la r\u00e9volution de la m\u00e9thode Sauber<\/p>\n<p>Derri\u00e8re ces progr\u00e8s techniques se cache une profonde remise en question m\u00e9thodologique. Les ing\u00e9nieurs r\u00e9alisent que certaines marges d\u2019erreur dans le contr\u00f4le qualit\u00e9 et la conception structurelle engendraient des soucis d\u2019a\u00e9ro\u00e9lasticit\u00e9 (flexibilit\u00e9 ind\u00e9sirable des pi\u00e8ces et des plans, notamment au niveau du plancher et de la carrosserie). Sauber investit alors massivement dans la pr\u00e9cision du contr\u00f4le qualit\u00e9 et la conception de pi\u00e8ces plus rigides.<\/p>\n<p><img decoding=\"async\" src=\"https:\/\/www.europesays.com\/fr\/wp-content\/uploads\/2025\/08\/68af0198bdcd8195fa93e183_XPB_1352023_HiRes--1-.jpeg\" alt=\"Comment Sauber est pass\u00e9 du d\u00e9sastre \u00e0 la r\u00e9v\u00e9lation de 2025\"\/><\/p>\n<p>Des campagnes de filming sp\u00e9ciales, r\u00e9alis\u00e9es sous le fond plat de la monoplace, simulent toutes les sollicitations pour sonder chaque millim\u00e8tre du ch\u00e2ssis. R\u00e9sultat : un bond en pr\u00e9cision de fabrication, garant d\u2019un comportement plus constant m\u00eame dans des conditions a\u00e9rodynamiques extr\u00eames. Ce d\u00e9tail, souvent invisible, permet \u00e0 Sauber de jouer r\u00e9guli\u00e8rement les trouble-f\u00eate lors des qualifications et surtout d\u2019obtenir un rythme de course solide, saison apr\u00e8s saison.<\/p>\n<p><img decoding=\"async\" src=\"https:\/\/www.europesays.com\/fr\/wp-content\/uploads\/2025\/08\/68af0198bdcd8195fa93e186_XPB_1364339_HiRes.jpeg\" alt=\"Comment Sauber est pass\u00e9 du d\u00e9sastre \u00e0 la r\u00e9v\u00e9lation de 2025\"\/><\/p>\n<p>Malgr\u00e9 tout, la C45 montre parfois des limites sur un tour avec peu d\u2019essence, mais l\u2019\u00e9quipe compense par des strat\u00e9gies de course efficaces et une gestion des pneus pouss\u00e9e. Le chef technique estime que la voiture performe mieux r\u00e9servoir plein, d\u2019o\u00f9 sa r\u00e9gularit\u00e9 et sa fiabilit\u00e9 sur la dur\u00e9e du Grand Prix. Symbole de ce nouvel \u00e9tat d\u2019esprit, H\u00fclkenberg monte m\u00eame sur le podium \u00e0 Silverstone avec une remarquable troisi\u00e8me place.<\/p>\n<p><img decoding=\"async\" src=\"https:\/\/www.europesays.com\/fr\/wp-content\/uploads\/2025\/08\/68af0198bdcd8195fa93e180_XPB_1358853_HiRes.jpeg\" alt=\"Comment Sauber est pass\u00e9 du d\u00e9sastre \u00e0 la r\u00e9v\u00e9lation de 2025\"\/><\/p>\n<p>\ud83e\udde0 Leadership, mental &amp; strat\u00e9gie d\u2019avenir : les cl\u00e9s d\u2019une renaissance<\/p>\n<p>Cette transformation s\u2019accompagne d\u2019un changement majeur au sein de la structure manag\u00e9riale. Une nouvelle direction technique s\u2019impose, impuls\u00e9e par Mattia Binotto (chef des op\u00e9rations et technique) et le team principal Jonathan Wheatley. Ce tandem, appuy\u00e9 par le nouveau leadership technique, canalise les efforts et concentre les ressources vers des axes clairement d\u00e9finis.<\/p>\n<p><img decoding=\"async\" src=\"https:\/\/www.europesays.com\/fr\/wp-content\/uploads\/2025\/08\/68af0198bdcd8195fa93e18c_2025-British-Grand-Prix---Sunday--3---1-.jpeg\" alt=\"Comment Sauber est pass\u00e9 du d\u00e9sastre \u00e0 la r\u00e9v\u00e9lation de 2025\"\/><\/p>\n<p>L&rsquo;objectif : red\u00e9ployer les investissements dans les outils de simulation, l\u2019a\u00e9ro, le ch\u00e2ssis et la formation des \u00e9quipes. Cette refonte structurelle valorise aussi les talents internes, la direction saluant \u00ab des poches de g\u00e9nie insoup\u00e7onn\u00e9es \u00bb dans les bureaux suisses, trop longtemps brid\u00e9es par des moyens limit\u00e9s.<\/p>\n<p>Le v\u00e9ritable secret r\u00e9side dans cette dynamique collective : chaque d\u00e9partement est responsabilis\u00e9, des designers \u00e0 la production, pour d\u00e9cloisonner l\u2019innovation et r\u00e9ussir le virage 2026 qui sera crucial avec l\u2019arriv\u00e9e d\u2019<a href=\"https:\/\/www.audi.fr\/fr\/web\/fr.html\" target=\"_blank\" rel=\"nofollow noopener\">Audi<\/a> c\u00f4t\u00e9 motorisation.<\/p>\n<p><img decoding=\"async\" src=\"https:\/\/www.europesays.com\/fr\/wp-content\/uploads\/2025\/08\/68af0198bdcd8195fa93e18f_2025-British-Grand-Prix---Sunday--3-.jpeg\" alt=\"Comment Sauber est pass\u00e9 du d\u00e9sastre \u00e0 la r\u00e9v\u00e9lation de 2025\"\/><\/p>\n<p>Le d\u00e9veloppement 2025 a certainement affect\u00e9 l\u00e9g\u00e8rement le budget et la main d\u2019\u0153uvre d\u00e9di\u00e9e \u00e0 2026, mais les connaissances accumul\u00e9es garantiront un impact positif lors du changement de r\u00e9glementation. Pour la premi\u00e8re fois depuis plus de 10 ans, Sauber avance avec un vrai plan, des ressources renouvel\u00e9es et une confiance retrouv\u00e9e.<\/p>\n<p>\ud83c\udf1f Un avenir ouvert : Sauber pr\u00eat pour Audi &amp; la bataille du peloton<\/p>\n<p>Gr\u00e2ce \u00e0 ce renouveau, Sauber n\u2019est plus vu comme un acteur passif, mais bien comme un challenger cr\u00e9dible dans le milieu de grille de la Formule 1. Certes, le cap de la victoire reste \u00e9lev\u00e9 \u2013 Audi ayant pour ambition \u00e0 moyen terme de viser les podiums et les championnats. Mais les r\u00e9cents progr\u00e8s offrent, pour la premi\u00e8re fois, un socle technique solide. Surtout, l&rsquo;\u00e9quipe sait dor\u00e9navant o\u00f9 concentrer ses efforts pour maximiser le potentiel de la future r\u00e8glementation.<\/p>\n<p><img decoding=\"async\" src=\"https:\/\/www.europesays.com\/fr\/wp-content\/uploads\/2025\/08\/68af0198bdcd8195fa93e18c_2025-British-Grand-Prix---Sunday--3---1-.jpeg\" alt=\"Comment Sauber est pass\u00e9 du d\u00e9sastre \u00e0 la r\u00e9v\u00e9lation de 2025\"\/><\/p>\n<p>Les \u00e9cueils du pass\u00e9 servant d\u2019exemple, la structure s\u2019attache d\u00e9sormais \u00e0 gommer les \u00ab sensibilit\u00e9s h\u00e9rit\u00e9es \u00bb, ces d\u00e9fauts difficilement effa\u00e7ables sans repartir d\u2019une feuille blanche. En 2026, ce sera chose faite avec une monoplace con\u00e7ue sans les limitations structurelles d\u2019hier. Le niveau d\u2019exigence est port\u00e9 par l\u2019ensemble du personnel, des ing\u00e9nieurs aux m\u00e9caniciens, qui s\u2019impliquent pleinement dans ce projet de reconqu\u00eate.<\/p>\n<p>Si la route est encore longue pour tutoyer les sommets, Sauber d\u00e9montre par son abn\u00e9gation, sa capacit\u00e9 d\u2019introspection et son envie de rebondir que tout reste possible dans l\u2019univers ultracomp\u00e9titif de la Formule 1.<\/p>\n<p><img decoding=\"async\" src=\"https:\/\/www.europesays.com\/fr\/wp-content\/uploads\/2025\/08\/68af0198bdcd8195fa93e1b6_XPB_1366153_HiRes.jpeg\" alt=\"Comment Sauber est pass\u00e9 du d\u00e9sastre \u00e0 la r\u00e9v\u00e9lation de 2025\"\/><\/p>\n<p>La le\u00e7on tir\u00e9e de ce parcours exceptionnel ? Ce sont les \u00e9checs qui forgent la r\u00e9ussite. Et, \u00e0 l\u2019image de Sauber en 2025, c\u2019est en osant se r\u00e9inventer, en se remettant en question et en visant l\u2019excellence collective qu\u2019une \u00e9quipe peut transformer la crise en opportunit\u00e9, et l\u2019opportunit\u00e9 en exploit durable. \ud83c\udf20<\/p>\n<p>\u00c0 l\u2019instar de Sauber qui vise l\u2019excellence, qui n\u2019a jamais r\u00eav\u00e9 de prendre la route en Porsche 911\u202f? Pour concr\u00e9tiser ce r\u00eave via la <a href=\"https:\/\/www.joinsteer.com\" target=\"_blank\" rel=\"nofollow noopener\">LOA auto chez Joinsteer<\/a>, alliez flexibilit\u00e9 et garantie en toute simplicit\u00e9 et pilotez vos envies en toute confiance.<\/p>\n","protected":false},"excerpt":{"rendered":"Alors que d\u00e9but 2025, Sauber semblait condamn\u00e9 \u00e0 v\u00e9g\u00e9ter au fond de la grille de la Formule 1,&hellip;\n","protected":false},"author":2,"featured_media":349187,"comment_status":"","ping_status":"","sticky":false,"template":"","format":"standard","meta":{"footnotes":""},"categories":[1412],"tags":[1451,1452,1453,1454,1455,1011,27,60],"class_list":{"0":"post-349186","1":"post","2":"type-post","3":"status-publish","4":"format-standard","5":"has-post-thumbnail","7":"category-f1","8":"tag-f1","9":"tag-formula-1","10":"tag-formula1","11":"tag-formule-1","12":"tag-formule1","13":"tag-fr","14":"tag-france","15":"tag-sports"},"share_on_mastodon":{"url":"https:\/\/pubeurope.com\/@fr\/115104511984701230","error":""},"_links":{"self":[{"href":"https:\/\/www.europesays.com\/fr\/wp-json\/wp\/v2\/posts\/349186","targetHints":{"allow":["GET"]}}],"collection":[{"href":"https:\/\/www.europesays.com\/fr\/wp-json\/wp\/v2\/posts"}],"about":[{"href":"https:\/\/www.europesays.com\/fr\/wp-json\/wp\/v2\/types\/post"}],"author":[{"embeddable":true,"href":"https:\/\/www.europesays.com\/fr\/wp-json\/wp\/v2\/users\/2"}],"replies":[{"embeddable":true,"href":"https:\/\/www.europesays.com\/fr\/wp-json\/wp\/v2\/comments?post=349186"}],"version-history":[{"count":0,"href":"https:\/\/www.europesays.com\/fr\/wp-json\/wp\/v2\/posts\/349186\/revisions"}],"wp:featuredmedia":[{"embeddable":true,"href":"https:\/\/www.europesays.com\/fr\/wp-json\/wp\/v2\/media\/349187"}],"wp:attachment":[{"href":"https:\/\/www.europesays.com\/fr\/wp-json\/wp\/v2\/media?parent=349186"}],"wp:term":[{"taxonomy":"category","embeddable":true,"href":"https:\/\/www.europesays.com\/fr\/wp-json\/wp\/v2\/categories?post=349186"},{"taxonomy":"post_tag","embeddable":true,"href":"https:\/\/www.europesays.com\/fr\/wp-json\/wp\/v2\/tags?post=349186"}],"curies":[{"name":"wp","href":"https:\/\/api.w.org\/{rel}","templated":true}]}}