{"id":349188,"date":"2025-08-28T04:30:18","date_gmt":"2025-08-28T04:30:18","guid":{"rendered":"https:\/\/www.europesays.com\/fr\/349188\/"},"modified":"2025-08-28T04:30:18","modified_gmt":"2025-08-28T04:30:18","slug":"vuelta-le-classement-de-la-cinquieme-etape-remportee-par-uae-team-emirates-ouest-france","status":"publish","type":"post","link":"https:\/\/www.europesays.com\/fr\/349188\/","title":{"rendered":"Vuelta. Le classement de la cinqui\u00e8me \u00e9tape, remport\u00e9e par UAE Team Emirates &#8211; Ouest-France"},"content":{"rendered":"<ol>\n<li><a href=\"https:\/\/news.google.com\/rss\/articles\/CBMi_gFBVV95cUxOYTFnRmExOHFuMW1zR2pBLWhwVDdGQTk5Z0Z1am00Vnl6c1RDM2RRNUpyNUc2dkZTSTZpbUNHbFNHakcyRXV6dU1waVNBRE5IajBWLWswLTRNNUFZSzNLX2FfYW1VN1FGb1dMQ19LanNlNDk5ME9jTTZqd3NGSGhuelFyMTRXVUdHeFVEM29iYXFJM09jenBWdHB2UE9TVGkxWHA3TnJ2NGtNMXZOUnJCbW5EWFB0VTRpRHYycF9QSm1EQWhnNmQ0ajNjTWt2TFl2Wi13bVB2WVlVeFhRaE9YM0dkNjIyaWJaRjNjcEJMeGc4QlMxOHdDYkRfQnpFdw?oc=5\" target=\"_blank\" rel=\"nofollow noopener\">Vuelta. Le classement de la cinqui\u00e8me \u00e9tape, remport\u00e9e par UAE Team Emirates<\/a>&nbsp;&nbsp;Ouest-France<\/li>\n<li><a href=\"https:\/\/news.google.com\/rss\/articles\/CBMiggJBVV95cUxOOFlBcE56RTFnYXVyRTM4M2dhUXViRWF0SzV6cS1xMVFmWHp6UTNDTjU3SFZzNXJMZm9lTWM1S3hQblNpRjgwc3ZnWGliTjFJUnZDbWdmekR1b1U5X3RtOGJpQ0dQR09MMmhlbzNBMFBuRk43ZjM3NUNnRFF1ZG5Yak91ZGhqMHh6VjZOSzRXSEVyUGltVW9idlBveUU3aEVzVDJOTW9SblRCdjhNZzhTbU5UbEs0Smx5QTR1TFlOckZiSDV4WXlrMndQZEktbHNoQ0plSDhvb0xNMl84Y0tvWFNkbVAzMkdVWDlZRlhaTWFQNnFKX3ZIMUstYXJ6NjBaNFE?oc=5\" target=\"_blank\" rel=\"nofollow noopener\">Vuelta : UAE Team Emirates s&rsquo;adjuge le chrono par \u00e9quipes, Jonas Vingegaard reprend le maillot rouge \u00e0 David Gaudu<\/a>&nbsp;&nbsp;L&rsquo;\u00c9quipe<\/li>\n<li><a href=\"https:\/\/news.google.com\/rss\/articles\/CBMimwJBVV95cUxOVkFmb0t4OVpsSGR5YXNfOHdHa3pmXy0zVDJoZ1pFajlfOHJFOWI4ZlZvUVh3SHc4dk9sMXczZHoybVI5QzZOX2JZdVFoMERQTEJ3UURfZXZYcTRfdldSQU5MTGVjZ1JIS0prLUp3WmVzOXozSThTNU9GbEgzVFhJU0Z5SWpCRm9yWlFDamRQWnRhT1h6Ry12clFyVGRWbnA4S2E3MGVVN3ZKSFJ3OS1Td3ExM2tHbHdBdGdxY2hqU2JfTzFYTnJvRUFxSFFjeldTTFBsNkdrYWI0UzV4YzBmczlCV0tfQ0tMM1pFWEZoTVNUS3JGT25iZ0ZfQlJxWEczWFZjVHprU3hrNmRkdTFyM1BpSXQ4ZVI5UFBn?oc=5\" target=\"_blank\" rel=\"nofollow noopener\">\u00ab\u00a0L&rsquo;un des plus beaux moments de ma carri\u00e8re\u00a0\u00bb : Gaudu savoure toujours<\/a>&nbsp;&nbsp;Eurosport<\/li>\n<li><a href=\"https:\/\/news.google.com\/rss\/articles\/CBMiggJBVV95cUxOT29PaHRnWDFpZklmLW5JeDlzbl9rSERJYWVPbm1EQ0JoM2pMTjAtbmJqUUJLSVhEaDV6SDlJUDdSWlpKMkYwRkRkOGtSNlJJUEhlN1lieHk4LW9LbTNoVGJ1VUhMZWpNY0R1cDljSEx2Y3BkNnZBNndMU2tXSG9EVHE1YlNRVENPN3FvS0xDbGlSZXZpQWUyajF0RWdwNXA2S1ktaU9YSmQ2elRMeE5CWl85S3VtU0wtNzdNN0RRLUVCRXRNMzFzb3R3Nnd2LTZIc2NLQW1zeUJCMzRCZjJLUXhKLVdGWktpaU9qcUZ2MWJ5R0RGYWhGSjluc1hmZFRoaUE?oc=5\" target=\"_blank\" rel=\"nofollow noopener\">Vuelta : David Gaudu perd le maillot rouge, la cinqui\u00e8me \u00e9tape perturb\u00e9e par des manifestants propalestiniens<\/a>&nbsp;&nbsp;Le Monde.fr<\/li>\n<li><a href=\"https:\/\/news.google.com\/rss\/articles\/CBMieEFVX3lxTE9fblFLcE8xOHpTc1o0V01JLTVYaHN3T1ZzWllCclV6NVF5emVFZEg4TmtvcXg2WlN0dW5GYWV0OTZTY2I0bWRnS1puc3VsQmpKX2Y1UE1ySUg5VlRUbFMta0VJNzZQUmtPQV9oUHloa25JazlMM1Q0dA?oc=5\" target=\"_blank\" rel=\"nofollow noopener\">Un contre-la-montre pas comme les autres<\/a>&nbsp;&nbsp;\u00c9quipe Cycliste Groupama-FDJ<\/li>\n<\/ol>\n","protected":false},"excerpt":{"rendered":"Vuelta. Le classement de la cinqui\u00e8me \u00e9tape, remport\u00e9e par UAE Team Emirates&nbsp;&nbsp;Ouest-France Vuelta : UAE Team Emirates s&rsquo;adjuge&hellip;\n","protected":false},"author":2,"featured_media":1445,"comment_status":"","ping_status":"","sticky":false,"template":"","format":"standard","meta":{"footnotes":""},"categories":[1411],"tags":[1154,207,1011,27,60],"class_list":{"0":"post-349188","1":"post","2":"type-post","3":"status-publish","4":"format-standard","5":"has-post-thumbnail","7":"category-cyclisme","8":"tag-cycling","9":"tag-cyclisme","10":"tag-fr","11":"tag-france","12":"tag-sports"},"share_on_mastodon":{"url":"https:\/\/pubeurope.com\/@fr\/115104515609919900","error":""},"_links":{"self":[{"href":"https:\/\/www.europesays.com\/fr\/wp-json\/wp\/v2\/posts\/349188","targetHints":{"allow":["GET"]}}],"collection":[{"href":"https:\/\/www.europesays.com\/fr\/wp-json\/wp\/v2\/posts"}],"about":[{"href":"https:\/\/www.europesays.com\/fr\/wp-json\/wp\/v2\/types\/post"}],"author":[{"embeddable":true,"href":"https:\/\/www.europesays.com\/fr\/wp-json\/wp\/v2\/users\/2"}],"replies":[{"embeddable":true,"href":"https:\/\/www.europesays.com\/fr\/wp-json\/wp\/v2\/comments?post=349188"}],"version-history":[{"count":0,"href":"https:\/\/www.europesays.com\/fr\/wp-json\/wp\/v2\/posts\/349188\/revisions"}],"wp:featuredmedia":[{"embeddable":true,"href":"https:\/\/www.europesays.com\/fr\/wp-json\/wp\/v2\/media\/1445"}],"wp:attachment":[{"href":"https:\/\/www.europesays.com\/fr\/wp-json\/wp\/v2\/media?parent=349188"}],"wp:term":[{"taxonomy":"category","embeddable":true,"href":"https:\/\/www.europesays.com\/fr\/wp-json\/wp\/v2\/categories?post=349188"},{"taxonomy":"post_tag","embeddable":true,"href":"https:\/\/www.europesays.com\/fr\/wp-json\/wp\/v2\/tags?post=349188"}],"curies":[{"name":"wp","href":"https:\/\/api.w.org\/{rel}","templated":true}]}}