{"id":349189,"date":"2025-08-28T04:31:22","date_gmt":"2025-08-28T04:31:22","guid":{"rendered":"https:\/\/www.europesays.com\/fr\/349189\/"},"modified":"2025-08-28T04:31:22","modified_gmt":"2025-08-28T04:31:22","slug":"luis-enrique-a-eu-des-doutes-en-ligue-des-champions","status":"publish","type":"post","link":"https:\/\/www.europesays.com\/fr\/349189\/","title":{"rendered":"Luis Enrique a eu des doutes en Ligue des Champions"},"content":{"rendered":"<p>Vainqueur de la <a href=\"https:\/\/www.footmercato.net\/europe\/ligue-des-champions-uefa\/\" rel=\"nofollow noopener\" target=\"_blank\">Ligue des Champions<\/a> avec le <a href=\"https:\/\/www.footmercato.net\/club\/psg\/\" rel=\"nofollow noopener\" target=\"_blank\">Paris Saint-Germain<\/a>, <a href=\"https:\/\/www.footmercato.net\/entraineur\/luis-enrique-martinez-garcia\" rel=\"nofollow noopener\" target=\"_blank\">Luis Enrique<\/a> a r\u00e9ussi son d\u00e9fi. Le coach espagnol a ainsi permis au club francilien de remporter cette comp\u00e9tition pour la premi\u00e8re fois de son histoire. Un ach\u00e8vement historique pour Luis Enrique qui avait d\u00e9j\u00e0 r\u00e9alis\u00e9 cette performance en 2015 avec le FC Barcelone. Pourtant tout n\u2019a pas \u00e9t\u00e9 simple puisque les Franciliens avaient termin\u00e9 \u00e0 la quinzi\u00e8me place lors de la phase de ligue et avaient d\u00fb batailler pour s\u2019extraire de la premi\u00e8re partie de comp\u00e9tition. Dans un entretien pour <a href=\"https:\/\/www.psg.fr\/content\/luis-enrique-repeter-cet-exploit-cette-annee-paris-saint-germain-uefa-champions-league-20252026\" rel=\"nofollow noopener\" target=\"_blank\">le site du PSG<\/a>, l\u2019homme de 55 ans a admis qu\u2019il avait eu des doutes sur la victoire finale en d\u00e9but de saison.<\/p>\n<p>            La suite apr\u00e8s cette publicit\u00e9<\/p>\n<p>\u00abJe dois \u00eatre honn\u00eate, c\u2019\u00e9tait presque impossible de penser \u00e0 la victoire finale. Nous avions beaucoup d\u2019occasions cr\u00e9\u00e9es, sans parvenir \u00e0 marquer. Nous avons abord\u00e9 le probl\u00e8me en nous demandant \u00ab\u00a0Pourquoi ne pas se concentrer sur autre chose ? Pourquoi ne pas chercher le joueur le mieux plac\u00e9 dans la surface ?\u00a0\u00bb. Je pense que nos statistiques ont chang\u00e9 apr\u00e8s cela, les victoires sont venues automatiquement, nous avons retrouv\u00e9 notre confiance\u00bb, a-t-il confi\u00e9.<\/p>\n<p>\n    Pub. le 27\/08\/2025 21:50<br \/>\n            &#8211; MAJ le 28\/08\/2025 04:24\n    <\/p>\n","protected":false},"excerpt":{"rendered":"Vainqueur de la Ligue des Champions avec le Paris Saint-Germain, Luis Enrique a r\u00e9ussi son d\u00e9fi. Le coach&hellip;\n","protected":false},"author":2,"featured_media":287416,"comment_status":"","ping_status":"","sticky":false,"template":"","format":"standard","meta":{"footnotes":""},"categories":[1410],"tags":[63,1011,27,60],"class_list":{"0":"post-349189","1":"post","2":"type-post","3":"status-publish","4":"format-standard","5":"has-post-thumbnail","7":"category-football","8":"tag-football","9":"tag-fr","10":"tag-france","11":"tag-sports"},"share_on_mastodon":{"url":"https:\/\/pubeurope.com\/@fr\/115104519469407632","error":""},"_links":{"self":[{"href":"https:\/\/www.europesays.com\/fr\/wp-json\/wp\/v2\/posts\/349189","targetHints":{"allow":["GET"]}}],"collection":[{"href":"https:\/\/www.europesays.com\/fr\/wp-json\/wp\/v2\/posts"}],"about":[{"href":"https:\/\/www.europesays.com\/fr\/wp-json\/wp\/v2\/types\/post"}],"author":[{"embeddable":true,"href":"https:\/\/www.europesays.com\/fr\/wp-json\/wp\/v2\/users\/2"}],"replies":[{"embeddable":true,"href":"https:\/\/www.europesays.com\/fr\/wp-json\/wp\/v2\/comments?post=349189"}],"version-history":[{"count":0,"href":"https:\/\/www.europesays.com\/fr\/wp-json\/wp\/v2\/posts\/349189\/revisions"}],"wp:featuredmedia":[{"embeddable":true,"href":"https:\/\/www.europesays.com\/fr\/wp-json\/wp\/v2\/media\/287416"}],"wp:attachment":[{"href":"https:\/\/www.europesays.com\/fr\/wp-json\/wp\/v2\/media?parent=349189"}],"wp:term":[{"taxonomy":"category","embeddable":true,"href":"https:\/\/www.europesays.com\/fr\/wp-json\/wp\/v2\/categories?post=349189"},{"taxonomy":"post_tag","embeddable":true,"href":"https:\/\/www.europesays.com\/fr\/wp-json\/wp\/v2\/tags?post=349189"}],"curies":[{"name":"wp","href":"https:\/\/api.w.org\/{rel}","templated":true}]}}