{"id":349194,"date":"2025-08-28T04:35:10","date_gmt":"2025-08-28T04:35:10","guid":{"rendered":"https:\/\/www.europesays.com\/fr\/349194\/"},"modified":"2025-08-28T04:35:10","modified_gmt":"2025-08-28T04:35:10","slug":"francois-bayrou-ne-croit-pas-quune-nouvelle-dissolution-nous-permettrait-davoir-une-stabilite","status":"publish","type":"post","link":"https:\/\/www.europesays.com\/fr\/349194\/","title":{"rendered":"Fran\u00e7ois Bayrou ne \u00ab\u00a0croit pas\u00a0\u00bb qu&rsquo;une nouvelle dissolution \u00ab\u00a0nous permettrait d&rsquo;avoir une stabilit\u00e9\u00a0\u00bb"},"content":{"rendered":"<p>Aujourd&rsquo;hui \u00e0 00h29<\/p>\n<p>Le Premier ministre estime ne pas pouvoir \u00ab\u00a0aujourd&rsquo;hui, a priori\u00a0\u00bb obtenir la confiance des d\u00e9put\u00e9s<\/p>\n<p>Ce direct consacr\u00e9 \u00e0 l&rsquo;annonce faite par Fran\u00e7ois Bayrou d&rsquo;un vote de confiance \u00e0 l&rsquo;Assembl\u00e9e nationale le 8 septembre est d\u00e9sormais termin\u00e9.<\/p>\n<p>Invit\u00e9 sur le plateau de TF1 ce mercredi, le Premier ministre Fran\u00e7ois Bayrou estime qu'\u00a0\u00bbaujourd&rsquo;hui, a priori, on ne peut pas obtenir la confiance\u00a0\u00bb des d\u00e9put\u00e9s.<\/p>\n<p>Fran\u00e7ois Bayrou a notamment insist\u00e9 sur la n\u00e9cessit\u00e9 \u00ab\u00a0d&rsquo;un accord\u00a0\u00bb, plut\u00f4t que \u00ab\u00a0passer en force. Ce dernier s&rsquo;est aussi dit \u00ab\u00a0pr\u00eat \u00e0 discuter mesure par mesure\u00a0\u00bb.<\/p>\n<p>Il pr\u00e9cise toutefois \u00eatre pr\u00eat \u00ab\u00a0\u00e0 discuter sur tous les sujets sauf sur un: l\u2019effort qu\u2019on doit faire pour sortir du surendettement\u00a0\u00bb. Merci de nous avoir suivis sur BFMTV.com.<\/p>\n<p>Hier \u00e0 22h47<\/p>\n<p>\u00c9ric Coquerel d\u00e9nonce \u00ab\u00a0le catastrophisme\u00a0\u00bb de Fran\u00e7ois Bayrou sur la situation financi\u00e8re de la France<\/p>\n<p>Le d\u00e9put\u00e9 insoumis \u00c9ric Coquerel sur BFMTV d\u00e9nonce sur BFMTV \u00ab\u00a0le catastrophisme\u00a0\u00bb de Fran\u00e7ois Bayrou sur la situation financi\u00e8re du pays. Pour le pr\u00e9sident de la commission des finances \u00e0 l&rsquo;Assembl\u00e9e nationale, \u00ab\u00a0les taux d&rsquo;int\u00e9r\u00eats n&rsquo;explosent pas\u00a0\u00bb et \u00ab\u00a0la France est encore un placement s\u00fbr\u00a0\u00bb.<\/p>\n<blockquote class=\"embed embed_quote\"><p>\u00ab\u00a0La politique men\u00e9e depuis 2017, et plus encore depuis deux ans, est en train d&rsquo;aggraver la situation \u00e9conomique et de cr\u00e9er le chaos. C&rsquo;est \u00e7a qu&rsquo;il faut arr\u00eater de toute urgence\u00a0\u00bb, selon \u00c9ric Coquerel.<\/p><\/blockquote>\n<p>Hier \u00e0 21h52<\/p>\n<p>Marine Tondelier se dit \u00ab\u00a0extr\u00eamement choqu\u00e9e\u00a0\u00bb par la prise de parole de Fran\u00e7ois Bayrou qui \u00ab\u00a0fait perdre du temps \u00e0 tout le monde\u00a0\u00bb<\/p>\n<p>Chez nos confr\u00e8res <a href=\"https:\/\/www.tf1info.fr\/\" target=\"_blank\" class=\"external_link\" rel=\"nofollow noopener\">de LCI<\/a>, la secr\u00e9taire nationale des \u00c9cologistes Marine Tondelier se dit \u00ab\u00a0extr\u00eamement choqu\u00e9e\u00a0\u00bb par la prise de parole de Fran\u00e7ois Bayrou sur TF1 qui \u00ab\u00a0fait perdre du temps \u00e0 tout le monde\u00a0\u00bb.<\/p>\n<blockquote class=\"embed embed_quote\"><p>\u00ab\u00a0Quand on n\u2019a rien \u00e0 dire, on ne fait pas un journal t\u00e9l\u00e9vis\u00e9 pour faire perdre du temps \u00e0 tout le monde\u00a0\u00bb, estime-t-elle.<\/p><\/blockquote>\n<p>Hier \u00e0 21h26<\/p>\n<p>Ian Brossat d\u00e9plore que Fran\u00e7ois Bayrou \u00ab\u00a0demande syst\u00e9matiquement des efforts aux plus fragiles\u00a0\u00bb<\/p>\n<p>Le s\u00e9nateur communiste Ian Brossat \u00ab\u00a0ne pense pas que la prise de parole de Fran\u00e7ois Bayrou change fondamentalement les choses\u00a0\u00bb<\/p>\n<p>Il d\u00e9plore sur BFMTV que \u00ab\u00a0le logiciel\u00a0\u00bb du Premier ministre \u00ab\u00a0consiste \u00e0 demander syst\u00e9matiquement des efforts aux plus fragiles\u00a0\u00bb.<\/p>\n<p>Hier \u00e0 21h26<\/p>\n<p>Fran\u00e7ois Bayrou accuse les oppositions d&rsquo;avoir \u00e9t\u00e9 en vacances cet \u00e9t\u00e9, le RN rappelle qu&rsquo;il lui a adress\u00e9 un courrier le 25 juillet<\/p>\n<p>Le Premier ministre Fran\u00e7ois Bayrou a expliqu\u00e9 sur TF1 ne pas avoir contact\u00e9 les repr\u00e9sentants de l&rsquo;opposition <a href=\"https:\/\/www.bfmtv.com\/politique\/gouvernement\/ils-etaient-en-vacances-francois-bayrou-se-justifie-de-ne-pas-avoir-contacte-les-representants-de-l-opposition-cet-ete_AN-202508270724.html\" title=\"&quot;Ils \u00e9taient en vacances&quot;: Fran\u00e7ois Bayrou se justifie de ne pas avoir contact\u00e9 les repr\u00e9sentants de l&#039;opposition cet \u00e9t\u00e9\" class=\"internal_link\" rel=\"nofollow noopener\" target=\"_blank\">cet \u00e9t\u00e9 \u00ab\u00a0car ils \u00e9taient en vacances\u00a0\u00bb.<\/a><\/p>\n<p>Sur ses r\u00e9seaux sociaux, le groupe Rassemblement national \u00e0 l&rsquo;Assembl\u00e9e nationale rappelle que Marine Le Pen \u00ab\u00a0a adress\u00e9 un courrier \u00e0 Fran\u00e7ois Bayrou dans lequel elle demandait formellement \u00e0 \u00eatre re\u00e7ue pour discuter des arbitrages budg\u00e9taires annonc\u00e9s\u00a0\u00bb.<\/p>\n<p>\u00ab\u00a0Un courrier qui est rest\u00e9 sans r\u00e9ponse\u00a0\u00bb, d\u00e9plorent les \u00e9lus d&rsquo;extr\u00eame droite.<\/p>\n<p>Hier \u00e0 21h14<\/p>\n<p>Pour Olivier Faure, Fran\u00e7ois Bayrou est \u00ab\u00a0comptable, avec Emmanuel Macron\u00a0\u00bb du niveau de la dette<\/p>\n<p>Le Premier secr\u00e9taire du Parti socialiste Olivier Faure estime que Fran\u00e7ois Bayrou est \u00ab\u00a0comptable, avec Emmanuel Macron\u00a0\u00bb du niveau de la dette.<\/p>\n<p>Il explique que les socialistes \u00ab\u00a0pr\u00e9senteront cette semaine un autre chemin pour rompre avec cette logique qui conduit le pays \u00e0 la mis\u00e8re et \u00e0 la r\u00e9cession\u00a0\u00bb.<\/p>\n<p>Hier \u00e0 21h08<\/p>\n<p>Jean-Luc M\u00e9lenchon d\u00e9nonce \u00ab\u00a0le discours populiste\u00a0\u00bb de Fran\u00e7ois Bayrou qui \u00ab\u00a0effraie et ment\u00a0\u00bb<\/p>\n<p>Sur ses r\u00e9seaux sociaux, le fondateur de La France insoumise Jean-Luc M\u00e9lenchon d\u00e9nonce \u00ab\u00a0le discours populiste\u00a0\u00bb de Fran\u00e7ois Bayrou qui \u00ab\u00a0effraye et ment\u00a0\u00bb.<\/p>\n<p>Hier \u00e0 20h53<\/p>\n<p>Fran\u00e7ois Bayrou ne \u00ab\u00a0croit pas\u00a0\u00bb qu&rsquo;une nouvelle dissolution \u00ab\u00a0nous permettrait d&rsquo;avoir une stabilit\u00e9\u00a0\u00bb<\/p>\n<p>Sur TF1, le Premier ministre Fran\u00e7ois Bayrou dit \u00ab\u00a0ne pas croire\u00a0\u00bb qu&rsquo;une nouvelle dissolution \u00ab\u00a0nous permettrait d&rsquo;avoir une stabilit\u00e9\u00a0\u00bb.<\/p>\n<blockquote class=\"embed embed_quote\"><p>\u00ab\u00a0Est-ce qu\u2019une dissolution nouvelle nous permettrait d\u2019avoir une stabilit\u00e9, une volont\u00e9, une d\u00e9termination du pays et de ses gouvernants pour avancer? Je ne le crois pas\u00a0\u00bb, estime le chef du gouvernement sur TF1.<\/p><\/blockquote>\n<p>Hier \u00e0 20h51<\/p>\n<p>Fran\u00e7ois Bayrou \u00ab\u00a0a pris ce risque\u00a0\u00bb, car la situation est \u00ab\u00a0suffisamment grave\u00a0\u00bb<\/p>\n<p>Le Premier ministre Fran\u00e7ois Bayrou explique sur TF1 \u00ab\u00a0avoir pris ce risque\u00a0\u00bb, car la situation est \u00ab\u00a0suffisamment grave\u00a0\u00bb pour que \u00ab\u00a0le gouvernement entame sa responsabilit\u00e9\u00a0\u00bb.<\/p>\n<p>Fran\u00e7ois Bayrou se dit pr\u00eat \u00e0 \u00ab\u00a0ouvrir toutes les n\u00e9gociations n\u00e9cessaires\u00a0\u00bb, si un accord est trouv\u00e9. \u00c0 l&rsquo;inverse, si le gouvernement \u00ab\u00a0tombe\u00a0\u00bb, \u00ab\u00a0on aura dit aux Fran\u00e7ais sans la moindre ambigu\u00eft\u00e9 &lsquo;c\u2019est la vie de la Nation qui est en jeu'\u00a0\u00bb, selon le Premier ministre.<\/p>\n<p>Hier \u00e0 20h42<\/p>\n<p>Fran\u00e7ois Bayrou insiste sur la n\u00e9cessit\u00e9 \u00ab\u00a0d&rsquo;un accord\u00a0\u00bb, plut\u00f4t que \u00ab\u00a0passer en force\u00a0\u00bb<\/p>\n<p>\u00ab\u00a0Ma conviction est qu&rsquo;il faut qu&rsquo;il y ait un accord, nous ne pouvons pas passer en force\u00a0\u00bb, estime Fran\u00e7ois Bayrou chez nos confr\u00e8res de TF1.<\/p>\n<p>Hier \u00e0 20h40<\/p>\n<p>Fran\u00e7ois Bayrou d\u00e9nonce \u00ab\u00a0l&rsquo;assemblage\u00a0\u00bb entre LFI, le RN et le PS alors \u00ab\u00a0qu&rsquo;ils sont antagonistes sur tous les sujets\u00a0\u00bb<\/p>\n<p>Le Premier ministre Fran\u00e7ois Bayrou d\u00e9nonce sur TF1 \u00ab\u00a0l&rsquo;assemblage\u00a0\u00bb entre LFI, le RN et le PS alors \u00ab\u00a0qu&rsquo;ils sont antagonistes sur tous les sujets\u00a0\u00bb.<\/p>\n<blockquote class=\"embed embed_quote\"><p>\u00ab\u00a0C\u2019est cet assemblage-l\u00e0 qui dit: &lsquo;nous allons renverser le gouvernement&rsquo;. Est-ce que c\u2019est bien pour la France?\u00a0\u00bb, s&rsquo;interroge le chef du gouvernement.<\/p><\/blockquote>\n<p>Ce dernier invite \u00ab\u00a0les parlementaires \u00e0 r\u00e9fl\u00e9chir\u00a0\u00bb \u00e0 \u00ab\u00a0l&rsquo;addition des voix\u00a0\u00bb entre \u00ab\u00a0l&rsquo;extr\u00eame droite et l&rsquo;extr\u00eame gauche\u00a0\u00bb.<\/p>\n<p>Hier \u00e0 20h39<\/p>\n<p>Fran\u00e7ois Bayrou se dit \u00ab\u00a0pr\u00eat \u00e0 discuter mesure par mesure\u00a0\u00bb<\/p>\n<p>Sur TF1, Fran\u00e7ois Bayrou se dit \u00ab\u00a0pr\u00eat \u00e0 discuter mesure par mesure\u00a0\u00bb. Le Premier ministre pr\u00e9cise \u00eatre pr\u00eat \u00ab\u00a0\u00e0 discuter sur tous les sujets sauf sur un: l\u2019effort qu\u2019on doit faire pour sortir du surendettement\u00a0\u00bb.<\/p>\n<blockquote class=\"embed embed_quote\"><p>\u00ab\u00a0Cet effort est cons\u00e9quent\u00a0\u00bb, poursuit le chef du gouvernement.<\/p><\/blockquote>\n<p>Hier \u00e0 20h35<\/p>\n<p>Fran\u00e7ois Bayrou n&rsquo;a pas contact\u00e9 les repr\u00e9sentants de l&rsquo;opposition cet \u00e9t\u00e9 \u00ab\u00a0car ils \u00e9taient en vacances\u00a0\u00bb<\/p>\n<p>Fran\u00e7ois Bayrou n&rsquo;a pas contact\u00e9 les repr\u00e9sentants de l&rsquo;opposition cet \u00e9t\u00e9 \u00ab\u00a0car ils \u00e9taient en vacances\u00a0\u00bb. Le chef du gouvernement va recevoir les chefs de parti et pr\u00e9sidents de groupe <a href=\"https:\/\/www.bfmtv.com\/politique\/gouvernement\/francois-bayrou-va-recevoir-les-chefs-de-parti-et-presidents-de-groupe-des-lundi-une-semaine-avant-le-vote-de-confiance_AV-202508270713.html\" title=\"Fran\u00e7ois Bayrou va recevoir les chefs de parti et pr\u00e9sidents de groupe d\u00e8s lundi, une semaine avant le vote de confiance\" class=\"internal_link\" rel=\"nofollow noopener\" target=\"_blank\">ce lundi.<\/a> \u00ab\u00a0Il reste 12 jours, c\u2019est tr\u00e8s tr\u00e8s long pour parler\u00a0\u00bb, estime-t-il sur TF1.<\/p>\n<p>Hier \u00e0 20h32<\/p>\n<p>Fran\u00e7ois Bayrou estime \u00ab\u00a0ne pas pouvoir a priori aujourd&rsquo;hui obtenir la confiance\u00a0\u00bb des d\u00e9put\u00e9s<\/p>\n<p>Chez <a href=\"https:\/\/www.tf1.fr\/tf1\/direct\" target=\"_blank\" class=\"external_link\" rel=\"nofollow noopener\">nos confr\u00e8res de TF1<\/a>, le Premier ministre Fran\u00e7ois Bayrou estime qu'\u00a0\u00bbaujourd&rsquo;hui, a priori, on ne peut pas obtenir la confiance\u00a0\u00bb des d\u00e9put\u00e9s.<\/p>\n<p>Selon le chef du gouvernement, c&rsquo;est \u00ab\u00a0sur le bilan de la situation\u00a0\u00bb \u00e9conomique \u00ab\u00a0que les d\u00e9put\u00e9s doivent voter\u00a0\u00bb le 8 septembre.<\/p>\n<p>Hier \u00e0 19h07<\/p>\n<p>La d\u00e9put\u00e9e LFI Dani\u00e8le Obono estime que \u00ab\u00a0celui qui doit faire un choix politique, c&rsquo;est Emmanuel Macron\u00a0\u00bb<\/p>\n<p>Pour Dani\u00e8le Obono, d\u00e9put\u00e9e LFI de Paris, \u00ab\u00a0celui qui doit faire un choix politique, c&rsquo;est Emmanuel Macron\u00a0\u00bb.<\/p>\n<p>Elle ajoute: \u00ab\u00a0Nous sommes pr\u00eats \u00e0 aller aux \u00e9lections s&rsquo;il faut. Quel est le probl\u00e8me aujourd&rsquo;hui? Il appara\u00eet de plus en plus clairement que le probl\u00e8me c&rsquo;est un homme qui a d\u00e9cid\u00e9 de s&rsquo;asseoir sur le r\u00e9sultat des urnes, qui continue de vouloir mener la m\u00eame politique.\u00a0\u00bb<\/p>\n<p>Selon la d\u00e9put\u00e9e, \u00ab\u00a0une fois que, le 8 septembre, une majorit\u00e9 vote contre Fran\u00e7ois Bayrou, la question sera Emmanuel Macron et sa d\u00e9mission ou sa destitution\u00a0\u00bb.<\/p>\n<p>Hier \u00e0 18h44<\/p>\n<p>Mobilisation du 10 septembre: pour Bruno Retailleau, \u00ab\u00a0\u00e7a pourrait g\u00e9n\u00e9rer une grave crise financi\u00e8re\u00a0\u00bb<\/p>\n<p>Le ministre de l&rsquo;Int\u00e9rieur Bruno Retailleau estime, aupr\u00e8s <a href=\"https:\/\/www.lefigaro.fr\/politique\/la-france-n-est-pas-condamnee-au-chaos-face-a-une-rentree-explosive-bruno-retailleau-devoile-son-plan-de-bataille-20250827\" target=\"_blank\" class=\"external_link\" rel=\"nofollow noopener\">du Figaro<\/a>, qu&rsquo;une grande mobilisation le 10 septembre est \u00ab\u00a0pire que tout, parce que le pays doit avancer\u00a0\u00bb.<\/p>\n<p>Pour lui, \u00ab\u00a0si le pays devait \u00eatre bloqu\u00e9, \u00e7a pourrait g\u00e9n\u00e9rer une grave crise financi\u00e8re\u00a0\u00bb. Il en appelle donc \u00ab\u00a0\u00e0 la responsabilit\u00e9 de chacun\u00a0\u00bb et ajoute que \u00ab\u00a0la d\u00e9mocratie sociale, ce n\u2019est pas la chienlit que veulent les Insoumis\u00a0\u00bb.<\/p>\n<p>Hier \u00e0 18h41<\/p>\n<p>Le d\u00e9put\u00e9 \u00c9cologiste et social Pouria Amirshahi appelle \u00e0 ce qu&rsquo;Emmanuel Macron \u00ab\u00a0nomme quelqu&rsquo;un de gauche\u00a0\u00bb \u00e0 Matignon<\/p>\n<p>Pouria Amirshahi, d\u00e9put\u00e9 \u00c9cologiste et social, appelle \u00e0 ce qu&rsquo;Emmanuel Macron \u00ab\u00a0nomme quelqu&rsquo;un de gauche\u00a0\u00bb \u00e0 Matignon. \u00ab\u00a0Quand au lendemain des \u00e9lections, le pr\u00e9sident de la R\u00e9publique d\u00e9cide continuer \u00e0 gouverner comme avant alors qu&rsquo;il subit un d\u00e9saveu, le pays se trouve bloqu\u00e9.\u00a0\u00bb<\/p>\n<p>Hier \u00e0 16h30<\/p>\n<p>Fran\u00e7ois Bayrou va recevoir les chefs de parti et pr\u00e9sidents de groupe d\u00e8s lundi<\/p>\n<p>Fran\u00e7ois Bayrou va recevoir les chefs de parti et pr\u00e9sidents de groupe parlementaire \u00e0 partir de lundi prochain, a appris BFMTV de Matignon, confirmant une information du Parisien.<\/p>\n<p>Hier \u00e0 15h52<\/p>\n<p>Edouard Philippe qualifie le choix de Fran\u00e7ois Bayrou de \u00ab\u00a0pari risqu\u00e9\u00a0\u00bb et craint une dissolution \u00ab\u00a0in\u00e9luctable\u00a0\u00bb<\/p>\n<p>Edouard Philippe estime que Fran\u00e7ois Bayrou a fait un \u00ab\u00a0pari risqu\u00e9\u00a0\u00bb en sollicitant un vote de confiance des d\u00e9put\u00e9s.<\/p>\n<blockquote class=\"embed embed_quote\"><p>\u00ab\u00a0Je crains que la dissolution, si la confiance n&rsquo;est pas vot\u00e9e, finisse par devenir in\u00e9luctable\u00a0\u00bb, a-t-il ajout\u00e9.<\/p><\/blockquote>\n<p>L&rsquo;ancien Premier ministre a qualifi\u00e9 de \u00ab\u00a0tr\u00e8s juste\u00a0\u00bb le constat du chef du gouvernement sur l&rsquo;\u00e9tat des finances publiques. \u00ab\u00a0Il faut r\u00e9duire le d\u00e9ficit\u00a0\u00bb, a-t-il insist\u00e9.<\/p>\n<p>Le chef du parti Horizons a \u00e9galement annonc\u00e9 que ses d\u00e9put\u00e9s \u00ab\u00a0voteront la confiance\u00a0\u00bb \u00e0 Fran\u00e7ois Bayrou.<\/p>\n<p>Hier \u00e0 15h09<\/p>\n<p>Tondelier estime que \u00ab\u00a0la question\u00a0\u00bb de la destitution d&rsquo;Emmanuel Macron \u00ab\u00a0se posera\u00a0\u00bb s&rsquo;il ne nomme pas un Premier ministre de gauche<\/p>\n<p>\u00ab\u00a0Si (Emmanuel Macron) continue de plonger le pays dans l&rsquo;instabilit\u00e9 en refusant de nous nommer, la question de sa destitution\u00a0se\u00a0posera\u00a0\u00bb, d\u00e9clare dans une vid\u00e9o publi\u00e9e sur X Marine Tondelier.<\/p>\n<p>La cheffe des Ecologistes appelle \u00e0 \u00ab\u00a0pr\u00e9parer ensemble une alternative de gauche et \u00e9cologiste\u00a0\u00bb en cas de dissolution de l&rsquo;Assembl\u00e9e.<\/p>\n<p>Hier \u00e0 14h56<\/p>\n<p>Le pr\u00e9sident du Medef appelle les politiques \u00e0 \u00ab\u00a0d\u00e9passer leurs rivalit\u00e9s\u00a0\u00bb<\/p>\n<p>\u00ab\u00a0Les d\u00e9cideurs politiques doivent d\u00e9passer leurs rivalit\u00e9s mais \u00e7a n&rsquo;en prend pas le chemin\u00a0\u00bb, lance le pr\u00e9sident du Medef Patrick Martin \u00e0 l&rsquo;ouverture de la 7e Rencontre des entrepreneurs de France.<\/p>\n<p>Le repr\u00e9sentant des patrons fran\u00e7ais s&rsquo;est dit \u00ab\u00a0constern\u00e9\u00a0\u00bb par \u00ab\u00a0les premi\u00e8res r\u00e9actions politiques\u00a0\u00bb \u00e0 l&rsquo;annonce par le Premier ministre Fran\u00e7ois Bayrou qu&rsquo;il se soumettrait le 8 septembre \u00e0 un vote de confiance \u00e0 l&rsquo;Assembl\u00e9e nationale. Elles \u00ab\u00a0surajoutent \u00e0 notre inqui\u00e9tude et nous \u00e9loignent de l&rsquo;acte offensif indispensable au r\u00e9tablissement de notre pays\u00a0\u00bb, a-t-il lanc\u00e9.<\/p>\n<p>Patrick Martin a aussi mis en garde contre la tentation de surtaxer les plus riches, une mesure r\u00e9clam\u00e9e par la gauche et envisag\u00e9e par Fran\u00e7ois Bayrou. \u00ab\u00a0On ne peut pas appeler \u00e0 plus de production le matin, et taxer encore plus les actionnaires l&rsquo;apr\u00e8s-midi\u00a0\u00bb, a-t-il estim\u00e9.<\/p>\n<p>\u00ab\u00a0Je veux \u00eatre clair, quelle qu&rsquo;en soit la forme, un retour de l&rsquo;ISF serait ravageur pour notre \u00e9conomie, et nous nous y opposerons\u00a0\u00bb, a-t-il insist\u00e9.<\/p>\n<p>Hier \u00e0 12h46<\/p>\n<p>Le maire de Lyon r\u00e9clame \u00ab\u00a0un Premier ministre de l&rsquo;arc de la gauche et de l&rsquo;\u00e9cologie\u00a0\u00bb<\/p>\n<p>Sur BFMTV, le maire (Les \u00c9cologistes) de Lyon Gr\u00e9gory Doucet explique qu&rsquo;il aurait vot\u00e9 contre la confiance au Premier ministre s&rsquo;il \u00e9tait d\u00e9put\u00e9.<\/p>\n<blockquote class=\"embed embed_quote\"><p>Il juge d&rsquo;ailleurs qu&rsquo;il \u00ab\u00a0nous faut un Premier ministre de l&rsquo;arc de la gauche et de l&rsquo;\u00e9cologie\u00a0\u00bb.<\/p><\/blockquote>\n<p>Hier \u00e0 12h43<\/p>\n<p>\u00ab\u00a0Il ne faut pas se dire d\u00e9j\u00e0 vaincu\u00a0\u00bb: les mots du pr\u00e9sident de la R\u00e9publique \u00e0 ses ministres (info BFMTV)<\/p>\n<p>Alors que l&rsquo;ambiance est morose au sein de l&rsquo;\u00e9quipe gouvernementale depuis l&rsquo;annonce d&rsquo;un vote de confiance \u00e0 venir le 8 septembre prochain, qui scellera tr\u00e8s probablement l&rsquo;avenir de Fran\u00e7ois Bayrou \u00e0 Matignon, Emmanuel Macron a tenu \u00e0 remotiver les troupes ce matin.<\/p>\n<blockquote class=\"embed embed_quote\"><p>\u00ab\u00a0Il ne faut pas se dire d\u00e9j\u00e0 vaincu\u00a0\u00bb, a l\u00e2ch\u00e9 le pr\u00e9sident de la R\u00e9publique lors du conseil des ministres, selon les informations de BFMTV.<\/p><\/blockquote>\n<p>Hier \u00e0 12h36<\/p>\n<p>Le gouvernement souhaite \u00ab\u00a0reprendre les r\u00eanes de notre destin\u00e9e\u00a0\u00bb, un \u00ab\u00a0message fort aux march\u00e9s financiers\u00a0\u00bb<\/p>\n<p>Les membres du gouvernement vont \u00ab\u00a0continuer \u00e0 pousser tous les projets qui \u00e9taient les n\u00f4tres, des sujets tr\u00e8s importants qui arrivaient \u00e0 la rentr\u00e9e\u00a0\u00bb, assure Sophie Primas.<\/p>\n<blockquote class=\"embed embed_quote\"><p>\u00ab\u00a0Il faut reprendre les r\u00eanes de notre destin\u00e9e (&#8230;) c&rsquo;est un message fort aux march\u00e9s financiers\u00a0\u00bb, assure la porte-parole du gouvernement.<\/p><\/blockquote>\n<p>Hier \u00e0 12h33<\/p>\n<p>\u00ab\u00a0Ni d\u00e9ni de r\u00e9alit\u00e9 ni catastrophisme\u00a0\u00bb: Emmanuel Macron met les partis politiques face \u00e0 leur \u00ab\u00a0responsabilit\u00e9\u00a0\u00bb<\/p>\n<p>Selon la porte-parole du gouvernement, Sophie Primas, le chef de l&rsquo;\u00c9tat \u00ab\u00a0n\u2019a pas repris le mot du chaos, il souhaite en revanche reprendre le terme de responsabilit\u00e9 en disant \u00e0 l\u2019ensemble des partis politiques qu\u2019\u00eatre d\u2019accord avec un constat c\u2019est une responsabilit\u00e9\u00a0\u00bb.<\/p>\n<blockquote class=\"embed embed_quote\"><p>\u00ab\u00a0Ni d\u00e9ni de r\u00e9alit\u00e9, ni catastrophisme\u00a0\u00bb, a martel\u00e9 cette derni\u00e8re lors de son point presse apr\u00e8s la conseil des ministres.<\/p><\/blockquote>\n<p>Hier \u00e0 12h30<\/p>\n<p>\u00ab\u00a0Il n&rsquo;a pas \u00e9t\u00e9 question de sc\u00e9nario post 8 septembre\u00a0\u00bb lors du conseil des ministres assure Sophie Primas<\/p>\n<p>La porte-parole du gouvernement affirme qu&rsquo;il \u00ab\u00a0n&rsquo;a pas \u00e9t\u00e9 question de sc\u00e9nario post 8 septembre\u00a0\u00bb si la r\u00e9ponse de l&rsquo;Assembl\u00e9e nationale est n\u00e9gative et qu&rsquo;elle ne vote pas la confiance au Premier ministre.<\/p>\n<blockquote class=\"embed embed_quote\"><p>\u00ab\u00a0On a beaucoup parler de combativit\u00e9, de convaincre\u00a0\u00bb, assure Sophie Primas.<\/p><\/blockquote>\n<p>Hier \u00e0 12h27<\/p>\n<p>Le gouvernement \u00ab\u00a0est \u00e9videmment combatif\u00a0\u00bb assure Sophie Primas<\/p>\n<p>Selon la porte-parole du gouvernement, l&rsquo;ex\u00e9cutif \u00ab\u00a0est \u00e9videmment combatif\u00a0\u00bb malgr\u00e9 la menace de sa chute.<\/p>\n<p>\u00ab\u00a0Il ne s&rsquo;agit pas des personnes de ce gouvernement, il s&rsquo;agit d&rsquo;un enjeu qui nous d\u00e9passe et qui a attrait \u00e0 la souverainet\u00e9 et \u00e0 la solidit\u00e9 de notre pays, dans un moment o\u00f9 il y a des crises et une conjonction de crise assez importante\u00a0\u00bb, explique Sophie Primas.<\/p>\n<p>Hier \u00e0 12h23<\/p>\n<p>Emmanuel Macron apporte son \u00ab\u00a0soutien total\u00a0\u00bb \u00e0 la \u00ab\u00a0d\u00e9marche\u00a0\u00bb de Fran\u00e7ois Bayrou, selon la porte-parole du gouvernement<\/p>\n<p>Sophie Primas assure lors du point presse suivant le conseil des ministres que le pr\u00e9sident de la R\u00e9publique a apport\u00e9 son \u00ab\u00a0soutien total\u00a0\u00bb \u00e0 la \u00ab\u00a0d\u00e9marche\u00a0\u00bb de Fran\u00e7ois Bayrou, \u00ab\u00a0selon laquelle il faut qu&rsquo;on se mette d&rsquo;accord sur la n\u00e9cessit\u00e9 de retrouver une trajectoire des finances publiques plus conforme avec l&rsquo;id\u00e9e que nous nous faisons de notre souverainet\u00e9 budg\u00e9taire\u00a0\u00bb.<\/p>\n<p>Pour l&rsquo;heure, aucune prise de parole officielle devant les Fran\u00e7ais n&rsquo;est pr\u00e9vue.<\/p>\n<p>Hier \u00e0 12h19<\/p>\n<p>\u00ab\u00a0C&rsquo;est un vote de lucidit\u00e9\u00a0\u00bb: Emmanuel Macron apporte son soutien \u00e0 Fran\u00e7ois Bayrou<\/p>\n<p>Le pr\u00e9sident de la R\u00e9publique a d\u00e9clar\u00e9 lors du conseil des ministres que la confiance qui devra \u00eatre accord\u00e9e ou non \u00e0 Fran\u00e7ois Bayrou et son gouvernement \u00ab\u00a0est un vote de lucidit\u00e9 et de responsabilit\u00e9\u00a0\u00bb.<\/p>\n<blockquote class=\"embed embed_quote\"><p>\u00ab\u00a0Nous ne devons \u00eatre ni dans le d\u00e9ni ni dans le catastrophisme. Nous avons r\u00e9ussi \u00e0 redresser les finances publiques entre 2017 et 2019, tout en cr\u00e9ant des emplois et en baissant les imp\u00f4ts. Le d\u00e9fi peut-\u00eatre relev\u00e9\u00a0\u00bb, assure Emmanuel Macron.<\/p><\/blockquote>\n<p>Le chef de l&rsquo;\u00c9tat a aussi confi\u00e9 \u00e0 ses ministres que \u00ab\u00a0c&rsquo;est un vote sur le constat, et sur les principes, ce n\u2019est pas un vote sur le budget et cela donne la possibilit\u00e9 ensuite de n\u00e9gociations.\u00a0\u00bb<\/p>\n<p>Hier \u00e0 12h12<\/p>\n<p>Sophie Primas pr\u00f4ne que \u00ab\u00a0la raison\u00a0\u00bb de chaque parlementaire l&#8217;emporte \u00ab\u00a0sur les postures politiciennes\u00a0\u00bb<\/p>\n<p>La porte-parole du gouvernement pr\u00f4ne que \u00ab\u00a0la raison\u00a0\u00bb de chaque parlementaire l&#8217;emporte \u00ab\u00a0sur les postures politiciennes\u00a0\u00bb dans les discussions autour du budget.<\/p>\n<blockquote class=\"embed embed_quote\"><p>\u00ab\u00a0L&rsquo;enjeu du vote du 8 septembre (&#8230;) est &lsquo;sommes-nous pr\u00eats \u00e0 agir ensemble pour la France et les Fran\u00e7ais\u00a0\u00bb, estime cette derni\u00e8re.<\/p><\/blockquote>\n<p>Sophie Primas r\u00e9affirme que les mesures propos\u00e9es par le gouvernement sont \u00ab\u00a0tr\u00e8s largement amendables et modifiables\u00a0\u00bb.<\/p>\n<p>Hier \u00e0 11h47<\/p>\n<p>Fin du conseil des ministres, l&rsquo;ex\u00e9cutif quitte le palais de l&rsquo;\u00c9lys\u00e9e<\/p>\n<p>Apr\u00e8s environ 1h45, le conseil des ministres est termin\u00e9 et ses membres sont en train de quitter le palais de l&rsquo;\u00c9lys\u00e9e.<\/p>\n<p>La porte-parole du gouvernement va prendre la parole dans quelques instants pour son compte-rendu.<\/p>\n<p>Hier \u00e0 11h45<\/p>\n<p>\u00ab\u00a0Un plan Bayrou ni fait ni \u00e0 faire\u00a0\u00bb, Henri Guaino d\u00e9nonce le racket et l&rsquo;escroquerie des Fran\u00e7ais<\/p>\n<p>L&rsquo;ancien conseiller sp\u00e9cial de Nicolas Sarkozy \u00e0 l&rsquo;\u00c9lys\u00e9e estime sur BFMTV le budget 2026 actuel comme \u00ab\u00a0un plan Bayrou ni fait ni \u00e0 faire\u00a0\u00bb.<\/p>\n<blockquote class=\"embed embed_quote\"><p>\u00ab\u00a0Vous croyez vraiment qu&rsquo;on r\u00e9soudre les probl\u00e8mes de la France en rackettant les malades, en escroquant les retrait\u00e9s? On tape sur ceux qui travaillent, on tape sur ceux qui ont travaill\u00e9\u00a0\u00bb, fustige l&rsquo;ancien d\u00e9put\u00e9.<\/p><\/blockquote>\n<p>Hier \u00e0 11h31<\/p>\n<p>En cas de dissolution, LFI proposera \u00ab\u00a0des candidatures uniques\u00a0\u00bb avec ceux \u00ab\u00a0qui sont rest\u00e9s fid\u00e8les au programme du NFP\u00a0\u00bb<\/p>\n<p>La pr\u00e9sidente du groupe insoumis \u00e0 l\u2019Assembl\u00e9e nationale a indiqu\u00e9 hier soir dans un entretien \u00e0 <a href=\"https:\/\/www.mediapart.fr\/journal\/politique\/260825\/mathilde-panot-il-n-y-qu-une-gauche-de-rupture-qui-puisse-battre-l-extreme-droite\" target=\"_blank\" class=\"external_link\" rel=\"nofollow noopener\">Mediapart<\/a> qu&rsquo;en cas de dissolution les Insoumis proposeront \u00ab\u00a0des candidatures uniques avec toutes celles et ceux qui ont voulu censurer la politique de Macron et qui sont rest\u00e9s fid\u00e8les au programme du NFP\u00a0\u00bb.<\/p>\n<blockquote class=\"embed embed_quote\"><p>\u00ab\u00a0Il n\u2019y a qu\u2019une gauche de rupture qui puisse battre l\u2019extr\u00eame droite\u00a0\u00bb, avance Mathilde Panot.<\/p><\/blockquote>\n<p>Hier \u00e0 11h09<\/p>\n<p>Le conseil des ministres se poursuit, la valse des potentiels successeurs \u00e0 Matignon a d\u00e9but\u00e9<\/p>\n<p>Depuis environ une heure, le conseil des ministres a d\u00e9but\u00e9 au palais de l&rsquo;\u00c9lys\u00e9e autour d&rsquo;Emmanuel Macron et Fran\u00e7ois Bayrou.<\/p>\n<p>Mais en coulisse, alors que le d\u00e9part forc\u00e9 de ce dernier est de plus en plus probable, les premiers noms du successeur du locataire de Matignon commencent \u00e0 \u00eatre \u00e9gren\u00e9s: S\u00e9bastien Lecornu, G\u00e9rald Darmanin ou encore Bruno Retailleau.<\/p>\n<p>Hier \u00e0 09h47<\/p>\n<p>Le patron du Medef oppos\u00e9 \u00e0 la suppression de deux jours f\u00e9ri\u00e9s et trouve \u00ab\u00a0choquant de dire &lsquo;vous allez travailler plus sans \u00eatre pay\u00e9 plus'\u00a0\u00bb<\/p>\n<p>S&rsquo;il assure \u00eatre conscient qu&rsquo;il faut \u00ab\u00a0travailler plus\u00a0\u00bb, le pr\u00e9sident du Medef assure ce matin sur France info \u00eatre oppos\u00e9 \u00e0 la suppression de deux jours f\u00e9ri\u00e9s \u00e9voqu\u00e9e par Fran\u00e7ois Bayrou.<\/p>\n<blockquote class=\"embed embed_quote\"><p>\u00ab\u00a0C\u2019est vrai que c\u2019est choquant de dire \u00e0 des salari\u00e9s &lsquo;vous allez travailler plus sans \u00eatre pay\u00e9 plus'\u00a0\u00bb, juge Patrick Martin.<\/p><\/blockquote>\n<p>Hier \u00e0 09h02<\/p>\n<p>En cas de dissolution de l&rsquo;Assembl\u00e9e, Boris Vallaud ne juge \u00ab\u00a0pas concevable\u00a0\u00bb un accord entre le PS et LFI<\/p>\n<p>Le chef des d\u00e9put\u00e9s socialistes Boris Vallaud estime dans <strong><a href=\"https:\/\/www.liberation.fr\/politique\/boris-vallaud-la-logique-voudrait-que-le-president-de-la-republique-laisse-sa-chance-a-la-gauche-20250826_O2ZPFXQ7CRB3LKGRVKIPVTQZCQ\/\" target=\"_blank\" class=\"external_link\" rel=\"nofollow noopener\">Lib\u00e9ration<\/a><\/strong> qu&rsquo;un accord programmatique entre le PS et LFI tel que celui n\u00e9goci\u00e9 avec le NFP en 2024 n&rsquo;est \u00ab\u00a0pas concevable\u00a0\u00bb en cas de dissolution de l&rsquo;Assembl\u00e9e nationale.<\/p>\n<p>\u00ab\u00a0Vu les d\u00e9saccords importants avec La France insoumise\u00a0\u00bb, qui a notamment scand\u00e9 lors de ses universit\u00e9s d&rsquo;\u00e9t\u00e9 \u00e0 Ch\u00e2teauneuf-sur-Is\u00e8re (Dr\u00f4me) \u00ab\u00a0tout le monde d\u00e9teste le PS\u00a0\u00bb, \u00ab\u00a0un accord programmatique tel qu&rsquo;on a pu le conna\u00eetre l&rsquo;ann\u00e9e derni\u00e8re ne para\u00eet pas concevable\u00a0\u00bb, juge le patron des Socialistes au palais Bourbon.<\/p>\n<p>&gt;&gt; <a href=\"https:\/\/www.bfmtv.com\/politique\/parti-socialiste\/vote-de-confiance-en-cas-de-dissolution-de-l-assemblee-boris-vallaud-ne-juge-pas-concevable-un-accord-entre-le-ps-et-lfi_AD-202508270247.html\" title=\"Vote de confiance: en cas de dissolution de l&#039;Assembl\u00e9e, Boris Vallaud ne juge &quot;pas concevable&quot; un accord entre le PS et LFI\" class=\"internal_link\" rel=\"nofollow noopener\" target=\"_blank\">Lire l&rsquo;article<\/a> en int\u00e9gralit\u00e9<\/p>\n<p>Hier \u00e0 08h51<\/p>\n<p>\u00ab\u00a0Je me battrai jusqu&rsquo;au bout\u00a0\u00bb assure la ministre du Travail<\/p>\n<p>Alors que la chute du gouvernement Bayrou semble in\u00e9vitable le 8 septembre prochain, Catherine Vautrin avance qu&rsquo;elle se battra \u00ab\u00a0jusqu&rsquo;au bout\u00a0\u00bb.<\/p>\n<p>Hier \u00e0 08h46<\/p>\n<p>\u00ab\u00a0C&rsquo;est un des \u00e9l\u00e9ments de la copie, mais pas le seul\u00a0\u00bb: Catherine Vautrin pas oppos\u00e9e \u00e0 une participation des tr\u00e8s haut revenus<\/p>\n<p>Demander un effort aux plus hauts revenus? La ministre du Travail consid\u00e8re que \u00ab\u00a0l&rsquo;effort doit \u00eatre fait par tout le monde\u00a0\u00bb sur BFMTV-RMC.<\/p>\n<blockquote class=\"embed embed_quote\"><p>\u00ab\u00a0Vous ne r\u00e9glerez pas le probl\u00e8me uniquement avec les tr\u00e8s haut revenus (&#8230;) C&rsquo;est un des \u00e9l\u00e9ments de la copie, mais pas le seul\u00a0\u00bb, estime la ministre.<\/p><\/blockquote>\n<p>Hier \u00e0 08h42<\/p>\n<p>La ministre du Travail \u00ab\u00a0n&rsquo;\u00e9tait pas au courant\u00a0\u00bb de la d\u00e9cision prise par Fran\u00e7ois Bayrou<\/p>\n<p>Catherine Vautrin, la ministre du Travail, assure sur l&rsquo;antenne de BFMTV-RMC qu&rsquo;elle a d\u00e9couvert l&rsquo;id\u00e9e du vote de confiance par Fran\u00e7ois Bayrou au moment de son discours.<\/p>\n<blockquote class=\"embed embed_quote\"><p>\u00ab\u00a0Je n&rsquo;\u00e9tais pas au courant, aucun membre du gouvernement \u00e0 ma connaissance n&rsquo;\u00e9taient au courant\u00a0\u00bb, explique la membre du gouvernement.<\/p><\/blockquote>\n<p>\u00ab\u00a0Tout est toujours possible\u00a0\u00bb, estime la ministre qui est \u00ab\u00a0pr\u00eate \u00e0 discuter de chaque\u00a0\u00bb \u00e9l\u00e9ment de ce budget.<\/p>\n<p>Hier \u00e0 08h10<\/p>\n<p>Fran\u00e7ois Ruffin estime qu&rsquo;Emmanuel Macron est \u00ab\u00a0l&rsquo;homme du chaos\u00a0\u00bb<\/p>\n<p>\u00ab\u00a0L&rsquo;homme du chaos, c&rsquo;est Emmanuel Macron\u00a0\u00bb, l\u00e2che le d\u00e9put\u00e9 Fran\u00e7ois Ruffin sur RTL.<\/p>\n<p>\u00ab\u00a0Un chaos social install\u00e9 avec les gilets jaunes, les r\u00e9formes sur les retraites, un chaos budg\u00e9taire\u00a0\u00bb, ou encore \u00ab\u00a0un chaos politique\u00a0\u00bb, avec \u00ab\u00a0une dissolution improvis\u00e9e\u00a0\u00bb, liste l&rsquo;ancien insoumis qui si\u00e8ge d\u00e9sormais avec les \u00e9cologistes \u00e0 l&rsquo;Assembl\u00e9e nationale.<\/p>\n<p>\u00ab\u00a0L&rsquo;honneur r\u00e9clamerait qu&rsquo;il pose sa d\u00e9mission, qu&rsquo;\u00e9ventuellement il se pr\u00e9sente \u00e0 nouveau devant les Fran\u00e7ais pour r\u00e9clamer leur confiance\u00a0\u00bb, estime encore Fran\u00e7ois Ruffin.<\/p>\n<p>Hier \u00e0 08h03<\/p>\n<p>Gabriel Attal \u00ab\u00a0ne croit pas\u00a0\u00bb qu&rsquo;une nouvelle dissolution puisse clarifier la situation politique fran\u00e7aise<\/p>\n<p>L&rsquo;ancien Premier ministre Gabriel Attal \u00ab\u00a0ne croit pas\u00a0\u00bb qu&rsquo;une nouvelle dissolution de l&rsquo;Assembl\u00e9e nationale puisse clarifier ou stabiliser la situation politique fran\u00e7aise.<\/p>\n<blockquote class=\"embed embed_quote\"><p>\u00ab\u00a0Si on se demande chaque ann\u00e9e s&rsquo;il faut que les Fran\u00e7ais revotent, c&rsquo;est peut-\u00eatre que le probl\u00e8me ne vient pas d&rsquo;eux pas de l&rsquo;Assembl\u00e9e. Ce n&rsquo;est pas aux Fran\u00e7ais de r\u00e9gler les probl\u00e8mes de l&rsquo;Assembl\u00e9e\u00a0\u00bb, juge le secr\u00e9taire g\u00e9n\u00e9ral de Renaissance.<\/p><\/blockquote>\n<p>Hier \u00e0 08h00<\/p>\n<p>Gabriel Attal consid\u00e8re qu'\u00a0\u00bbil y a toujours un chemin\u00a0\u00bb pour obtenir un budget<\/p>\n<p>La n\u00e9gociation est-elle toujours d&rsquo;actualit\u00e9? \u00ab\u00a0Il y a toujours un chemin\u00a0\u00bb, assure Gabriel Attal qui veut \u00ab\u00a0se battre\u00a0\u00bb en discuttant avec l&rsquo;ensemble des forces politiques.<\/p>\n<p>\u00ab\u00a0Il faut qu&rsquo;on s&rsquo;y mette tous\u00a0\u00bb, assure la patron des d\u00e9put\u00e9s Renaissance.<\/p>\n<p>Hier \u00e0 07h57<\/p>\n<p>Le \u00ab\u00a0moteur France est en surchauffe\u00a0\u00bb estime Gabriel Attal<\/p>\n<p>Face \u00e0 \u00ab\u00a0un mod\u00e8le d\u00e9pass\u00e9\u00a0\u00bb, le \u00ab\u00a0moteur France est en surchauffe\u00a0\u00bb estime sur France Inter Gabriel Attal.<\/p>\n<blockquote class=\"embed embed_quote\"><p>\u00ab\u00a0On veut faire tourner le pays de 2025 avec un mod\u00e8le issu de 1945\u00a0\u00bb, s&rsquo;interroge l&rsquo;ancien Premier ministre<\/p><\/blockquote>\n<p>Hier \u00e0 07h54<\/p>\n<p>Les d\u00e9put\u00e9s Renaissance voteront pour la confiance au Premier ministre<\/p>\n<p>Sur <a href=\"https:\/\/www.radiofrance.fr\/franceinter\" target=\"_blank\" class=\"external_link\" rel=\"nofollow noopener\">France Inter<\/a>, Gabriel Attal r\u00e9affirme que les d\u00e9put\u00e9s Renaissance voteront la confiance au gouvernement de Fran\u00e7ois Bayrou le 8 septembre.<\/p>\n<p>Hier \u00e0 07h49<\/p>\n<p>La d\u00e9cision de Fran\u00e7ois Bayrou \u00e9tait \u00ab\u00a0\u00e9trange et inattendue\u00a0\u00bb selon la porte-parole du gouvernement<\/p>\n<p>Si elle assure que le gouvernement ne cherche pas \u00ab\u00a0\u00e0 mettre la panique en France\u00a0\u00bb, la porte-parole de l&rsquo;ex\u00e9cutif rappelle quand m\u00eame sur TF1 que la chute du gouvernement Barnier \u00ab\u00a0nous a co\u00fbt\u00e9 12 milliards et on en cherche 44 aujourd&rsquo;hui, alors que les taux d&rsquo;int\u00e9r\u00eats \u00e9taient inf\u00e9rieurs \u00e0 ce qu&rsquo;ils sont aujourd&rsquo;hui\u00a0\u00bb.<\/p>\n<p>La d\u00e9cision de Fran\u00e7ois Bayrou est d&rsquo;ailleurs jug\u00e9e comme \u00ab\u00a0\u00e9trange et inattendue\u00a0\u00bb par la porte-parole du gouvernement<\/p>\n<p>Hier \u00e0 07h46<\/p>\n<p>Sophie Primas \u00ab\u00a0ne fait pas de politique fiction\u00a0\u00bb et botte en touche sur une nouvelle dissolution<\/p>\n<p>Sophie Primas, porte-parole du gouvernement, botte ce matin en touche sur TF1 concernant la possibilit\u00e9 de redonner la parole aux Fran\u00e7ais avec une nouvelle dissolution de l&rsquo;Assembl\u00e9e nationale, r\u00e9clam\u00e9e par l&rsquo;opposition.<\/p>\n<blockquote class=\"embed embed_quote\"><p>\u00ab\u00a0Je ne balaie rien du tout, je ne fais pas de politique fiction. Toute l&rsquo;expression des partis politiques est possible (&#8230;) La libert\u00e9 de parole dans ce pays est pr\u00e9serv\u00e9e\u00a0\u00bb, assure cette derni\u00e8re.<\/p><\/blockquote>\n<p>Selon elle, le gouvernement reste concentr\u00e9 sur une mission: \u00ab\u00a0convaincre les Fran\u00e7ais\u00a0\u00bb et leur expliquer que la \u00ab\u00a0situation est difficile budg\u00e9tairement (&#8230;) on arrive au pied du mur\u00a0\u00bb.<\/p>\n<p>\u00ab\u00a0Si moi je n&rsquo;y crois pas, qui y croit?\u00a0\u00bb, interpelle la porte-parole de l&rsquo;ex\u00e9cutif.<\/p>\n<p>Hier \u00e0 07h35<\/p>\n<p>\u00ab\u00a0Bayrou pr\u00e9pare d\u00e9j\u00e0 son Pau de d\u00e9part\u00a0\u00bb, ironise sur sa Une le Canard encha\u00een\u00e9<\/p>\n<p>Op\u00e9ration \u00ab\u00a0Hari-kiri\u00a0\u00bb, \u00ab\u00a0vote de confiance perdu d&rsquo;avance\u00a0\u00bb&#8230; Le Canard encha\u00een\u00e9 tacle aujourd&rsquo;hui avec un jeu de mots le Premier ministre sur sa Une.<\/p>\n<blockquote class=\"embed embed_quote\"><p>\u00ab\u00a0Bayrou pr\u00e9pare d\u00e9j\u00e0 son Pau de d\u00e9part!\u00a0\u00bb, ironise le journal satirique.<\/p><\/blockquote>\n<p>Hier \u00e0 07h19<\/p>\n<p>Boris Vallaud estime que \u00ab\u00a0la logique voudrait que le pr\u00e9sident de la R\u00e9publique laisse sa chance \u00e0 la gauche\u00a0\u00bb<\/p>\n<p>Dans un entretien au journal <a href=\"https:\/\/www.liberation.fr\/politique\/boris-vallaud-la-logique-voudrait-que-le-president-de-la-republique-laisse-sa-chance-a-la-gauche-20250826_O2ZPFXQ7CRB3LKGRVKIPVTQZCQ\/\" target=\"_blank\" class=\"external_link\" rel=\"nofollow noopener\">Lib\u00e9ration<\/a>, le pr\u00e9sident du groupe socialiste \u00e0 l\u2019Assembl\u00e9e nationale r\u00e9it\u00e8re son appel \u00e0 \u00ab\u00a0changer de Premier ministre\u00a0\u00bb face \u00e0 \u00ab\u00a0l\u2019\u00e9chec d\u2019une politique d\u00e9savou\u00e9e par les \u00e9lecteurs il y a un an\u00a0\u00bb.<\/p>\n<blockquote class=\"embed embed_quote\"><p>\u00ab\u00a0La logique voudrait que le pr\u00e9sident de la R\u00e9publique laisse sa chance \u00e0 la gauche, mais Emmanuel Macron nous a montr\u00e9 \u00e0 quel point il est impr\u00e9visible\u00a0\u00bb, juge Boris Vallaud.<\/p><\/blockquote>\n<p>Hier \u00e0 07h07<\/p>\n<p>Fran\u00e7ois Bayrou inqui\u00e8te les entrepreneurs<\/p>\n<p>En raison de contrats publics gel\u00e9s dans l&rsquo;attente de l&rsquo;\u00e9volution de la situation politique, les entrepreneurs sont inquiets.<\/p>\n<p>\u00ab\u00a0Pour nous, cabinets de conseils, quand on a des gels de projets c&rsquo;est chiffre d&rsquo;affaires en moins imm\u00e9diatement (&#8230;) \u00e7a pourrait certainement d\u00e9boucher sur des plans de licenciement et des plans sociaux\u00a0\u00bb<\/p>\n<p>Hier \u00e0 06h38<\/p>\n<p>Un conseil des ministres plong\u00e9 dans l&rsquo;incertitude<\/p>\n<p>\u00c0 peine rentr\u00e9, d\u00e9j\u00e0 parti? Le gouvernement se r\u00e9unit pour la premi\u00e8re fois depuis la rentr\u00e9e politique \u00e0 10 heures ce matin pour le conseil des ministres au palais de l&rsquo;\u00c9lys\u00e9e.<\/p>\n<p>Retour de vacances agit\u00e9: les membres de l&rsquo;ex\u00e9cutif se retrouvent deux jours apr\u00e8s l&rsquo;annonce par le Premier ministre Fran\u00e7ois Bayrou qu&rsquo;il engagera le 8 septembre devant l&rsquo;Assembl\u00e9e nationale la responsabilit\u00e9 de son gouvernement sur l&rsquo;endettement de la France et le cap budg\u00e9taire \u00e0 fixer pour 2026.<\/p>\n<p>Pour que Fran\u00e7ois Bayrou puisse demander la confiance de l&rsquo;Assembl\u00e9e, une d\u00e9lib\u00e9ration du conseil des ministres est n\u00e9cessaire.<\/p>\n<p>La porte-parole du gouvernement Sophie Primas tiendra sa traditionnelle conf\u00e9rence de presse en fin de matin\u00e9e \u00e0 l&rsquo;issue du Conseil.<\/p>\n<p>Hier \u00e0 06h15<\/p>\n<p>SONDAGE BFMTV. Plus de 7 Fran\u00e7ais sur 10 ne souhaitent pas que Fran\u00e7ois Bayrou obtienne le vote de confiance<\/p>\n<p>Deux jours apr\u00e8s la conf\u00e9rence de presse de Fran\u00e7ois Bayrou, plus de 7 Fran\u00e7ais sur 10 (72%) ne souhaitent pas que le Premier ministre obtienne le vote de confiance qu&rsquo;il a propos\u00e9 aux oppositions la veille, comme le r\u00e9v\u00e8le un sondage Elabe r\u00e9alis\u00e9 pour BFMTV.<\/p>\n<p>Le chef du gouvernement n&rsquo;a pas l&rsquo;opinion publique de son c\u00f4t\u00e9: seuls 27% des personnes interrog\u00e9es disent esp\u00e9rer que Fran\u00e7ois Bayrou soit maintenu en fonction par les d\u00e9put\u00e9s.<\/p>\n<p>\u00c0 rebours du discours alarmiste de l&rsquo;ex\u00e9cutif, la plupart des sond\u00e9s consid\u00e8rent que la chute du gouvernement ne serait \u00ab\u00a0pas probl\u00e9matique pour la situation \u00e9conomique et financi\u00e8re du pays\u00a0\u00bb (22%) ou que cette situation \u00ab\u00a0est d\u00e9j\u00e0 tr\u00e8s grave (et) ne peut pas \u00eatre pire\u00a0\u00bb (51%).<\/p>\n<p>&gt;&gt; <strong><a href=\"https:\/\/www.bfmtv.com\/politique\/gouvernement\/sondage-bfmtv-plus-de-7-francais-sur-10-ne-souhaitent-pas-que-francois-bayrou-obtienne-le-vote-de-confiance_AN-202508260609.html\" title=\"SONDAGE BFMTV. Plus de 7 Fran\u00e7ais sur 10 ne souhaitent pas que Fran\u00e7ois Bayrou obtienne le vote de confiance\" class=\"internal_link\" rel=\"nofollow noopener\" target=\"_blank\">Lire l&rsquo;article<\/a> <\/strong>en int\u00e9gralit\u00e9<\/p>\n<p>Hier \u00e0 06h10<\/p>\n<p>Sandrine Rousseau appelle Emmanuel Macron \u00e0 \u00ab\u00a0nommer un Premier ministre issu du NFP\u00a0\u00bb<\/p>\n<p>Sandrine Rousseau a appel\u00e9 Emmanuel Macron mardi soir sur le plateau de BFMTV \u00e0 \u00ab\u00a0respecter les urnes\u00a0\u00bb et \u00ab\u00a0nommer un Premier ministre issu du NFP\u00a0\u00bb.<\/p>\n<blockquote class=\"embed embed_quote\"><p>\u00ab\u00a0J&rsquo;attends qu&rsquo;Emmanuel Macron fasse quelque chose qui semble aujourd&rsquo;hui extraordinaire mais qui est pourtant dans l&rsquo;esprit de la Ve R\u00e9publique\u00a0\u00bb, a-t-elle ajout\u00e9.<\/p><\/blockquote>\n<p>Hier \u00e0 06h00<\/p>\n<p>\u00ab\u00a0Le chaos\u00a0\u00bb ou \u00ab\u00a0la responsabilit\u00e9\u00a0\u00bb: Fran\u00e7ois Bayrou lance un ultimatum aux Fran\u00e7ais<\/p>\n<p>Bonjour et bienvenue dans ce direct consacr\u00e9 \u00e0 l&rsquo;annonce faite par Fran\u00e7ois Bayrou d&rsquo;un vote de confiance \u00e0 l&rsquo;Assembl\u00e9e nationale le 8 septembre.<\/p>\n<p>Hier, devant l&rsquo;universit\u00e9 d&rsquo;\u00e9t\u00e9 de la CFDT, le Premier ministre a estim\u00e9 que les Fran\u00e7ais ont \u00ab\u00a013 jours\u00a0\u00bb pour choisir entre \u00ab\u00a0le chaos\u00a0\u00bb ou \u00ab\u00a0la responsabilit\u00e9\u00a0\u00bb.<\/p>\n<p>De son c\u00f4t\u00e9, le pr\u00e9sident du Rassemblement national Jordan Bardella a affirm\u00e9 que le RN <strong><a href=\"https:\/\/www.bfmtv.com\/politique\/front-national\/un-blocage-institutionnel-jordan-bardella-demande-a-emmanuel-macron-a-en-revenir-aux-urnes-soit-par-la-dissolution-soit-par-la-demission_AN-202508260739.html\" title=\"&quot;Un blocage institutionnel&quot;: Jordan Bardella appelle Emmanuel Macron \u00e0 &quot;en revenir aux urnes&quot; soit &quot;par la dissolution, soit par la d\u00e9mission&quot;\" class=\"internal_link\" rel=\"nofollow noopener\" target=\"_blank\">a demand\u00e9 \u00e0 Emmanuel Macron un \u00ab\u00a0retour aux urnes\u00a0\u00bb<\/a><\/strong> soit en pronon\u00e7ant une \u00ab\u00a0dissolution\u00a0\u00bb de l&rsquo;Assembl\u00e9e nationale, soit en remettant sa \u00ab\u00a0d\u00e9mission\u00a0\u00bb.<\/p>\n<p>Plus mesur\u00e9, le PS \u00ab\u00a0n&rsquo;esp\u00e8re pas la dissolution\u00a0\u00bb et \u00ab\u00a0n&rsquo;appelle pas \u00e0 une d\u00e9mission\u00a0\u00bb d&rsquo;Emmanuel Macron.<\/p>\n","protected":false},"excerpt":{"rendered":"Aujourd&rsquo;hui \u00e0 00h29 Le Premier ministre estime ne pas pouvoir \u00ab\u00a0aujourd&rsquo;hui, a priori\u00a0\u00bb obtenir la confiance des d\u00e9put\u00e9s&hellip;\n","protected":false},"author":2,"featured_media":349195,"comment_status":"","ping_status":"","sticky":false,"template":"","format":"standard","meta":{"footnotes":""},"categories":[1356],"tags":[58,59,1011,27,252,1364],"class_list":{"0":"post-349194","1":"post","2":"type-post","3":"status-publish","4":"format-standard","5":"has-post-thumbnail","7":"category-television","8":"tag-divertissement","9":"tag-entertainment","10":"tag-fr","11":"tag-france","12":"tag-television","13":"tag-tv"},"share_on_mastodon":{"url":"https:\/\/pubeurope.com\/@fr\/115104535289780652","error":""},"_links":{"self":[{"href":"https:\/\/www.europesays.com\/fr\/wp-json\/wp\/v2\/posts\/349194","targetHints":{"allow":["GET"]}}],"collection":[{"href":"https:\/\/www.europesays.com\/fr\/wp-json\/wp\/v2\/posts"}],"about":[{"href":"https:\/\/www.europesays.com\/fr\/wp-json\/wp\/v2\/types\/post"}],"author":[{"embeddable":true,"href":"https:\/\/www.europesays.com\/fr\/wp-json\/wp\/v2\/users\/2"}],"replies":[{"embeddable":true,"href":"https:\/\/www.europesays.com\/fr\/wp-json\/wp\/v2\/comments?post=349194"}],"version-history":[{"count":0,"href":"https:\/\/www.europesays.com\/fr\/wp-json\/wp\/v2\/posts\/349194\/revisions"}],"wp:featuredmedia":[{"embeddable":true,"href":"https:\/\/www.europesays.com\/fr\/wp-json\/wp\/v2\/media\/349195"}],"wp:attachment":[{"href":"https:\/\/www.europesays.com\/fr\/wp-json\/wp\/v2\/media?parent=349194"}],"wp:term":[{"taxonomy":"category","embeddable":true,"href":"https:\/\/www.europesays.com\/fr\/wp-json\/wp\/v2\/categories?post=349194"},{"taxonomy":"post_tag","embeddable":true,"href":"https:\/\/www.europesays.com\/fr\/wp-json\/wp\/v2\/tags?post=349194"}],"curies":[{"name":"wp","href":"https:\/\/api.w.org\/{rel}","templated":true}]}}