{"id":349196,"date":"2025-08-28T04:36:13","date_gmt":"2025-08-28T04:36:13","guid":{"rendered":"https:\/\/www.europesays.com\/fr\/349196\/"},"modified":"2025-08-28T04:36:13","modified_gmt":"2025-08-28T04:36:13","slug":"kpop-demon-hunters-un-succes-planetaire-devenu-nouvelle-arme-du-soft-power-coreen","status":"publish","type":"post","link":"https:\/\/www.europesays.com\/fr\/349196\/","title":{"rendered":"\u00abKPop Demon Hunters\u00bb: un succ\u00e8s plan\u00e9taire devenu nouvelle arme du soft power cor\u00e9en"},"content":{"rendered":"<p>    R\u00e9sum\u00e9 en 20 secondes<\/p>\n<p>        En savoir plus sur ce type de contenu<\/p>\n<p>Ce r\u00e9sum\u00e9 peut avoir \u00e9t\u00e9 \u00e9crit avec l&rsquo;assistance d\u2019une IA g\u00e9n\u00e9rative. <a href=\"https:\/\/www.letemps.ch\/cyber\/l-usage-de-l-ia-generative-par-les-journalistes-du-temps\" target=\"_blank\" rel=\"noopener\">En savoir plus<\/a><\/p>\n<p class=\"article__abstract-call-to-action\" data-ariato=\"TrackableElement\" data-trackable-element-type=\"article_abstract_cta\" data-trackable-element-location=\"article_header\" data-trackable-element-id=\"504279\">\n        <a data-event=\"click-&gt;clicked\" href=\"https:\/\/www.letemps.ch\/abonnements\" target=\"_blank\" rel=\"noopener\">Abonnez-vous<\/a> pour acc\u00e9der au r\u00e9sum\u00e9 en 20 secondes.\n      <\/p>\n<p>D\u2019un c\u00f4t\u00e9, les Huntr\/x: un trio d\u2019h\u00e9ro\u00efnes, stars de K-pop le jour, chasseuses de d\u00e9mons la nuit. De l\u2019autre, les Saja Boys: un groupe de d\u00e9mons d\u00e9guis\u00e9s en boys band pour les d\u00e9truire et voler l\u2019\u00e2me des fans. Le cadre: S\u00e9oul, capitale vibrante de la Cor\u00e9e du Sud. Sur le papier, pouvait-on imaginer que le film d\u2019animation KPop Demon Hunters deviendrait le ph\u00e9nom\u00e8ne culturel de l\u2019\u00e9t\u00e9? Avec ses plus de 236\u00a0millions de visionnages, m\u00eame Netflix ne l\u2019avait pas vu venir. Depuis sa sortie le 20\u00a0juin, K-de-hun, comme certains le surnomment, est devenu le long m\u00e9trage le plus regard\u00e9 de tous les temps.<\/p>\n<p>Au-del\u00e0 de l\u2019intrigue, c\u2019est sa bande originale qui a conquis le monde entier (3\u00a0milliards d\u2019\u00e9coutes). Golden, le titre phare des Huntr\/x, a explos\u00e9 tous les records et culmine en haut des charts am\u00e9ricain et britannique. Un girls band fictif qui \u00e9clipse ses homologues de K-pop bien r\u00e9els? On hallucine. M\u00eame les r\u00e9seaux sociaux en t\u00e9moignent: TikTok, Instagram et YouTube, pullulent de reprises, de d\u00e9fis de chant et de danse, de vid\u00e9os d\u2019IA de fans imaginant une suite.<\/p>\n","protected":false},"excerpt":{"rendered":"R\u00e9sum\u00e9 en 20 secondes En savoir plus sur ce type de contenu Ce r\u00e9sum\u00e9 peut avoir \u00e9t\u00e9 \u00e9crit&hellip;\n","protected":false},"author":2,"featured_media":349197,"comment_status":"","ping_status":"","sticky":false,"template":"","format":"standard","meta":{"footnotes":""},"categories":[1355],"tags":[58,59,1011,27,300,1361,873,301,3298,299],"class_list":{"0":"post-349196","1":"post","2":"type-post","3":"status-publish","4":"format-standard","5":"has-post-thumbnail","7":"category-musique","8":"tag-divertissement","9":"tag-entertainment","10":"tag-fr","11":"tag-france","12":"tag-le-magazine-du-temps","13":"tag-music","14":"tag-musique","15":"tag-premium","16":"tag-series-tv","17":"tag-t"},"share_on_mastodon":{"url":"https:\/\/pubeurope.com\/@fr\/115104539331256319","error":""},"_links":{"self":[{"href":"https:\/\/www.europesays.com\/fr\/wp-json\/wp\/v2\/posts\/349196","targetHints":{"allow":["GET"]}}],"collection":[{"href":"https:\/\/www.europesays.com\/fr\/wp-json\/wp\/v2\/posts"}],"about":[{"href":"https:\/\/www.europesays.com\/fr\/wp-json\/wp\/v2\/types\/post"}],"author":[{"embeddable":true,"href":"https:\/\/www.europesays.com\/fr\/wp-json\/wp\/v2\/users\/2"}],"replies":[{"embeddable":true,"href":"https:\/\/www.europesays.com\/fr\/wp-json\/wp\/v2\/comments?post=349196"}],"version-history":[{"count":0,"href":"https:\/\/www.europesays.com\/fr\/wp-json\/wp\/v2\/posts\/349196\/revisions"}],"wp:featuredmedia":[{"embeddable":true,"href":"https:\/\/www.europesays.com\/fr\/wp-json\/wp\/v2\/media\/349197"}],"wp:attachment":[{"href":"https:\/\/www.europesays.com\/fr\/wp-json\/wp\/v2\/media?parent=349196"}],"wp:term":[{"taxonomy":"category","embeddable":true,"href":"https:\/\/www.europesays.com\/fr\/wp-json\/wp\/v2\/categories?post=349196"},{"taxonomy":"post_tag","embeddable":true,"href":"https:\/\/www.europesays.com\/fr\/wp-json\/wp\/v2\/tags?post=349196"}],"curies":[{"name":"wp","href":"https:\/\/api.w.org\/{rel}","templated":true}]}}