{"id":349198,"date":"2025-08-28T04:37:27","date_gmt":"2025-08-28T04:37:27","guid":{"rendered":"https:\/\/www.europesays.com\/fr\/349198\/"},"modified":"2025-08-28T04:37:27","modified_gmt":"2025-08-28T04:37:27","slug":"2-nouveaux-extraits-et-3-nouvelles-affiches-pour-donner-un-avant-gout-de-terreur","status":"publish","type":"post","link":"https:\/\/www.europesays.com\/fr\/349198\/","title":{"rendered":"2 nouveaux extraits et 3 nouvelles affiches pour donner un avant-go\u00fbt de terreur"},"content":{"rendered":"<p><strong>La sortie de <a href=\"https:\/\/www.ecranlarge.com\/films\/1453814-the-conjuring-4\" data-type=\"films\" data-id=\"693077\" rel=\"nofollow noopener\" target=\"_blank\">Conjuring 4<\/a> approche \u00e0 grands pas, et la promo redouble d\u2019arguments avec deux nouveaux extraits et 3 nouvelles affiches in\u00e9dites.\u00a0<\/strong><\/p>\n<p>Il faudrait avoir v\u00e9cu dans une grotte les six derniers mois pour ne pas savoir que la saga <strong><a href=\"https:\/\/www.ecranlarge.com\/films\/865089-conjuring-les-dossiers-warren\" data-type=\"films\" data-id=\"680289\" rel=\"nofollow noopener\" target=\"_blank\">Conjuring<\/a><\/strong> touchera bient\u00f4t \u00e0 son terme avec <strong>Conjuring : L\u2019Heure du jugement<\/strong>. La promo du film met le paquet pour donner envie de voir la derni\u00e8re aventure des Warren fictifs, toujours incarn\u00e9s par <a href=\"https:\/\/www.ecranlarge.com\/personnalite\/656990-patrick-wilson\" data-type=\"people\" data-id=\"4713\" rel=\"nofollow noopener\" target=\"_blank\">Patrick Wilson<\/a> et <a href=\"https:\/\/www.ecranlarge.com\/personnalite\/668793-vera-farmiga\" data-type=\"people\" data-id=\"4709\" rel=\"nofollow noopener\" target=\"_blank\">Vera Farmiga<\/a>.<\/p>\n<p>                    <img decoding=\"async\" alt=\"\" class=\"wp-image-518375\" style=\"object-fit:cover;width:25px;height:25px\" src=\"https:\/\/www.ecranlarge.com\/content\/uploads\/2023\/09\/arrow-right-circle.svg\"\/><\/p>\n<p>Et alors qu\u2019on aurait pu penser que suffisamment d\u2019affiches et de bandes-annonces avaient \u00e9t\u00e9 pondues sur le sujet, voil\u00e0 que <strong>deux extraits du film (et trois nouvelles affiches en prime) viennent de tomber<\/strong>, pour bien s\u2019assurer que le moindre adepte de film d\u2019horreur sera au rendez-vous le 10 septembre dans les salles obscures.<\/p>\n<p>Il faut dire que, le film \u00e9tant r\u00e9alis\u00e9 par <a href=\"https:\/\/www.ecranlarge.com\/personnalite\/1036674-michael-chaves\" data-type=\"people\" data-id=\"484678\" rel=\"nofollow noopener\" target=\"_blank\">Michael Chaves<\/a> (d\u00e9j\u00e0 responsable de <strong><a href=\"https:\/\/www.ecranlarge.com\/films\/1036677-the-curse-of-la-llorona\" data-type=\"films\" data-id=\"687339\" rel=\"nofollow noopener\" target=\"_blank\">La Mal\u00e9diction de la Dame Blanche<\/a><\/strong>, <strong><a href=\"https:\/\/www.ecranlarge.com\/films\/995945-the-conjuring-3\" data-type=\"films\" data-id=\"686315\" rel=\"nofollow noopener\" target=\"_blank\">Conjuring 3<\/a><\/strong> et <strong><a href=\"https:\/\/www.ecranlarge.com\/films\/1445490-la-nonne-2\" data-type=\"films\" data-id=\"692751\" rel=\"nofollow noopener\" target=\"_blank\">La Nonne 2<\/a><\/strong>, en somme de ce que le Conjuringverse a pu produire de pire), il ne faut pas h\u00e9siter \u00e0 matraquer pour donner envie\u2026 Ces extraits suffiront-ils ?<\/p>\n<\/p>\n<p>Conjuring-ard<\/p>\n<p>Dans l\u2019un des extraits, tr\u00e8s court, on voit seulement Lorraine expliquer aux personnes que son mari et elle essayent de sauver de l\u2019emprise d\u2019un d\u00e9mon que <strong>ce n\u2019est pas la premi\u00e8re fois qu\u2019ils ont affaire au d\u00e9mon en question<\/strong>. Dans ce bout de dialogue qui semble copi\u00e9-coll\u00e9 de tous les <strong>Conjuring <\/strong>pr\u00e9c\u00e9dents, il y a la volont\u00e9 de d\u00e9peindre les Warren un tout petit peu moins comme des super-h\u00e9ros afin de <strong>les rendre plus vuln\u00e9rables et plus faillibles<\/strong>, s\u00fbrement pour leur cr\u00e9er une sorte d\u2019arc de r\u00e9demption final.<\/p>\n<p>Lorsque Lorraine \u00e9voque leur l\u00e2chet\u00e9, on pourrait presque y voir un d\u00e9sir d\u2019int\u00e9grer un tant soit peu \u00e0 l\u2019histoire (tr\u00e8s timidement) certaines des critiques faites aux v\u00e9ritables Warren, qui \u00e9taient en r\u00e9alit\u00e9 <strong>des charlatans jusqu\u2019au bout des ongles<\/strong>. Bref, rien de bien fameux dans cette seule petite sc\u00e8ne, d\u2019autant qu\u2019on n\u2019en peut tout simplement plus de voir Vera Farmiga <strong>pencher la t\u00eate vers ses interlocuteurs d\u2019un air \u00e0 la fois compatissant et angoiss\u00e9 pour leur raconter sa vie<\/strong>.<\/p>\n<blockquote class=\"twitter-tweet\">\n<p lang=\"en\" dir=\"ltr\">That thing in your attic is a demon. Here&rsquo;s an EXCLUSIVE look at <a href=\"https:\/\/twitter.com\/hashtag\/TheConjuring?src=hash&amp;ref_src=twsrc%5Etfw\" target=\"_blank\" rel=\"noopener nofollow\">#TheConjuring<\/a>: Last Rites, only in theaters September 5. <a href=\"https:\/\/t.co\/jBFAc7VVGc\" rel=\"nofollow\">pic.twitter.com\/jBFAc7VVGc<\/a><\/p>\n<p>\u2014 IMDb (@IMDb) <a href=\"https:\/\/twitter.com\/IMDb\/status\/1958559780466729115?ref_src=twsrc%5Etfw\" target=\"_blank\" rel=\"noopener nofollow\">August 21, 2025<\/a><\/p><\/blockquote>\n<p>Dans l\u2019extrait plus long, il y a davantage \u00e0 se mettre sous la dent : comme l\u2019avait sous-entendu une pr\u00e9c\u00e9dente affiche, on comprend que<strong> le miroir risque d\u2019\u00eatre important dans l\u2019histoire<\/strong>, le d\u00e9mon semblant s\u2019en servir comme outil de manipulation. Le Pedro Pascal Wish de cet extrait (Elliot Cowan) en fait les frais : paniqu\u00e9 par la vision du d\u00e9mon dans le reflet du miroir, il tombe d\u2019une \u00e9chelle. Et la s\u00e9quence s\u2019arr\u00eate au moment o\u00f9<strong> Ed Warren laisse peut-\u00eatre le lourd miroir lui tomber dessus<\/strong>, occasionnant \u00e9ventuellement un d\u00e9c\u00e8s aussi pr\u00e9matur\u00e9 que fortuit.<\/p>\n<p><img loading=\"lazy\" decoding=\"async\" width=\"1080\" height=\"1350\" alt=\"conjuring 4 l'heure du jugement\" src=\"https:\/\/www.europesays.com\/fr\/wp-content\/uploads\/2025\/08\/image-13.png\"  \/><\/p>\n<p><a href=\"https:\/\/www.ecranlarge.com\/content\/uploads\/2025\/08\/image-14.png\" rel=\"nofollow noopener\" target=\"_blank\"><\/p>\n<p><img loading=\"lazy\" decoding=\"async\" alt=\"Conjuring 4 l'heure du jugement\" src=\"https:\/\/www.europesays.com\/fr\/wp-content\/uploads\/2025\/08\/image-14-1260x1575.png\" width=\"1260\" height=\"1575\"  \/><\/p>\n<p><\/a><a href=\"https:\/\/www.ecranlarge.com\/content\/uploads\/2025\/08\/image-15.png\" rel=\"nofollow noopener\" target=\"_blank\"><\/p>\n<p><img loading=\"lazy\" decoding=\"async\" alt=\"Conjuring 4 l'heure du jugement\" src=\"https:\/\/www.europesays.com\/fr\/wp-content\/uploads\/2025\/08\/image-15-1260x1575.png\" width=\"1260\" height=\"1575\"  \/><\/p>\n<p><\/a><\/p>\n<p>Qui sait ? Les Warren vont d\u00e9cid\u00e9ment en avoir, des p\u00e9ch\u00e9s \u00e0 expier. Quant aux affiches, elles trahissent <strong>un essoufflement de la cr\u00e9ativit\u00e9 de l\u2019\u00e9quipe marketing <\/strong>qui avait, jusque-l\u00e0, fait fort avec deux tr\u00e8s belles affiches (celle repr\u00e9sentant une\u00a0silhouette rouge cornue dessin\u00e9e par le contour des visages hurlant des Warren, et celle qui repr\u00e9sentait le reflet d\u2019un miroir dont une pi\u00e8ce manquante rempla\u00e7ait l\u2019\u0153il de Lorraine Warren par celui du d\u00e9mon) au milieu de tentatives plus anodines.<\/p>\n<p>\u00c9tait-ce vraiment n\u00e9cessaire de cr\u00e9er un visuel diff\u00e9rent pour chaque type de projection (ici Imax, 4DX et ScreenX), quitte \u00e0 \u00eatre en dessous des affiches pr\u00e9c\u00e9dentes ? La r\u00e9ponse se verra sans doute au succ\u00e8s du film. \u00c0 constater par soi-m\u00eame <strong>d\u00e8s le 10 septembre, date de la sortie de Conjuring 4 en salles<\/strong>.<\/p>\n<p>    <script async src=\"https:\/\/platform.twitter.com\/widgets.js\" charset=\"utf-8\"><\/script><\/p>\n","protected":false},"excerpt":{"rendered":"La sortie de Conjuring 4 approche \u00e0 grands pas, et la promo redouble d\u2019arguments avec deux nouveaux extraits&hellip;\n","protected":false},"author":2,"featured_media":349199,"comment_status":"","ping_status":"","sticky":false,"template":"","format":"standard","meta":{"footnotes":""},"categories":[1354],"tags":[58,59,1346,1011,27,1360],"class_list":{"0":"post-349198","1":"post","2":"type-post","3":"status-publish","4":"format-standard","5":"has-post-thumbnail","7":"category-films","8":"tag-divertissement","9":"tag-entertainment","10":"tag-films","11":"tag-fr","12":"tag-france","13":"tag-movies"},"share_on_mastodon":{"url":"https:\/\/pubeurope.com\/@fr\/115104543166020136","error":""},"_links":{"self":[{"href":"https:\/\/www.europesays.com\/fr\/wp-json\/wp\/v2\/posts\/349198","targetHints":{"allow":["GET"]}}],"collection":[{"href":"https:\/\/www.europesays.com\/fr\/wp-json\/wp\/v2\/posts"}],"about":[{"href":"https:\/\/www.europesays.com\/fr\/wp-json\/wp\/v2\/types\/post"}],"author":[{"embeddable":true,"href":"https:\/\/www.europesays.com\/fr\/wp-json\/wp\/v2\/users\/2"}],"replies":[{"embeddable":true,"href":"https:\/\/www.europesays.com\/fr\/wp-json\/wp\/v2\/comments?post=349198"}],"version-history":[{"count":0,"href":"https:\/\/www.europesays.com\/fr\/wp-json\/wp\/v2\/posts\/349198\/revisions"}],"wp:featuredmedia":[{"embeddable":true,"href":"https:\/\/www.europesays.com\/fr\/wp-json\/wp\/v2\/media\/349199"}],"wp:attachment":[{"href":"https:\/\/www.europesays.com\/fr\/wp-json\/wp\/v2\/media?parent=349198"}],"wp:term":[{"taxonomy":"category","embeddable":true,"href":"https:\/\/www.europesays.com\/fr\/wp-json\/wp\/v2\/categories?post=349198"},{"taxonomy":"post_tag","embeddable":true,"href":"https:\/\/www.europesays.com\/fr\/wp-json\/wp\/v2\/tags?post=349198"}],"curies":[{"name":"wp","href":"https:\/\/api.w.org\/{rel}","templated":true}]}}