{"id":349206,"date":"2025-08-28T04:42:11","date_gmt":"2025-08-28T04:42:11","guid":{"rendered":"https:\/\/www.europesays.com\/fr\/349206\/"},"modified":"2025-08-28T04:42:11","modified_gmt":"2025-08-28T04:42:11","slug":"en-juillet-il-y-a-eu-presque-60-000-chomeurs-de-categorie-a-en-plus-en-france","status":"publish","type":"post","link":"https:\/\/www.europesays.com\/fr\/349206\/","title":{"rendered":"En juillet, il y a eu presque 60.000 ch\u00f4meurs de cat\u00e9gorie A en plus en France"},"content":{"rendered":"<p>Sur le front de l\u2019<a href=\"https:\/\/www.20minutes.fr\/economie\/emploi\/\" target=\"_blank\" class=\"c-link c-link--is-underlined\" rel=\"noopener\">emploi<\/a>, les derni\u00e8res statistiques ne sont pas bonnes. Le ch\u00f4mage a en effet progress\u00e9 en juillet. Le nombre de demandeurs d\u2019emploi inscrits \u00e0 <a href=\"https:\/\/www.20minutes.fr\/dossier\/pole-emploi\" target=\"_blank\" class=\"c-link c-link--is-underlined\" rel=\"noopener\">France Travail<\/a> en cat\u00e9gorie A \u2013 c\u2019est-\u00e0-dire sans activit\u00e9 \u2013 a augment\u00e9 de 1,8\u00a0% par rapport au mois pr\u00e9c\u00e9dent.<\/p>\n<p>En tenant compte de l\u2019impact de la mise en \u0153uvre de la loi pour le plein-emploi, avec en particulier l\u2019inscription automatique sur les listes des b\u00e9n\u00e9ficiaires du RSA, le nombre d\u2019inscrits en cat\u00e9gorie A en France (hors Mayotte) passe ainsi de 3,194\u00a0millions \u00e0 3,252\u00a0millions, selon les donn\u00e9es publi\u00e9es mercredi par le service statistique du minist\u00e8re du <a href=\"https:\/\/www.20minutes.fr\/dossier\/travail\" target=\"_blank\" class=\"c-link c-link--is-underlined\" rel=\"noopener\">Travail<\/a> (Dares).<\/p>\n<p>Une hausse mise sur le compte de la r\u00e9forme<\/p>\n<p>Pour la cat\u00e9gorie A, B, C incluant l\u2019activit\u00e9 r\u00e9duite, l\u2019augmentation est de 1,1\u00a0% pour atteindre 5,669\u00a0millions d\u2019inscrits, toujours en tenant compte de l\u2019impact de la r\u00e9forme. \u00ab\u00a0Hors b\u00e9n\u00e9ficiaires du <a href=\"https:\/\/www.20minutes.fr\/dossier\/rsa\" target=\"_blank\" class=\"c-link c-link--is-underlined\" rel=\"noopener\">RSA<\/a> et jeunes en parcours, ce nombre augmente de 0,8\u00a0% en juillet\u00a02025\u00a0\u00bb, pr\u00e9cise la Dares.<\/p>\n<\/p>\n<p>Sans la r\u00e9forme, \u00ab\u00a0il est estim\u00e9 que le nombre d\u2019inscrits en cat\u00e9gories A et A, B, C aurait \u00e9t\u00e9 moins \u00e9lev\u00e9 respectivement d\u2019environ 54.000 et 63.000 en juillet\u00a02025\u00a0\u00bb, d\u00e9taille par contre le service statistique du minist\u00e8re.<\/p>\n<p><a href=\"https:\/\/www.20minutes.fr\/economie\/\" target=\"_blank\" class=\"c-link c-btn c-btn--primary\" rel=\"noopener\">Notre dossier Economie<\/a><\/p>\n<p>La Dares privil\u00e9gie cependant les \u00e9volutions trimestrielles, les donn\u00e9es mensuelles \u00e9tant jug\u00e9es trop volatiles. Au deuxi\u00e8me trimestre, l\u2019augmentation du nombre de ch\u00f4meurs de cat\u00e9gorie A avait \u00e9t\u00e9 limit\u00e9e \u00e0 0,2\u00a0%, apr\u00e8s neutralisation des effets de la r\u00e9forme.<\/p>\n","protected":false},"excerpt":{"rendered":"Sur le front de l\u2019emploi, les derni\u00e8res statistiques ne sont pas bonnes. Le ch\u00f4mage a en effet progress\u00e9&hellip;\n","protected":false},"author":2,"featured_media":349207,"comment_status":"","ping_status":"","sticky":false,"template":"","format":"standard","meta":{"footnotes":""},"categories":[6],"tags":[47,35,214,14300,33,34,341,1011,27,530,48577,3847,133],"class_list":{"0":"post-349206","1":"post","2":"type-post","3":"status-publish","4":"format-standard","5":"has-post-thumbnail","7":"category-economie","8":"tag-actualite","9":"tag-business","10":"tag-chomage","11":"tag-demandeurs-demploi","12":"tag-economie","13":"tag-economy","14":"tag-emploi","15":"tag-fr","16":"tag-france","17":"tag-france-travail","18":"tag-revenu-de-solidarite-active-rsa","19":"tag-travail","20":"tag-video"},"share_on_mastodon":{"url":"https:\/\/pubeurope.com\/@fr\/115104562790495844","error":""},"_links":{"self":[{"href":"https:\/\/www.europesays.com\/fr\/wp-json\/wp\/v2\/posts\/349206","targetHints":{"allow":["GET"]}}],"collection":[{"href":"https:\/\/www.europesays.com\/fr\/wp-json\/wp\/v2\/posts"}],"about":[{"href":"https:\/\/www.europesays.com\/fr\/wp-json\/wp\/v2\/types\/post"}],"author":[{"embeddable":true,"href":"https:\/\/www.europesays.com\/fr\/wp-json\/wp\/v2\/users\/2"}],"replies":[{"embeddable":true,"href":"https:\/\/www.europesays.com\/fr\/wp-json\/wp\/v2\/comments?post=349206"}],"version-history":[{"count":0,"href":"https:\/\/www.europesays.com\/fr\/wp-json\/wp\/v2\/posts\/349206\/revisions"}],"wp:featuredmedia":[{"embeddable":true,"href":"https:\/\/www.europesays.com\/fr\/wp-json\/wp\/v2\/media\/349207"}],"wp:attachment":[{"href":"https:\/\/www.europesays.com\/fr\/wp-json\/wp\/v2\/media?parent=349206"}],"wp:term":[{"taxonomy":"category","embeddable":true,"href":"https:\/\/www.europesays.com\/fr\/wp-json\/wp\/v2\/categories?post=349206"},{"taxonomy":"post_tag","embeddable":true,"href":"https:\/\/www.europesays.com\/fr\/wp-json\/wp\/v2\/tags?post=349206"}],"curies":[{"name":"wp","href":"https:\/\/api.w.org\/{rel}","templated":true}]}}