{"id":34921,"date":"2025-04-18T21:12:12","date_gmt":"2025-04-18T21:12:12","guid":{"rendered":"https:\/\/www.europesays.com\/fr\/34921\/"},"modified":"2025-04-18T21:12:12","modified_gmt":"2025-04-18T21:12:12","slug":"sa-fille-est-nee-par-terre","status":"publish","type":"post","link":"https:\/\/www.europesays.com\/fr\/34921\/","title":{"rendered":"sa fille est n\u00e9e par terre"},"content":{"rendered":"<p>            Par<br \/>\n        <strong><br \/>\n            <a href=\"https:\/\/actu.fr\/auteur\/manon-reinhardt\" title=\"Consulter tous les articles de Manon Reinhardt\" rel=\"nofollow noopener\" target=\"_blank\">Manon Reinhardt<\/a><br \/>\n        <\/strong><\/p>\n<p>        Publi\u00e9 le<\/p>\n<p>            17 avr. 2025 \u00e0 16h33        <\/p>\n<p>C\u2019est une histoire \u00e0 peine croyable. Le 20\u00a0f\u00e9vrier dernier, une jeune femme a d\u00fb <strong>accoucher sur le bitume du parking<\/strong> de l\u2019h\u00f4pital de Grasse, pr\u00e8s de <a href=\"https:\/\/actu.fr\/provence-alpes-cote-d-azur\/nice_06088\" rel=\"nofollow noopener\" target=\"_blank\">Nice<\/a> (<a href=\"https:\/\/actu.fr\/provence-alpes-cote-d-azur\/alpes-maritimes_06\" rel=\"nofollow noopener\" target=\"_blank\">Alpes-Maritimes<\/a>) apr\u00e8s plusieurs erreurs du service des Urgences, rapporte <a href=\"https:\/\/www.nicematin.com\/sante\/faute-de-brancard-elle-accouche-sur-le-bitume-de-l-hopital-de-grasse--982247\" rel=\"nofollow noopener\" target=\"_blank\">Nice-Matin<\/a>.<\/p>\n<p class=\" wall-content\">En plein travail, son mari a demand\u00e9 \u00e0 un agent d\u2019accueil d\u2019apporter un brancard mais ce dernier aurait r\u00e9torqu\u00e9 qu\u2019il ne s\u2019agissait pas d\u2019une urgence.<\/p>\n<p>Pas le moment, selon une sage-femme<\/p>\n<p class=\" wall-content\">Les faits se sont d\u00e9roul\u00e9s le 20\u00a0f\u00e9vrier dernier \u00e0 Grasse. Donia, une jeune femme enceinte, se pr\u00e9sente aux urgences avec son mari. Elle sent que les contractions sont de plus en plus nombreuses et rapproch\u00e9es. Mais une sage-femme estime que le travail n\u2019a pas encore commenc\u00e9 et <strong>la renvoie chez elle<\/strong>.<\/p>\n<p>    <a href=\"https:\/\/www.google.com\/maps\/embed?pb=!1m18!1m12!1m3!1d5776.701510689438!2d6.927647376529342!3d43.62005805457327!2m3!1f0!2f0!3f0!3m2!1i1024!2i768!4f13.1!3m3!1m2!1s0x12cc2887f2283e87%3A0xdb9780d925564285!2sCentre%20Hospitalier%20de%20Grasse!5e0!3m2!1sfr!2sfr!4v1744899098488!5m2!1sfr!2sfr\" title=\"Ouvrie le lien\" rel=\"nofollow noopener\" target=\"_blank\">Cliquez ici pour visualiser le contenu<\/a><\/p>\n<p class=\" wall-content\">Donia, \u00e9tonn\u00e9e, pr\u00e9f\u00e8re rester dans les parages. \u00ab\u2009J\u2019ai pr\u00e9f\u00e9r\u00e9 marcher un peu dans un parc \u00e0 proximit\u00e9, pour plus de s\u00fbret\u00e9\u2009\u00bb, raconte-t-elle \u00e0 nos confr\u00e8res. Puis une douleur survient.<\/p>\n<p>Vid\u00e9os : en ce moment sur Actu<\/p>\n<p class=\" wall-content\">\u00ab\u2009Durant le trajet jusqu\u2019\u00e0 l\u2019h\u00f4pital, j\u2019ai perdu les eaux. Dans mon \u00e9tat, je ne me sentais pas de marcher, alors mon mari a stationn\u00e9 la voiture devant les urgences.\u2009\u00bb<\/p>\n<p>\u00ab\u2009Pas une urgence\u2009\u00bb\u2009: elle accouche sur le bitume<\/p>\n<p class=\" wall-content\">Le futur papa s\u2019empresse vers l\u2019accueil des urgences pour demander un brancard afin de transporter son \u00e9pouse. Mais l\u2019agent lui aurait froidement r\u00e9torqu\u00e9\u2009: \u00ab\u2009Ici, ce sont les urgences, et l\u00e0, ce n\u2019est pas une urgence\u2009\u00bb.<\/p>\n<p class=\" wall-content\">Donia doit donc se d\u00e9brouiller seule. Mais elle n\u2019y arrivera pas. Une contraction intense lui fait perdre l\u2019\u00e9quilibre. \u00ab\u2009Je suis tomb\u00e9e, et soudain, alors que j\u2019\u00e9tais allong\u00e9e,<strong> j\u2019ai senti que la t\u00eate de ma petite<\/strong> commen\u00e7ait \u00e0 sortir\u2009\u00bb, se souvient l\u2019Azur\u00e9enne. \u00ab\u2009Je criais, je criais, mais personne ne venait, m\u00eame pas les agents qui prenaient leur pause.\u2009\u00bb<\/p>\n<p class=\" wall-content\">La jeune femme accouche l\u00e0, sur le bitume. \u00ab\u2009Une anesth\u00e9siste m\u2019a vu \u00e9galement depuis sa fen\u00eatre, et est sortie en courant vers moi. Mais c\u2019\u00e9tait d\u00e9j\u00e0 trop tard. Elle a mis ma petite fille sur moi, et m\u2019a recouverte d\u2019un drap\u2009\u00bb, d\u00e9taille Donia \u00e0 Nice-Matin.<\/p>\n<p>L\u2019\u00e9tablissement a \u00ab\u2009pris en compte\u2009\u00bb le dossier<\/p>\n<p class=\" wall-content\">Heureusement, plus de peur que de mal, la petite Dina va bien. La maman aussi. Mais les parents sont furieux contre l\u2019h\u00f4pital. Elle salue tout de m\u00eame la bienveillance des \u00e9quipes\u2009: \u00ab\u2009Un cadre est <strong>venu s\u2019excuser<\/strong> au nom de l\u2019h\u00f4pital, et une sage-femme a m\u00eame r\u00e9ussi \u00e0 me faire rigoler en me surnommant gentiment Madame Speedy\u2009\u00bb.<\/p>\n<p class=\" wall-content\">Contact\u00e9 par Nice-Matin, le service communication de l\u2019\u00e9tablissement confirme que \u00ab\u2009cette jeune femme a \u00e9t\u00e9 prise en charge par le service maternit\u00e9\u2009\u00bb, mais que \u00ab\u2009tout n\u2019est pas la faute de l\u2019h\u00f4pital et [que] le service de relation avec les usagers a pris en compte son dossier\u2009\u00bb.<\/p>\n<p class=\" wall-content\">Suivez toute l\u2019actualit\u00e9 de vos villes et m\u00e9dias favoris en vous inscrivant \u00e0 <a href=\"https:\/\/moncompte.actu.fr\" title=\"D\u00e9couvez Mon Actu\" rel=\"nofollow noopener\" data-trk=\"{&quot;cta&quot;:{&quot;action&quot;:&quot;https:\\\/\\\/moncompte.actu.fr&quot;,&quot;category&quot;:&quot;mon compte&quot;,&quot;from&quot;:&quot;article footer&quot;,&quot;name&quot;:&quot;Mon actu&quot;,&quot;type&quot;:&quot;cta&quot;}}\" target=\"_blank\">Mon Actu<\/a>.<\/p>\n","protected":false},"excerpt":{"rendered":"Par Manon Reinhardt Publi\u00e9 le 17 avr. 2025 \u00e0 16h33 C\u2019est une histoire \u00e0 peine croyable. Le 20\u00a0f\u00e9vrier&hellip;\n","protected":false},"author":2,"featured_media":34922,"comment_status":"","ping_status":"","sticky":false,"template":"","format":"standard","meta":{"footnotes":""},"categories":[2819],"tags":[1111,11,1719,1777,674,118,1011,27,12,2401,882,25,6444],"class_list":{"0":"post-34921","1":"post","2":"type-post","3":"status-publish","4":"format-standard","5":"has-post-thumbnail","7":"category-nice","8":"tag-actu","9":"tag-actualites","10":"tag-enfants","11":"tag-eu","12":"tag-europe","13":"tag-faits-divers","14":"tag-fr","15":"tag-france","16":"tag-news","17":"tag-nice","18":"tag-provence-alpes-cote-dazur","19":"tag-republique-francaise","20":"tag-urgences"},"share_on_mastodon":{"url":"https:\/\/pubeurope.com\/@fr\/114361030628609248","error":""},"_links":{"self":[{"href":"https:\/\/www.europesays.com\/fr\/wp-json\/wp\/v2\/posts\/34921","targetHints":{"allow":["GET"]}}],"collection":[{"href":"https:\/\/www.europesays.com\/fr\/wp-json\/wp\/v2\/posts"}],"about":[{"href":"https:\/\/www.europesays.com\/fr\/wp-json\/wp\/v2\/types\/post"}],"author":[{"embeddable":true,"href":"https:\/\/www.europesays.com\/fr\/wp-json\/wp\/v2\/users\/2"}],"replies":[{"embeddable":true,"href":"https:\/\/www.europesays.com\/fr\/wp-json\/wp\/v2\/comments?post=34921"}],"version-history":[{"count":0,"href":"https:\/\/www.europesays.com\/fr\/wp-json\/wp\/v2\/posts\/34921\/revisions"}],"wp:featuredmedia":[{"embeddable":true,"href":"https:\/\/www.europesays.com\/fr\/wp-json\/wp\/v2\/media\/34922"}],"wp:attachment":[{"href":"https:\/\/www.europesays.com\/fr\/wp-json\/wp\/v2\/media?parent=34921"}],"wp:term":[{"taxonomy":"category","embeddable":true,"href":"https:\/\/www.europesays.com\/fr\/wp-json\/wp\/v2\/categories?post=34921"},{"taxonomy":"post_tag","embeddable":true,"href":"https:\/\/www.europesays.com\/fr\/wp-json\/wp\/v2\/tags?post=34921"}],"curies":[{"name":"wp","href":"https:\/\/api.w.org\/{rel}","templated":true}]}}