{"id":349210,"date":"2025-08-28T04:44:12","date_gmt":"2025-08-28T04:44:12","guid":{"rendered":"https:\/\/www.europesays.com\/fr\/349210\/"},"modified":"2025-08-28T04:44:12","modified_gmt":"2025-08-28T04:44:12","slug":"chutes-darbres-des-milliers-declairs-en-saone-et-loire-les-images-des-degats-causes-par-les-orages","status":"publish","type":"post","link":"https:\/\/www.europesays.com\/fr\/349210\/","title":{"rendered":"Chutes d\u2019arbres, des milliers d\u2019\u00e9clairs&#8230; En Sa\u00f4ne-et-Loire, les images des d\u00e9g\u00e2ts caus\u00e9s par les orages"},"content":{"rendered":"<p>        <img decoding=\"async\" loading=\"lazy\" src=\"https:\/\/www.europesays.com\/fr\/wp-content\/uploads\/2025\/08\/3955e12_upload-1-u4vehtzx8tqd-gzxy1gpxsaoye2q.jfif.jpeg\"  width=\"728\" height=\"410\" alt=\"Un puissant orage de gr\u00eale s\u2019est abattu ce mercredi 27\u00a0ao\u00fbt en Sa\u00f4ne-et-Loire.\"\/>  <\/p>\n<p>photo de Ciboulette Grelinette partag\u00e9e sur X <\/p>\n<p>Un puissant orage de gr\u00eale s\u2019est abattu ce mercredi 27\u00a0ao\u00fbt en Sa\u00f4ne-et-Loire.<\/p>\n<p class=\"asset asset-text\">M\u00c9T\u00c9O &#8211; La col\u00e8re de Zeus s\u2019abat sur l\u2019Hexagone. Alors que vingt-huit d\u00e9partements des Pyr\u00e9n\u00e9es jusqu\u2019au Bas-Rhin ont \u00e9t\u00e9 plac\u00e9s en vigilance orange pour de <a href=\"https:\/\/www.huffingtonpost.fr\/france\/article\/meteo-la-vigilance-orange-aux-orages-declenchee-dans-25-departements-ce-mercredi_254036.html\" target=\"_blank\" rel=\"noopener\">violents\u00a0orages <\/a>ce mercredi 27\u00a0ao\u00fbt apr\u00e8s-midi, des milliers d\u2019\u00e9clairs ont stri\u00e9 le ciel fran\u00e7ais dans la soir\u00e9e, notamment en<a href=\"https:\/\/www.huffingtonpost.fr\/faits-divers\/video\/des-orages-violents-et-impressionnants-en-saone-et-loire-au-moins-un-mort-et-un-blesse-grave_252796.html\" target=\"_blank\" rel=\"noopener\"> Sa\u00f4ne-et-Loire.<\/a><\/p>\n<p class=\"asset asset-text\">De la pluie et de la gr\u00eale sont tomb\u00e9s en quantit\u00e9 sur ce d\u00e9partement. M\u00e9t\u00e9o Sa\u00f4ne-et-Loire &#8211; 71\u00a0indique, sur son compte Facebook, que plus\u00a0de \u00ab\u00a0100\u00a0mm d\u2019eau de pluie sont tomb\u00e9s en une heure par endroits dans le M\u00e2connais, entre Az\u00e9 et Saint-Maurice-de-Satonnay\u00a0\u00bb. Soit l\u2019\u00e9quivalent de plusieurs semaines de pr\u00e9cipitations.<\/p>\n<p class=\"asset asset-text\">Ces violentes intemp\u00e9ries ont provoqu\u00e9 des d\u00e9g\u00e2ts, comme dans la commune de Rigny-sur-Arroux, o\u00f9 une grange s\u2019est effondr\u00e9e, relate <a href=\"https:\/\/www.lejsl.com\/environnement\/2025\/08\/27\/grele-chute-d-arbre-inondations-l-orage-de-ce-mercredi-fait-des-degats\" target=\"_blank\" rel=\"noopener\" title=\"Nouvelle fen\u00eatre\">Le Journal de Sa\u00f4ne-et-Loire.<\/a> La D994 a aussi \u00e9t\u00e9 coup\u00e9e \u00e0 Rigny-sur-Arroux\u00a0en raison d\u2019une \u00ab\u00a0trentaine d\u2019arbres couch\u00e9s sur 1,5km\u00a0\u00bb, a alert\u00e9\u00a0le lieutenant Jimmy Revillier \u00e0 nos confr\u00e8res. Une cinquantaine de v\u00e9hicules se sont retrouv\u00e9s bloqu\u00e9s, compl\u00e8te <a href=\"https:\/\/france3-regions.franceinfo.fr\/bourgogne-franche-comte\/saone-et-loire\/macon\/50-millimetres-en-moins-d-une-heure-arbres-couches-sur-la-route-des-trombes-d-eau-s-abattent-sur-des-villages-de-saone-et-loire-3207509.html\" target=\"_blank\" rel=\"noopener\" title=\"Nouvelle fen\u00eatre\">France 3.<\/a><\/p>\n<p>    Des gr\u00ealons de \u00ab\u00a02 \u00e0 3\u00a0cm\u00a0\u00bb    <\/p>\n<p class=\"asset asset-text\">La commune de Pallinges a aussi \u00e9t\u00e9 frapp\u00e9e \u00ab\u00a0avec des gr\u00ealons atteignant 2 \u00e0 3\u00a0cm de diam\u00e8tre\u00a0\u00bb, indique sur son compte X le pr\u00e9visionniste Guillaume S\u00e9chet. Des gr\u00ealons de m\u00eame diam\u00e8tre ont \u00e9t\u00e9 observ\u00e9s \u00e0 Clessy.<\/p>\n<p> La lecture de ce contenu est susceptible d\u2019entra\u00eener un d\u00e9p\u00f4t de cookies de la part de l\u2019op\u00e9rateur tiers qui l\u2019h\u00e9berge. Compte-tenu des choix que vous avez exprim\u00e9s en mati\u00e8re de d\u00e9p\u00f4t de cookies, nous avons bloqu\u00e9 l\u2019affichage de ce contenu. Si vous souhaitez y acc\u00e9der, vous devez accepter la cat\u00e9gorie de cookies \u201cContenus tiers\u201d en cliquant sur le bouton ci-dessous. <\/p>\n<p> Lire la Vid\u00e9o           <\/p>\n<p> La lecture de ce contenu est susceptible d\u2019entra\u00eener un d\u00e9p\u00f4t de cookies de la part de l\u2019op\u00e9rateur tiers qui l\u2019h\u00e9berge. Compte-tenu des choix que vous avez exprim\u00e9s en mati\u00e8re de d\u00e9p\u00f4t de cookies, nous avons bloqu\u00e9 l\u2019affichage de ce contenu. Si vous souhaitez y acc\u00e9der, vous devez accepter la cat\u00e9gorie de cookies \u201cContenus tiers\u201d en cliquant sur le bouton ci-dessous. <\/p>\n<p> Lire la Vid\u00e9o        <\/p>\n<p class=\"asset asset-text\">Aupr\u00e8s de France 3\u00a0Bourgogne-Franche-Comt\u00e9, les pompiers du SDIS de Sa\u00f4ne-et-Loire pr\u00e9cisent que douze interventions ont \u00e9t\u00e9 r\u00e9alis\u00e9es dans le secteur, \u00ab\u00a0principalement pour de l\u2019ass\u00e8chement\u00a0\u00bb apr\u00e8s les fortes pr\u00e9cipitations.<\/p>\n<p> La lecture de ce contenu est susceptible d\u2019entra\u00eener un d\u00e9p\u00f4t de cookies de la part de l\u2019op\u00e9rateur tiers qui l\u2019h\u00e9berge. Compte-tenu des choix que vous avez exprim\u00e9s en mati\u00e8re de d\u00e9p\u00f4t de cookies, nous avons bloqu\u00e9 l\u2019affichage de ce contenu. Si vous souhaitez y acc\u00e9der, vous devez accepter la cat\u00e9gorie de cookies \u201cContenus tiers\u201d en cliquant sur le bouton ci-dessous. <\/p>\n<p> Lire la Vid\u00e9o        \u00ab\u00a0D\u00e9j\u00e0 plus de 17\u00a0000 \u00e9clairs\u00a0\u00bb dans l\u2019Hexagone    <\/p>\n<p class=\"asset asset-text\">Et le Centre-Est n\u2019est pas le seul secteur concern\u00e9 par ces violents orages dans l\u2019Hexagone. Le m\u00e9t\u00e9orologiste Guillaume S\u00e9chet \u00e9crit sur X, vers 22\u00a0h\u00a030, que \u00ab\u00a0d\u00e9j\u00e0 plus de 17\u00a0000\u00a0\u00e9clairs\u00a0\u00bb ont \u00e9t\u00e9 observ\u00e9s dans le ciel fran\u00e7ais ce mercredi. Selon l\u2019observatoire Keraunos, plus de 4000\u00a0\u00e9clairs ont \u00e9t\u00e9 recens\u00e9s, \u00e0 22\u00a0h 45, uniquement en Sa\u00f4ne-et-Loire, le d\u00e9partement le plus affect\u00e9.<\/p>\n<p> La lecture de ce contenu est susceptible d\u2019entra\u00eener un d\u00e9p\u00f4t de cookies de la part de l\u2019op\u00e9rateur tiers qui l\u2019h\u00e9berge. Compte-tenu des choix que vous avez exprim\u00e9s en mati\u00e8re de d\u00e9p\u00f4t de cookies, nous avons bloqu\u00e9 l\u2019affichage de ce contenu. Si vous souhaitez y acc\u00e9der, vous devez accepter la cat\u00e9gorie de cookies \u201cContenus tiers\u201d en cliquant sur le bouton ci-dessous. <\/p>\n<p> Lire la Vid\u00e9o        <\/p>\n<p class=\"asset asset-text\">Par ailleurs, mercredi apr\u00e8s-midi, une quadrag\u00e9naire est d\u00e9c\u00e9d\u00e9e apr\u00e8s avoir \u00e9t\u00e9 gravement bless\u00e9e la veille par la chute d\u2019un arbre dans une temp\u00eate en Bourgogne. La victime est d\u00e9c\u00e9d\u00e9e \u00e0 l\u2019h\u00f4pital de Dijon o\u00f9 elle avait \u00e9t\u00e9 transport\u00e9e mardi dans le coma, apr\u00e8s la chute d\u2019un arbre dans un camping \u00e0 Saint-Honor\u00e9-les-Bains, dans la Ni\u00e8vre, ont indiqu\u00e9 \u00e0 l\u2019AFP les pompiers.<\/p>\n","protected":false},"excerpt":{"rendered":"photo de Ciboulette Grelinette partag\u00e9e sur X Un puissant orage de gr\u00eale s\u2019est abattu ce mercredi 27\u00a0ao\u00fbt en&hellip;\n","protected":false},"author":2,"featured_media":349211,"comment_status":"","ping_status":"","sticky":false,"template":"","format":"standard","meta":{"footnotes":""},"categories":[4],"tags":[11,1011,27,2487,2357,12,4594,25],"class_list":{"0":"post-349210","1":"post","2":"type-post","3":"status-publish","4":"format-standard","5":"has-post-thumbnail","7":"category-france","8":"tag-actualites","9":"tag-fr","10":"tag-france","11":"tag-meteo","12":"tag-meteo-france","13":"tag-news","14":"tag-orages","15":"tag-republique-francaise"},"share_on_mastodon":{"url":"https:\/\/pubeurope.com\/@fr\/115104570665436014","error":""},"_links":{"self":[{"href":"https:\/\/www.europesays.com\/fr\/wp-json\/wp\/v2\/posts\/349210","targetHints":{"allow":["GET"]}}],"collection":[{"href":"https:\/\/www.europesays.com\/fr\/wp-json\/wp\/v2\/posts"}],"about":[{"href":"https:\/\/www.europesays.com\/fr\/wp-json\/wp\/v2\/types\/post"}],"author":[{"embeddable":true,"href":"https:\/\/www.europesays.com\/fr\/wp-json\/wp\/v2\/users\/2"}],"replies":[{"embeddable":true,"href":"https:\/\/www.europesays.com\/fr\/wp-json\/wp\/v2\/comments?post=349210"}],"version-history":[{"count":0,"href":"https:\/\/www.europesays.com\/fr\/wp-json\/wp\/v2\/posts\/349210\/revisions"}],"wp:featuredmedia":[{"embeddable":true,"href":"https:\/\/www.europesays.com\/fr\/wp-json\/wp\/v2\/media\/349211"}],"wp:attachment":[{"href":"https:\/\/www.europesays.com\/fr\/wp-json\/wp\/v2\/media?parent=349210"}],"wp:term":[{"taxonomy":"category","embeddable":true,"href":"https:\/\/www.europesays.com\/fr\/wp-json\/wp\/v2\/categories?post=349210"},{"taxonomy":"post_tag","embeddable":true,"href":"https:\/\/www.europesays.com\/fr\/wp-json\/wp\/v2\/tags?post=349210"}],"curies":[{"name":"wp","href":"https:\/\/api.w.org\/{rel}","templated":true}]}}