{"id":349214,"date":"2025-08-28T04:46:13","date_gmt":"2025-08-28T04:46:13","guid":{"rendered":"https:\/\/www.europesays.com\/fr\/349214\/"},"modified":"2025-08-28T04:46:13","modified_gmt":"2025-08-28T04:46:13","slug":"loire-mise-en-rayon-fabrication-des-5-heures-cest-leffervescence-dans-tout-le-magasin-leclerc-de-firminy","status":"publish","type":"post","link":"https:\/\/www.europesays.com\/fr\/349214\/","title":{"rendered":"Loire. Mise en rayon, fabrication\u2026\u00a0D\u00e8s 5 heures, c\u2019est l\u2019effervescence dans tout le magasin Leclerc de Firminy"},"content":{"rendered":"<p>Il est 5 heures, le centre commercial Leclerc s\u2019\u00e9veille. Quelques v\u00e9hicules sont \u00e9parpill\u00e9s sur l\u2019immense parking, les grilles sont baiss\u00e9es, mais, dans le magasin, la fourmili\u00e8re est en marche. Comme tous les matins, chacun sait ce qu\u2019il a \u00e0 faire.<\/p>\n<p>\u00c0 l\u2019arri\u00e8re du magasin, sur les quais de livraison, les camions se succ\u00e8dent pour d\u00e9poser les produits frais, mais aussi l\u2019\u00e9picerie, les produits d\u2019hygi\u00e8ne, surgel\u00e9s,\u00a0etc. Les fruits et l\u00e9gumes, eux, sont livr\u00e9s l\u2019apr\u00e8s-midi.<\/p>\n<p>Une partie est stock\u00e9e dans les r\u00e9serves ou en chambre froide, une autre part imm\u00e9diatement dans le magasin pour \u00eatre mise en rayon. \u00ab\u00a0Le frais, c\u2019est un des rayons qui fonctionnent le mieux\u00a0\u00bb, souligne Christophe Brevet, pr\u00e9sident du Leclerc. Beaucoup de ventes, donc&#8230;<\/p>\n","protected":false},"excerpt":{"rendered":"Il est 5 heures, le centre commercial Leclerc s\u2019\u00e9veille. Quelques v\u00e9hicules sont \u00e9parpill\u00e9s sur l\u2019immense parking, les grilles&hellip;\n","protected":false},"author":2,"featured_media":349215,"comment_status":"","ping_status":"","sticky":false,"template":"","format":"standard","meta":{"footnotes":""},"categories":[9653],"tags":[1111,11,2430,4406,130,33,7539,1777,674,10282,10283,1011,27,3367,12,25,4001,216],"class_list":{"0":"post-349214","1":"post","2":"type-post","3":"status-publish","4":"format-standard","5":"has-post-thumbnail","7":"category-saint-etienne","8":"tag-actu","9":"tag-actualites","10":"tag-auvergne-rhone-alpes","11":"tag-commerce-et-services","12":"tag-consommation","13":"tag-economie","14":"tag-edition-loire-sud","15":"tag-eu","16":"tag-europe","17":"tag-firminy","18":"tag-firminy-ville","19":"tag-fr","20":"tag-france","21":"tag-loire","22":"tag-news","23":"tag-republique-francaise","24":"tag-saint-etienne","25":"tag-vie-des-entreprises"},"share_on_mastodon":{"url":"https:\/\/pubeurope.com\/@fr\/115104578501219334","error":""},"_links":{"self":[{"href":"https:\/\/www.europesays.com\/fr\/wp-json\/wp\/v2\/posts\/349214","targetHints":{"allow":["GET"]}}],"collection":[{"href":"https:\/\/www.europesays.com\/fr\/wp-json\/wp\/v2\/posts"}],"about":[{"href":"https:\/\/www.europesays.com\/fr\/wp-json\/wp\/v2\/types\/post"}],"author":[{"embeddable":true,"href":"https:\/\/www.europesays.com\/fr\/wp-json\/wp\/v2\/users\/2"}],"replies":[{"embeddable":true,"href":"https:\/\/www.europesays.com\/fr\/wp-json\/wp\/v2\/comments?post=349214"}],"version-history":[{"count":0,"href":"https:\/\/www.europesays.com\/fr\/wp-json\/wp\/v2\/posts\/349214\/revisions"}],"wp:featuredmedia":[{"embeddable":true,"href":"https:\/\/www.europesays.com\/fr\/wp-json\/wp\/v2\/media\/349215"}],"wp:attachment":[{"href":"https:\/\/www.europesays.com\/fr\/wp-json\/wp\/v2\/media?parent=349214"}],"wp:term":[{"taxonomy":"category","embeddable":true,"href":"https:\/\/www.europesays.com\/fr\/wp-json\/wp\/v2\/categories?post=349214"},{"taxonomy":"post_tag","embeddable":true,"href":"https:\/\/www.europesays.com\/fr\/wp-json\/wp\/v2\/tags?post=349214"}],"curies":[{"name":"wp","href":"https:\/\/api.w.org\/{rel}","templated":true}]}}