{"id":349225,"date":"2025-08-28T04:52:10","date_gmt":"2025-08-28T04:52:10","guid":{"rendered":"https:\/\/www.europesays.com\/fr\/349225\/"},"modified":"2025-08-28T04:52:10","modified_gmt":"2025-08-28T04:52:10","slug":"arme-dun-couteau-de-25-cm-il-agresse-des-policiers-lors-dun-controle-dans-le-quartier-de-la-mosson-a-montpellier","status":"publish","type":"post","link":"https:\/\/www.europesays.com\/fr\/349225\/","title":{"rendered":"Arm\u00e9 d\u2019un couteau de 25\u00a0cm, il agresse des policiers lors d\u2019un contr\u00f4le dans le quartier de la Mosson \u00e0 Montpellier"},"content":{"rendered":"<p>\n                                                                L\u2019homme de 37 ans, alcoolis\u00e9, faisait partie d\u2019un groupe qui a pris la fuite \u00e0 la vue des forces de l\u2019ordre, pr\u00e8s du centre commercial Saint-Paul.\n                            <\/p>\n<p>Lundi 25\u00a0ao\u00fbt, il est 22\u00a0h\u00a030 quand des policiers de la brigade sp\u00e9cialis\u00e9e de terrain font une patrouille de surveillance dans le quartier de la Mosson \u00e0 Montpellier, pr\u00e8s du centre commercial Saint-Paul.<\/p>\n<p>Des coups sur les policiers<\/p>\n<p>\u00c0 leur approche, un groupe d\u2019individus assis sur des marches prend la fuite. L\u2019un d\u2019eux, rattrap\u00e9 par les forces de l\u2019ordre, pr\u00e9sente une protub\u00e9rance au niveau de la ceinture. Faisant face aux fonctionnaires, il fonce sur eux et leur donne des coups.<\/p>\n<p>Il s\u2019av\u00e8re qu\u2019il est porteur d\u2019un couteau dot\u00e9 d\u2019une lame de 25\u00a0cm, dont il n\u2019est pas parvenu \u00e0 faire usage, heureusement. Interpell\u00e9 et plac\u00e9 en garde \u00e0 vue, ce ressortissant marocain de 37 ans, sans domicile fixe et d\u00e9j\u00e0 connu de la police, est en \u00e9tat d\u2019ivresse. Il refuse la prise d\u2019empreintes et nie les violences qu\u2019il vient de commettre.<\/p>\n<p>Port d\u2019arme prohib\u00e9 et r\u00e9bellion<\/p>\n<p>Il sera n\u00e9anmoins jug\u00e9 en comparution imm\u00e9diate, ce vendredi 29\u00a0ao\u00fbt, pour port d\u2019arme prohib\u00e9 et violence et r\u00e9bellion en \u00e9tat d\u2019ivresse sur fonctionnaire de police.<\/p>\n<p>Deux policiers de l\u2019\u00e9quipage, bless\u00e9s lors de l\u2019interpellation, ont d\u00e9pos\u00e9 plainte contre le mis en cause\u00a0pour outrage.<\/p>\n","protected":false},"excerpt":{"rendered":"L\u2019homme de 37 ans, alcoolis\u00e9, faisait partie d\u2019un groupe qui a pris la fuite \u00e0 la vue des&hellip;\n","protected":false},"author":2,"featured_media":349226,"comment_status":"","ping_status":"","sticky":false,"template":"","format":"standard","meta":{"footnotes":""},"categories":[9599],"tags":[1111,11,1777,674,1011,27,2208,12,2680,25],"class_list":{"0":"post-349225","1":"post","2":"type-post","3":"status-publish","4":"format-standard","5":"has-post-thumbnail","7":"category-montpellier","8":"tag-actu","9":"tag-actualites","10":"tag-eu","11":"tag-europe","12":"tag-fr","13":"tag-france","14":"tag-montpellier","15":"tag-news","16":"tag-occitanie","17":"tag-republique-francaise"},"share_on_mastodon":{"url":"https:\/\/pubeurope.com\/@fr\/115104602106653597","error":""},"_links":{"self":[{"href":"https:\/\/www.europesays.com\/fr\/wp-json\/wp\/v2\/posts\/349225","targetHints":{"allow":["GET"]}}],"collection":[{"href":"https:\/\/www.europesays.com\/fr\/wp-json\/wp\/v2\/posts"}],"about":[{"href":"https:\/\/www.europesays.com\/fr\/wp-json\/wp\/v2\/types\/post"}],"author":[{"embeddable":true,"href":"https:\/\/www.europesays.com\/fr\/wp-json\/wp\/v2\/users\/2"}],"replies":[{"embeddable":true,"href":"https:\/\/www.europesays.com\/fr\/wp-json\/wp\/v2\/comments?post=349225"}],"version-history":[{"count":0,"href":"https:\/\/www.europesays.com\/fr\/wp-json\/wp\/v2\/posts\/349225\/revisions"}],"wp:featuredmedia":[{"embeddable":true,"href":"https:\/\/www.europesays.com\/fr\/wp-json\/wp\/v2\/media\/349226"}],"wp:attachment":[{"href":"https:\/\/www.europesays.com\/fr\/wp-json\/wp\/v2\/media?parent=349225"}],"wp:term":[{"taxonomy":"category","embeddable":true,"href":"https:\/\/www.europesays.com\/fr\/wp-json\/wp\/v2\/categories?post=349225"},{"taxonomy":"post_tag","embeddable":true,"href":"https:\/\/www.europesays.com\/fr\/wp-json\/wp\/v2\/tags?post=349225"}],"curies":[{"name":"wp","href":"https:\/\/api.w.org\/{rel}","templated":true}]}}