{"id":349227,"date":"2025-08-28T04:53:16","date_gmt":"2025-08-28T04:53:16","guid":{"rendered":"https:\/\/www.europesays.com\/fr\/349227\/"},"modified":"2025-08-28T04:53:16","modified_gmt":"2025-08-28T04:53:16","slug":"montpellier-handball-ne-cache-pas-ses-ambitions-a-la-veille-du-debut-dune-nouvelle-saison-de-starligue","status":"publish","type":"post","link":"https:\/\/www.europesays.com\/fr\/349227\/","title":{"rendered":"Montpellier Handball ne cache pas ses ambitions \u00e0 la veille du d\u00e9but d\u2019une nouvelle saison de Starligue"},"content":{"rendered":"<p>\n                                                                Le MHB attaque une nouvelle saison avec une ambition n\u00e9e de sa victoire en coupe de France. Des recrues d\u2019exp\u00e9rience et un nouveau vice-capitaine doivent lui permettre de viser haut.\n                            <\/p>\n<p>Comme chaque ann\u00e9e, le MHB a fait sa rentr\u00e9e officielle, et cette fois, le pr\u00e9sident Deljarry avait encore plus le sourire que d\u2019habitude. D\u2019abord parce que son club a remport\u00e9 son premier troph\u00e9e depuis 2018, la coupe de France face au Paris SG (36-35 aux tirs au but) en mai\u00a0dernier, le premier de sa pr\u00e9sidence. Mais aussi parce qu\u2019il a s\u00e9curis\u00e9 jusqu\u2019en 2029 le pivot Arthur Lenne dont Erick Math\u00e9 a fait son vice-capitaine (lire par ailleurs). \u00ab\u00a0C\u2019est la belle nouvelle de cette rentr\u00e9e, annonce Julien Deljarry. Arthur s\u2019est \u00e9panoui chez nous, le choix a \u00e9t\u00e9 fait par le coach. Il a un statut grandissant chez nous, sa place dans le vestiaire. Quand je parle de sa place dans le club, je suis heureux et fier d\u2019annoncer que cette place s\u2019\u00e9tend jusqu\u2019en 2029.\u00a0\u00bb<\/p>\n<p>Avec cette prolongation, le MHB annonce donc la couleur. Il va continuer \u00e0 \u00eatre ambitieux sur tous les tableaux. Avec des finances \u00e0 la hauteur de cette ambition, le club 14 fois champion de France annonce vouloir se battre jusqu\u2019au bout pour ramener un nouveau troph\u00e9e. \u00ab\u00a0La saison derni\u00e8re \u00e9tait le d\u00e9marrage d\u2019une nouvelle p\u00e9riode. On a 7 nouveaux joueurs qui arrivent et qui cumulent plus de 50 titres. C\u2019est la premi\u00e8re fois depuis plus de 10 ans qu\u2019on a plus d\u2019exp\u00e9rience que la saison pr\u00e9c\u00e9dente\u00a0\u00bb, glisse le pr\u00e9sident.<\/p>\n<p class=\"std-elt__inline\">\n        <strong>\u00c0 lire aussi :<\/strong><br \/>\n        <a href=\"https:\/\/www.midilibre.fr\/2025\/08\/27\/arthur-lenne-prolonge-son-bail-avec-le-montpellier-handball-jusquen-2029-et-prend-du-galon-sur-le-terrain-12896404.php\" rel=\"nofollow noopener\" target=\"_blank\">Arthur Lenne prolonge son bail avec le Montpellier Handball jusqu\u2019en 2029 et prend du galon sur le terrain<\/a>\n    <\/p>\n<p>e l\u2019exp\u00e9rience, mais pas que\u2026 \u00ab\u00a0Ce sont des joueurs qu\u2019on a recrut\u00e9 parce qu\u2019ils sont en phase avec les valeurs du Montpellier Handball, ils auraient pu sortir de l\u2019Acad\u00e9my, ils ont tous l\u2019\u00e9tat d\u2019esprit, la volont\u00e9 de se battre sur le terrain et de gagner avec le MHB\u00a0\u00bb, se f\u00e9licite Julien Deljarry. \u00ab\u00a0C\u2019est un collectif qui peut nourrir de grandes ambitions, et il en faut. Nous avons \u00e9t\u00e9 3e du championnat pour la deuxi\u00e8me ann\u00e9e d\u2019affil\u00e9e. L\u2019objectif principal c\u2019est qu\u2019il n\u2019y ait pas de troisi\u00e8me fois. C\u2019est que l\u2019on joue le titre jusqu\u2019au bout et qu\u2019on aille chercher la Ligue des Champions.\u00a0\u00bb<\/p>\n<p>\u00ab\u00a0Assumer son statut\u00a0\u00bb<\/p>\n<p>Finaliste de la Ligue Europ\u00e9enne la saison pass\u00e9, Montpellier doit \u00ab\u00a0assumer son statut\u00a0\u00bb\u00a0et entend bien de retourner \u00e0 Hambourg pour le Final 4. \u00ab\u00a0On doit aussi tenter de conserver la coupe de France\u00a0\u00bb, ajoute Julien Deljarry. \u00ab\u00a0On a envie de figurer au plus haut dans toutes les comp\u00e9titions. \u00c7a reste notre ambition forte. On sait que la concurrence est pr\u00e9sente pour d\u00e9crocher des titres. On a un app\u00e9tit fort apr\u00e8s l\u2019ann\u00e9e que l\u2019on vient de vivre d\u2019en gagner d\u2019autres, confirme Erick Math\u00e9, l\u2019entra\u00eeneur montpelli\u00e9rain. Mon pr\u00e9d\u00e9cesseur (Patrice Canayer, NDLR) avait dit qu\u2019il y avait peut-\u00eatre un probl\u00e8me mental, la victoire en Coupe de France, qui plus est contre Paris, a prouv\u00e9 que c\u2019\u00e9tait r\u00e9gl\u00e9. \u00c7a a fait du bien \u00e0 tout le monde\u00a0\u00bb.<\/p>\n<p>    Arena show et Kendji Girac<\/p>\n<p>Si le projet de nouvelle salle n\u2019avance pas, le club doit rencontrer la M\u00e9tropole la semaine prochaine, le MHB n\u2019attend pas pour am\u00e9liorer le spectacle propos\u00e9 ses supporters. Ainsi trois rendez-vous, baptis\u00e9s Arena show sont pr\u00e9vus cette saison. L\u2019id\u00e9e c\u2019est d\u2019organiser deux rencontres d\u2019affil\u00e9e \u00e0 la Sud de France Arena de P\u00e9rols, le tout agr\u00e9ment\u00e9 de spectacle. Le premier de ces rendez-vous aura lieu lors de la venue de Kiel en Ligue Europ\u00e9enne puis de Nantes, les 14 et 17\u00a0octobre prochains. Un concert de Kendji Girac est \u00e9galement pr\u00e9vu apr\u00e8s la rencontre contre les Allemands. Un deuxi\u00e8me Arena show est pr\u00e9vu lors de la venue du Paris SG et de la deuxi\u00e8me phase de coupe d\u2019Europe, en mars. Enfin, un troisi\u00e8me rendez-vous est fix\u00e9 pour une semaine Occitane en juin avec la venue de Toulouse et le dernier match de la saison face \u00e0 N\u00eemes.<\/p>\n<p>En attendant, Montpellier esp\u00e8re ne pas attendre la fin de saison pour d\u00e9crocher un premier titre cette saison. Il pourrait arriver apr\u00e8s 60 minutes d\u2019un combat qui s\u2019annonce, d\u00e9j\u00e0, rude face \u00e0 Paris, samedi, lors du troph\u00e9e des champions.<\/p>\n","protected":false},"excerpt":{"rendered":"Le MHB attaque une nouvelle saison avec une ambition n\u00e9e de sa victoire en coupe de France. Des&hellip;\n","protected":false},"author":2,"featured_media":349228,"comment_status":"","ping_status":"","sticky":false,"template":"","format":"standard","meta":{"footnotes":""},"categories":[9599],"tags":[1111,11,1777,674,1011,27,2208,12,2680,25],"class_list":{"0":"post-349227","1":"post","2":"type-post","3":"status-publish","4":"format-standard","5":"has-post-thumbnail","7":"category-montpellier","8":"tag-actu","9":"tag-actualites","10":"tag-eu","11":"tag-europe","12":"tag-fr","13":"tag-france","14":"tag-montpellier","15":"tag-news","16":"tag-occitanie","17":"tag-republique-francaise"},"share_on_mastodon":{"url":"https:\/\/pubeurope.com\/@fr\/115104605973515382","error":""},"_links":{"self":[{"href":"https:\/\/www.europesays.com\/fr\/wp-json\/wp\/v2\/posts\/349227","targetHints":{"allow":["GET"]}}],"collection":[{"href":"https:\/\/www.europesays.com\/fr\/wp-json\/wp\/v2\/posts"}],"about":[{"href":"https:\/\/www.europesays.com\/fr\/wp-json\/wp\/v2\/types\/post"}],"author":[{"embeddable":true,"href":"https:\/\/www.europesays.com\/fr\/wp-json\/wp\/v2\/users\/2"}],"replies":[{"embeddable":true,"href":"https:\/\/www.europesays.com\/fr\/wp-json\/wp\/v2\/comments?post=349227"}],"version-history":[{"count":0,"href":"https:\/\/www.europesays.com\/fr\/wp-json\/wp\/v2\/posts\/349227\/revisions"}],"wp:featuredmedia":[{"embeddable":true,"href":"https:\/\/www.europesays.com\/fr\/wp-json\/wp\/v2\/media\/349228"}],"wp:attachment":[{"href":"https:\/\/www.europesays.com\/fr\/wp-json\/wp\/v2\/media?parent=349227"}],"wp:term":[{"taxonomy":"category","embeddable":true,"href":"https:\/\/www.europesays.com\/fr\/wp-json\/wp\/v2\/categories?post=349227"},{"taxonomy":"post_tag","embeddable":true,"href":"https:\/\/www.europesays.com\/fr\/wp-json\/wp\/v2\/tags?post=349227"}],"curies":[{"name":"wp","href":"https:\/\/api.w.org\/{rel}","templated":true}]}}