{"id":34923,"date":"2025-04-18T21:13:35","date_gmt":"2025-04-18T21:13:35","guid":{"rendered":"https:\/\/www.europesays.com\/fr\/34923\/"},"modified":"2025-04-18T21:13:35","modified_gmt":"2025-04-18T21:13:35","slug":"basse-goulaine-original-une-chasse-aux-minions-organisee-lundi","status":"publish","type":"post","link":"https:\/\/www.europesays.com\/fr\/34923\/","title":{"rendered":"Basse-Goulaine. Original\u00a0: une chasse aux Minions organis\u00e9e lundi"},"content":{"rendered":"<p>Ce lundi de P\u00e2ques, les Minions d\u00e9barquent \u00e0 Basse-Goulaine\u00a0! L\u2019\u00e9quipe du centre municipal jeunesse a concoct\u00e9 un jeu autour des personnages du film d\u2019animation bien connu des enfants.\u00a0La majorit\u00e9 des Minions a \u00e9t\u00e9 transform\u00e9e en monstres diaboliques. Gru et Lucie auront besoin de l\u2019aide des enfants pour capturer tous les Minions diaboliques dispers\u00e9s dans le Parc de la Grillonnais. Comment les reconna\u00eetre\u00a0? Ils sont violets, ont de longs bras, les cheveux longs et fris\u00e9s, ainsi que des dents longues et tordues.<\/p>\n<p>\u00c0 travers une s\u00e9rie d\u2019animations, les enfants pourront \u00e0 la fois s\u2019amuser et repartir avec des chocolats.<\/p>\n<p>En prenant une boisson chaude ou un jus de fruit, les familles pourront d\u00e9couvrir les projets des jeunes et participer \u00e0 les financer.<\/p>\n<p><strong>Lundi 21\u00a0avril,<\/strong> \u00e0 10\u00a0h, parc de la Grillonnais, pour les enfants de 3 \u00e0 11\u00a0ans, gratuit. Pr\u00e9voir des bottes.<\/p>\n<p>\u00a0<\/p>\n","protected":false},"excerpt":{"rendered":"Ce lundi de P\u00e2ques, les Minions d\u00e9barquent \u00e0 Basse-Goulaine\u00a0! L\u2019\u00e9quipe du centre municipal jeunesse a concoct\u00e9 un jeu&hellip;\n","protected":false},"author":2,"featured_media":34924,"comment_status":"","ping_status":"","sticky":false,"template":"","format":"standard","meta":{"footnotes":""},"categories":[2818],"tags":[1111,11,3266,4183,1777,674,1011,27,9865,11366,766,12,11367,11365,2636,25],"class_list":{"0":"post-34923","1":"post","2":"type-post","3":"status-publish","4":"format-standard","5":"has-post-thumbnail","7":"category-nantes","8":"tag-actu","9":"tag-actualites","10":"tag-basse-goulaine","11":"tag-chasse","12":"tag-eu","13":"tag-europe","14":"tag-fr","15":"tag-france","16":"tag-lundi","17":"tag-minions","18":"tag-nantes","19":"tag-news","20":"tag-organisee","21":"tag-original","22":"tag-pays-de-la-loire","23":"tag-republique-francaise"},"share_on_mastodon":{"url":"https:\/\/pubeurope.com\/@fr\/114361034719352122","error":""},"_links":{"self":[{"href":"https:\/\/www.europesays.com\/fr\/wp-json\/wp\/v2\/posts\/34923","targetHints":{"allow":["GET"]}}],"collection":[{"href":"https:\/\/www.europesays.com\/fr\/wp-json\/wp\/v2\/posts"}],"about":[{"href":"https:\/\/www.europesays.com\/fr\/wp-json\/wp\/v2\/types\/post"}],"author":[{"embeddable":true,"href":"https:\/\/www.europesays.com\/fr\/wp-json\/wp\/v2\/users\/2"}],"replies":[{"embeddable":true,"href":"https:\/\/www.europesays.com\/fr\/wp-json\/wp\/v2\/comments?post=34923"}],"version-history":[{"count":0,"href":"https:\/\/www.europesays.com\/fr\/wp-json\/wp\/v2\/posts\/34923\/revisions"}],"wp:featuredmedia":[{"embeddable":true,"href":"https:\/\/www.europesays.com\/fr\/wp-json\/wp\/v2\/media\/34924"}],"wp:attachment":[{"href":"https:\/\/www.europesays.com\/fr\/wp-json\/wp\/v2\/media?parent=34923"}],"wp:term":[{"taxonomy":"category","embeddable":true,"href":"https:\/\/www.europesays.com\/fr\/wp-json\/wp\/v2\/categories?post=34923"},{"taxonomy":"post_tag","embeddable":true,"href":"https:\/\/www.europesays.com\/fr\/wp-json\/wp\/v2\/tags?post=34923"}],"curies":[{"name":"wp","href":"https:\/\/api.w.org\/{rel}","templated":true}]}}