{"id":349231,"date":"2025-08-28T04:58:11","date_gmt":"2025-08-28T04:58:11","guid":{"rendered":"https:\/\/www.europesays.com\/fr\/349231\/"},"modified":"2025-08-28T04:58:11","modified_gmt":"2025-08-28T04:58:11","slug":"on-sait-enfin-quand-decathlon-va-ouvrir-son-magasin-en-plein-centre-ville-de-rennes","status":"publish","type":"post","link":"https:\/\/www.europesays.com\/fr\/349231\/","title":{"rendered":"On sait enfin quand Decathlon va ouvrir son magasin en plein centre-ville de Rennes"},"content":{"rendered":"<p>C\u2019est une ouverture extr\u00eamement attendue par les Rennais. En juin dernier, Le T\u00e9l\u00e9gramme r\u00e9v\u00e9lait l\u2019arriv\u00e9e prochaine de l\u2019enseigne de sport Decathlon dans le centre-ville de la capitale bretonne.<\/p>\n<p>D\u00e9j\u00e0 pr\u00e9sente en p\u00e9riph\u00e9rie &#8211; comme \u00e0 Betton et Chantepie &#8211; sur des surfaces de plus de 6 000 m2, l\u2019enseigne pr\u00e9f\u00e9r\u00e9e des Fran\u00e7ais mise sur la proximit\u00e9 en ouvrant un magasin au 3 &#8211; 5 rue le Bastard dans l\u2019une des art\u00e8res pi\u00e9tonnes les plus fr\u00e9quent\u00e9es du centre de Rennes.<\/p>\n<p>Ouverture prochaine<\/p>\n<p>Dans cette boutique d\u2019environ 350m2, Decathlon devrait principalement proposer des accessoires de running, d\u2019escalade et de v\u00e9lo. Soit les activit\u00e9s sportives parmi les plus en vogue chez les urbains.<\/p>\n<p>Des travaux ont d\u00e9j\u00e0 d\u00e9but\u00e9 \u00e0 l\u2019int\u00e9rieur du local anciennement occup\u00e9 par Hope, une marque de pr\u00eat-\u00e0-porter pour femmes. Le chantier va durer plusieurs mois. D\u2019apr\u00e8s nos informations, l\u2019ouverture officielle devrait avoir lieu le vendredi 28 novembre 2025 \u00e0 l\u2018occasion du Black Friday.<\/p>\n<p>Contact\u00e9e, la direction de Decathlon n\u2019a pas souhait\u00e9 en dire plus pr\u00e9cisant simplement que le magasin ouvrirait \u00ab en fin d\u2019ann\u00e9e \u00bb.<\/p>\n","protected":false},"excerpt":{"rendered":"C\u2019est une ouverture extr\u00eamement attendue par les Rennais. En juin dernier, Le T\u00e9l\u00e9gramme r\u00e9v\u00e9lait l\u2019arriv\u00e9e prochaine de l\u2019enseigne&hellip;\n","protected":false},"author":2,"featured_media":349232,"comment_status":"","ping_status":"","sticky":false,"template":"","format":"standard","meta":{"footnotes":""},"categories":[2821],"tags":[1111,11,829,2033,1777,674,1011,27,848,12,584,25],"class_list":{"0":"post-349231","1":"post","2":"type-post","3":"status-publish","4":"format-standard","5":"has-post-thumbnail","7":"category-rennes","8":"tag-actu","9":"tag-actualites","10":"tag-bretagne","11":"tag-commerces-a-rennes","12":"tag-eu","13":"tag-europe","14":"tag-fr","15":"tag-france","16":"tag-ille-et-vilaine","17":"tag-news","18":"tag-rennes","19":"tag-republique-francaise"},"share_on_mastodon":{"url":"https:\/\/pubeurope.com\/@fr\/115104625688454185","error":""},"_links":{"self":[{"href":"https:\/\/www.europesays.com\/fr\/wp-json\/wp\/v2\/posts\/349231","targetHints":{"allow":["GET"]}}],"collection":[{"href":"https:\/\/www.europesays.com\/fr\/wp-json\/wp\/v2\/posts"}],"about":[{"href":"https:\/\/www.europesays.com\/fr\/wp-json\/wp\/v2\/types\/post"}],"author":[{"embeddable":true,"href":"https:\/\/www.europesays.com\/fr\/wp-json\/wp\/v2\/users\/2"}],"replies":[{"embeddable":true,"href":"https:\/\/www.europesays.com\/fr\/wp-json\/wp\/v2\/comments?post=349231"}],"version-history":[{"count":0,"href":"https:\/\/www.europesays.com\/fr\/wp-json\/wp\/v2\/posts\/349231\/revisions"}],"wp:featuredmedia":[{"embeddable":true,"href":"https:\/\/www.europesays.com\/fr\/wp-json\/wp\/v2\/media\/349232"}],"wp:attachment":[{"href":"https:\/\/www.europesays.com\/fr\/wp-json\/wp\/v2\/media?parent=349231"}],"wp:term":[{"taxonomy":"category","embeddable":true,"href":"https:\/\/www.europesays.com\/fr\/wp-json\/wp\/v2\/categories?post=349231"},{"taxonomy":"post_tag","embeddable":true,"href":"https:\/\/www.europesays.com\/fr\/wp-json\/wp\/v2\/tags?post=349231"}],"curies":[{"name":"wp","href":"https:\/\/api.w.org\/{rel}","templated":true}]}}