{"id":349233,"date":"2025-08-28T04:59:37","date_gmt":"2025-08-28T04:59:37","guid":{"rendered":"https:\/\/www.europesays.com\/fr\/349233\/"},"modified":"2025-08-28T04:59:37","modified_gmt":"2025-08-28T04:59:37","slug":"une-trottinette-et-un-camion-entrent-en-collision-a-rennes-un-homme-de-53-ans-decede","status":"publish","type":"post","link":"https:\/\/www.europesays.com\/fr\/349233\/","title":{"rendered":"Une trottinette et un camion entrent en collision \u00e0 Rennes\u00a0: un homme de 53\u00a0ans d\u00e9c\u00e8de"},"content":{"rendered":"<tr wp_automatic_readability=\"5.8838709677419\">\n<td valign=\"middle\" align=\"center\" class=\"col-logo\" wp_automatic_readability=\"5\">\n    <img decoding=\"async\" src=\"https:\/\/maville.com\/design\/images\/logo-of-monetise.svg?version=20130627\" alt=\"logo Ouest-France\" height=\"66\"\/><\/p>\n<p>Contenu r\u00e9serv\u00e9 aux abonn\u00e9s<\/p>\n<\/td>\n<td class=\"col-titre\">\n\t\t\tMercredi 27 ao\u00fbt 2025 16:52<br \/>\n\t\t\t<a class=\"icon-bulle sizeL count\" href=\"#ancreAvis\"><br \/>\n\t&#8230;<br \/>\n<\/a><\/td>\n<\/tr>\n<p>\t\t<a class=\"mavillebox2 elmt-photo\" href=\"https:\/\/maville.com\/photosmvi\/2025\/08\/27\/P35426606D6948862G.jpg\" title=\" L\u2019accident mortel a eu lieu mercredi 27\u00a0ao\u00fbt 2025 peu apr\u00e8s 15\u00a0h\u00a030. Une trottinette et un camion sont entr\u00e9s en collision au niveau du boulevard de l\u2019Yser.  \u00a9  Ouest-France  &lt;!--TAG-BLC credit--&gt;\" rel=\"galerie_actu noopener\" target=\"_blank\"><br \/>\n\t<img decoding=\"async\" src=\"https:\/\/www.europesays.com\/fr\/wp-content\/uploads\/2025\/08\/P35426606D6948862G_crop_640-330_.jpg\" alt=\"photo  l\u2019accident mortel a eu lieu mercredi 27\u00a0ao\u00fbt 2025 peu apr\u00e8s 15\u00a0h\u00a030. une trottinette et un camion sont entr\u00e9s en collision au niveau du boulevard de l\u2019yser.  \u00a9  ouest-france \"\/><br \/>\n\t1<br \/>\n<\/a><\/p>\n<p class=\"elmt-legende\"> L\u2019accident mortel a eu lieu mercredi 27\u00a0ao\u00fbt 2025 peu apr\u00e8s 15\u00a0h\u00a030. Une trottinette et un camion sont entr\u00e9s en collision au niveau du boulevard de l\u2019Yser.  \u00a9  Ouest-France  <\/p>\n<p>\t\tL\u2019accident mortel a eu lieu mercredi 27\u00a0ao\u00fbt 2025 peu apr\u00e8s 15\u00a0h\u00a030. Une trottinette et un camion sont entr\u00e9s en collision au niveau du boulevard de l\u2019Yser \u00e0 Rennes (Ille-et-Vilaine). L\u2019homme sur l\u2019engin \u00e0 deux roues est d\u00e9c\u00e9d\u00e9 sur le coup.<\/p>\n<p><b>Cet article est r\u00e9serv\u00e9 aux abonn\u00e9s<\/b><\/p>\n<p>Pour un acc\u00e8s imm\u00e9diat, abonnez-vous<\/p>\n<p><b>1\u00e8re semaine offerte<\/b><\/p>\n<p>\t\t Samuel NOHRA et Anthony CHAUD. \u00a0\u00a0<br \/>\n\t\tOuest-France<\/p>\n<p>Retrouvez d&rsquo;autres actus sur la commune de :<\/p>\n<p>\t\t&#13;<\/p>\n","protected":false},"excerpt":{"rendered":"Contenu r\u00e9serv\u00e9 aux abonn\u00e9s Mercredi 27 ao\u00fbt 2025 16:52 &#8230; 1 L\u2019accident mortel a eu lieu mercredi 27\u00a0ao\u00fbt&hellip;\n","protected":false},"author":2,"featured_media":349234,"comment_status":"","ping_status":"","sticky":false,"template":"","format":"standard","meta":{"footnotes":""},"categories":[2821],"tags":[38443,1111,11,1438,1764,829,660,4504,1762,38434,1777,674,1011,27,4933,12,584,25,15740],"class_list":{"0":"post-349233","1":"post","2":"type-post","3":"status-publish","4":"format-standard","5":"has-post-thumbnail","7":"category-rennes","8":"tag-38443","9":"tag-actu","10":"tag-actualites","11":"tag-angers","12":"tag-ans","13":"tag-bretagne","14":"tag-camion","15":"tag-collision","16":"tag-decede","17":"tag-entrent","18":"tag-eu","19":"tag-europe","20":"tag-fr","21":"tag-france","22":"tag-homme","23":"tag-news","24":"tag-rennes","25":"tag-republique-francaise","26":"tag-trottinette"},"share_on_mastodon":{"url":"https:\/\/pubeurope.com\/@fr\/115104629778991517","error":""},"_links":{"self":[{"href":"https:\/\/www.europesays.com\/fr\/wp-json\/wp\/v2\/posts\/349233","targetHints":{"allow":["GET"]}}],"collection":[{"href":"https:\/\/www.europesays.com\/fr\/wp-json\/wp\/v2\/posts"}],"about":[{"href":"https:\/\/www.europesays.com\/fr\/wp-json\/wp\/v2\/types\/post"}],"author":[{"embeddable":true,"href":"https:\/\/www.europesays.com\/fr\/wp-json\/wp\/v2\/users\/2"}],"replies":[{"embeddable":true,"href":"https:\/\/www.europesays.com\/fr\/wp-json\/wp\/v2\/comments?post=349233"}],"version-history":[{"count":0,"href":"https:\/\/www.europesays.com\/fr\/wp-json\/wp\/v2\/posts\/349233\/revisions"}],"wp:featuredmedia":[{"embeddable":true,"href":"https:\/\/www.europesays.com\/fr\/wp-json\/wp\/v2\/media\/349234"}],"wp:attachment":[{"href":"https:\/\/www.europesays.com\/fr\/wp-json\/wp\/v2\/media?parent=349233"}],"wp:term":[{"taxonomy":"category","embeddable":true,"href":"https:\/\/www.europesays.com\/fr\/wp-json\/wp\/v2\/categories?post=349233"},{"taxonomy":"post_tag","embeddable":true,"href":"https:\/\/www.europesays.com\/fr\/wp-json\/wp\/v2\/tags?post=349233"}],"curies":[{"name":"wp","href":"https:\/\/api.w.org\/{rel}","templated":true}]}}