{"id":349235,"date":"2025-08-28T05:00:12","date_gmt":"2025-08-28T05:00:12","guid":{"rendered":"https:\/\/www.europesays.com\/fr\/349235\/"},"modified":"2025-08-28T05:00:12","modified_gmt":"2025-08-28T05:00:12","slug":"strasbourg-la-ville-lance-un-reseau-de-lieux-refuges-pour-les-victimes-de-violences-sexistes-et-sexuelles","status":"publish","type":"post","link":"https:\/\/www.europesays.com\/fr\/349235\/","title":{"rendered":"Strasbourg. La Ville lance un r\u00e9seau de lieux refuges pour les victimes de violences sexistes et sexuelles"},"content":{"rendered":"<p>\u00ab\u00a0L\u2019objectif \u00e0 terme est d\u2019avoir un agent form\u00e9 \u00e0 accompagner <a href=\"https:\/\/www.dna.fr\/politique\/2025\/06\/27\/droits-des-femmes-et-egalite-de-genre-la-ville-presente-son-4e-plan-d-action\" target=\"_blank\" rel=\"nofollow noopener\">les victimes de violences sexistes et sexuelles (VSS)<\/a> dans chaque lieu public de Strasbourg\u00a0\u00bb, ambitionne Nadia Zourgui, \u00e9lue municipale charg\u00e9e de la tranquillit\u00e9 publique.<\/p>\n<p>Pour l\u2019heure, la Ville veut lancer son premier r\u00e9seau de lieux refuges d\u2019ici la fin 2025. L\u2019objectif est de trouver dans les toilettes publiques, l\u2019accueil du centre administratif, les mus\u00e9es et autres m\u00e9diath\u00e8ques au moins une personne habilit\u00e9e \u00e0 accueillir les victimes de VSS.<\/p>\n<p>Parce que comme le rappelle l\u2019\u00e9lue\u00a0: \u00ab\u00a0Ces violences ne se manifestent pas qu\u2019en pleine nuit \u00e0 l\u2019abri des regards mais aussi dans l\u2019espace public au milieu des usagers.\u00a0\u00bb<\/p>\n<p>Ce contenu est bloqu\u00e9 car vous n&rsquo;avez pas accept\u00e9 les cookies et autres traceurs.<\/p>\n<p>En cliquant sur \u00ab J\u2019accepte \u00bb, les cookies et autres traceurs seront d\u00e9pos\u00e9s et vous pourrez visualiser les contenus  (<a href=\"\" class=\"consentModule_policy\" target=\"_blank\" title=\"Consulter la politique de protection des donn\u00e9es du fournisseur\">plus d&rsquo;informations<\/a>).<\/p>\n<p>En cliquant sur \u00ab J\u2019accepte tous les cookies \u00bb, vous autorisez des d\u00e9p\u00f4ts de cookies et autres traceurs pour le stockage de vos donn\u00e9es sur nos sites et applications \u00e0 des fins de personnalisation et de ciblage publicitaire.<\/p>\n<p class=\"consentModule_secondaryText\">Vous gardez la possibilit\u00e9 de retirer votre consentement \u00e0 tout moment en consultant notre <a href=\"https:\/\/www.dna.fr\/protection-des-donnees\" target=\"_blank\" title=\"Consulter notre politique de protection des donn\u00e9es\" rel=\"nofollow noopener\">politique de protection des donn\u00e9es<\/a>. <br \/>&#13;<br \/>\n            <a href=\"https:\/\/www.dna.fr\/faits-divers-justice\/2025\/08\/28\/javascript:Didomi.notice.show()\" class=\"consentModule_cmp\" rel=\"nofollow noopener\" target=\"_blank\">G\u00e9rer mes choix<\/a>&#13;\n        <\/p>\n<p>&#13;<br \/>\n                        J&rsquo;accepte&#13;<br \/>\n            J&rsquo;accepte tous les cookies&#13;\n        <\/p>\n<p>  Dix-huit agents volontaires\u00a0de 10 directions de la Ville form\u00e9s<\/p>\n<p>Pour l\u2019instant, 18 agents volontaires de 10 directions diff\u00e9rentes de la Ville ont \u00e9t\u00e9 form\u00e9s par <a href=\"https:\/\/www.dna.fr\/societe\/2025\/04\/19\/cidff-50-ans-d-engagement-pour-les-droits-des-femmes\" target=\"_blank\" rel=\"nofollow noopener\">le Centre d\u2019information sur les droits des femmes et des familles du Bas-Rhin (CIDFF 67)<\/a>. Sa directrice, Anne Matteoli pr\u00e9cise que \u00ab\u00a0l\u2019ensemble des agents de la Police municipale sont form\u00e9s depuis 2024\u00a0\u00bb.<\/p>\n<p>C\u00e9line, l\u2019une d\u2019elles, ajoute\u00a0: \u00ab\u00a0Nous r\u00e9agissons d\u00e9sormais mieux face aux victimes et nous pouvons aussi faire dans la pr\u00e9vention, notamment dans les manifestations \u00e9tudiantes.\u00a0\u00bb Les lieux refuges seront identifi\u00e9s par des logos et des visuels d\u00e9voil\u00e9s prochainement.<\/p>\n","protected":false},"excerpt":{"rendered":"\u00ab\u00a0L\u2019objectif \u00e0 terme est d\u2019avoir un agent form\u00e9 \u00e0 accompagner les victimes de violences sexistes et sexuelles (VSS)&hellip;\n","protected":false},"author":2,"featured_media":349236,"comment_status":"","ping_status":"","sticky":false,"template":"","format":"standard","meta":{"footnotes":""},"categories":[2820],"tags":[1111,11,2880,1777,674,274,107,1011,27,775,12,25,104,640,2879,1631],"class_list":{"0":"post-349235","1":"post","2":"type-post","3":"status-publish","4":"format-standard","5":"has-post-thumbnail","7":"category-strasbourg","8":"tag-actu","9":"tag-actualites","10":"tag-edition-strasbourg","11":"tag-eu","12":"tag-europe","13":"tag-faits-divers-justice","14":"tag-fil-info","15":"tag-fr","16":"tag-france","17":"tag-grand-est","18":"tag-news","19":"tag-republique-francaise","20":"tag-societe","21":"tag-strasbourg","22":"tag-strasbourg-ville","23":"tag-vie-associative"},"share_on_mastodon":{"url":"https:\/\/pubeurope.com\/@fr\/115104633668739627","error":""},"_links":{"self":[{"href":"https:\/\/www.europesays.com\/fr\/wp-json\/wp\/v2\/posts\/349235","targetHints":{"allow":["GET"]}}],"collection":[{"href":"https:\/\/www.europesays.com\/fr\/wp-json\/wp\/v2\/posts"}],"about":[{"href":"https:\/\/www.europesays.com\/fr\/wp-json\/wp\/v2\/types\/post"}],"author":[{"embeddable":true,"href":"https:\/\/www.europesays.com\/fr\/wp-json\/wp\/v2\/users\/2"}],"replies":[{"embeddable":true,"href":"https:\/\/www.europesays.com\/fr\/wp-json\/wp\/v2\/comments?post=349235"}],"version-history":[{"count":0,"href":"https:\/\/www.europesays.com\/fr\/wp-json\/wp\/v2\/posts\/349235\/revisions"}],"wp:featuredmedia":[{"embeddable":true,"href":"https:\/\/www.europesays.com\/fr\/wp-json\/wp\/v2\/media\/349236"}],"wp:attachment":[{"href":"https:\/\/www.europesays.com\/fr\/wp-json\/wp\/v2\/media?parent=349235"}],"wp:term":[{"taxonomy":"category","embeddable":true,"href":"https:\/\/www.europesays.com\/fr\/wp-json\/wp\/v2\/categories?post=349235"},{"taxonomy":"post_tag","embeddable":true,"href":"https:\/\/www.europesays.com\/fr\/wp-json\/wp\/v2\/tags?post=349235"}],"curies":[{"name":"wp","href":"https:\/\/api.w.org\/{rel}","templated":true}]}}