{"id":349240,"date":"2025-08-28T05:03:12","date_gmt":"2025-08-28T05:03:12","guid":{"rendered":"https:\/\/www.europesays.com\/fr\/349240\/"},"modified":"2025-08-28T05:03:12","modified_gmt":"2025-08-28T05:03:12","slug":"ca-fait-plus-de-dix-ans-que-nous-attendions-ce-moment-le-complexe-sportif-est-enfin-sur-le-toit-du-super-u-a-nice","status":"publish","type":"post","link":"https:\/\/www.europesays.com\/fr\/349240\/","title":{"rendered":"\u00ab\u00a0\u00c7a fait plus de dix ans que nous attendions ce moment\u00a0\u00bb, le complexe sportif est (enfin) sur le toit du Super U \u00e0 Nice"},"content":{"rendered":"<p>\u00ab\u00a0\u00c7a fait plus de dix ans que nous attendions ce moment\u00a0\u00bb, sourit Gilles Caleo, pr\u00e9sident du comit\u00e9 de quartier Caucade-Sainte-Marguerite, en d\u00e9couvrant, mercredi 27 ao\u00fbt, le plateau sportif flambant neuf.<\/p>\n<p>Un site tr\u00e8s attendu perch\u00e9 au-dessus du nouveau Super U du boulevard Napol\u00e9on III \u00e0 Nice ouest. Ce magasin de 2.200m\u00b2 remplace le U Express de Sainte-Marguerite, apr\u00e8s plus de 20 ans de service. \u00c0 la place y sera construit un magasin de bricolage Weldom d\u2019ici mars 2026.<\/p>\n<p>Ici, les terrains de sport seront ouverts tous les jours de 8 heures \u00e0 22 heures avec des \u00e9clairages pour continuer la pratique en soir\u00e9e.<\/p>\n<p>\u00ab\u00a0On a tout \u00e0 domicile\u00a0\u00bb<\/p>\n<p>Mercredi matin, les habitants sont venus en nombre pour cette inauguration XXL. A seize m\u00e8tres de hauteur, la surprise est de taille: un terrain de hand et de basket, une piste d\u2019athl\u00e9tisme, une centaine de places en gradins, des vestiaires et des locaux pour le club de l\u2019ASBTP. Le tout avec une vue d\u00e9gag\u00e9e sur les collines.<\/p>\n<p>La d\u00e9molition de l\u2019ancien stade avait suscit\u00e9 bien des inqui\u00e9tudes. Dans le quartier, on craignait de voir dispara\u00eetre un espace de sport de proximit\u00e9. Finalement, le terrain est l\u00e0, suspendu au-dessus du b\u00e9ton.<\/p>\n<p>\u00ab\u00a0C\u2019est le premier comme \u00e7a que je vois \u00e0 Nice\u00a0\u00bb, s\u2019\u00e9tonne Ruben, 19 ans. \u00ab\u00a0Et en plus il est couvert, donc on pourra jouer m\u00eame quand il pleut.\u00a0\u00bb Ingrid riveraine de 30 ans se r\u00e9jouit: \u00ab\u00a0On a tout \u00e0 domicile maintenant, entre le stade et le U.\u00a0\u00bb Pour Francky, ce sera surtout l\u2019occasion de faire du footing, lui qui n\u2019allait pas sur l\u2019ancien complexe, souvent occup\u00e9 par des jeunes.<\/p>\n<p>Les regards se croisent, mi-\u00e9tonn\u00e9s, mi-rassur\u00e9s. Beaucoup filment la sc\u00e8ne. L\u2019air sent encore la pluie sur le sol neuf, mais les ballons de handball r\u00e9sonnent d\u00e9j\u00e0.<\/p>\n<p>Un projet \u00ab\u00a0pr\u00e9curseur\u00a0\u00bb<\/p>\n<p>Au-dessus du terrain de basket, des panneaux photovolta\u00efques brilleront bient\u00f4t au soleil. Ils permettront de couvrir 15% de la consommation du magasin U. \u00ab\u00a0Pr\u00e9curseur\u00a0\u00bb, insiste la mairie, qui revendique un projet \u00e0 la fois sportif et \u00e9cologique.<\/p>\n<p>Le maire de Nice, Christian Estrosi a martel\u00e9, ce mercredi: \u00ab\u00a0Remplacer un terrain totalement d\u00e9suet par un \u00e9quipement qui r\u00e9pond \u00e0 la demande, c\u2019est un projet d\u2019int\u00e9r\u00eat g\u00e9n\u00e9ral.\u00a0\u00bb<\/p>\n<p>L\u2019ancien complexe, surnomm\u00e9 \u00ab\u00a0la chaussette de Caucade\u00a0\u00bb pour son allure disgracieuse, appartient d\u00e9sormais au pass\u00e9. \u00ab\u00a0Franchement, je ne m\u2019attendais pas \u00e0 une installation aussi propre\u00a0\u00bb, r\u00e9agit Ferdinand, 24 ans, pr\u00e9parateur physique arriv\u00e9 r\u00e9cemment de Besan\u00e7on. \u00ab\u00a0Pouvoir jouer au handball \u00e0 l\u2019ext\u00e9rieur, avec cette vue, c\u2019est vraiment sympa.\u00a0\u00bb<\/p>\n<p>Des acc\u00e8s plus encadr\u00e9s<\/p>\n<p>L\u2019acc\u00e8s sera plus r\u00e9glement\u00e9 qu\u2019autrefois. \u00ab\u00a0Avant, m\u00eame quand c\u2019\u00e9tait ferm\u00e9, les jeunes passaient par le grillage. Maintenant, ce n\u2019est plus possible\u00a0\u00bb, regrette Marie-Denise, grand-m\u00e8re du quartier. Le pr\u00e9sident de l\u2019ASBTP, Franck Nemour, se veut rassurant: \u00ab\u00a0C\u2019est un superbe plateau sportif. On va surtout en profiter pour d\u00e9velopper des activit\u00e9s p\u00e9riscolaires avec les \u00e9coles des alentours.\u00a0\u00bb<\/p>\n<p>Reste la question de l\u2019usage. Le terrain de handball pourra se transformer en terrain de football lorsque les clubs ne l\u2019occupent pas. Mais certains redoutent d\u00e9j\u00e0 une usure pr\u00e9matur\u00e9e.<\/p>\n<p>\u00ab\u00a0Les filets sont assez fragiles, j\u2019esp\u00e8re que chacun fera attention pour ne pas qu\u2019il se retrouve trou\u00e9 au bout de trois semaines\u00a0\u00bb, s\u2019interroge \u00c9ric. Un spectacle que suivront de pr\u00e8s de nombreux r\u00e9sidents, partag\u00e9s entre enthousiasme et vigilance.<\/p>\n<p>L\u2019\u00e9pilogue d\u2019un \u00e9pineux dossier<\/p>\n<p>Permis de construire attaqu\u00e9 (un recours du concurrent Casino avait \u00e9t\u00e9 d\u00e9pos\u00e9), collectif de riverains qui avait lanc\u00e9 des p\u00e9titions, organis\u00e9 des manifestations&#8230; Ce complexe sportif a \u00e9t\u00e9, longtemps, un dossier hautement inflammable.<\/p>\n","protected":false},"excerpt":{"rendered":"\u00ab\u00a0\u00c7a fait plus de dix ans que nous attendions ce moment\u00a0\u00bb, sourit Gilles Caleo, pr\u00e9sident du comit\u00e9 de&hellip;\n","protected":false},"author":2,"featured_media":349241,"comment_status":"","ping_status":"","sticky":false,"template":"","format":"standard","meta":{"footnotes":""},"categories":[2819],"tags":[1111,11,1777,674,1011,27,12,2401,882,25,60],"class_list":{"0":"post-349240","1":"post","2":"type-post","3":"status-publish","4":"format-standard","5":"has-post-thumbnail","7":"category-nice","8":"tag-actu","9":"tag-actualites","10":"tag-eu","11":"tag-europe","12":"tag-fr","13":"tag-france","14":"tag-news","15":"tag-nice","16":"tag-provence-alpes-cote-dazur","17":"tag-republique-francaise","18":"tag-sports"},"share_on_mastodon":{"url":"https:\/\/pubeurope.com\/@fr\/115104645314161408","error":""},"_links":{"self":[{"href":"https:\/\/www.europesays.com\/fr\/wp-json\/wp\/v2\/posts\/349240","targetHints":{"allow":["GET"]}}],"collection":[{"href":"https:\/\/www.europesays.com\/fr\/wp-json\/wp\/v2\/posts"}],"about":[{"href":"https:\/\/www.europesays.com\/fr\/wp-json\/wp\/v2\/types\/post"}],"author":[{"embeddable":true,"href":"https:\/\/www.europesays.com\/fr\/wp-json\/wp\/v2\/users\/2"}],"replies":[{"embeddable":true,"href":"https:\/\/www.europesays.com\/fr\/wp-json\/wp\/v2\/comments?post=349240"}],"version-history":[{"count":0,"href":"https:\/\/www.europesays.com\/fr\/wp-json\/wp\/v2\/posts\/349240\/revisions"}],"wp:featuredmedia":[{"embeddable":true,"href":"https:\/\/www.europesays.com\/fr\/wp-json\/wp\/v2\/media\/349241"}],"wp:attachment":[{"href":"https:\/\/www.europesays.com\/fr\/wp-json\/wp\/v2\/media?parent=349240"}],"wp:term":[{"taxonomy":"category","embeddable":true,"href":"https:\/\/www.europesays.com\/fr\/wp-json\/wp\/v2\/categories?post=349240"},{"taxonomy":"post_tag","embeddable":true,"href":"https:\/\/www.europesays.com\/fr\/wp-json\/wp\/v2\/tags?post=349240"}],"curies":[{"name":"wp","href":"https:\/\/api.w.org\/{rel}","templated":true}]}}